{"id":8555,"date":"2024-09-19T19:08:27","date_gmt":"2024-09-19T17:08:27","guid":{"rendered":"https:\/\/serbenidorm.daliisolutions.com\/index.php\/2024\/09\/19\/hector-alvarez-tendra-un-equipazo-a-su-disposicion-en-el-mundial\/"},"modified":"2024-09-19T19:08:27","modified_gmt":"2024-09-19T17:08:27","slug":"hector-alvarez-tendra-un-equipazo-a-su-disposicion-en-el-mundial","status":"publish","type":"post","link":"https:\/\/serbenidorm.daliisolutions.com\/index.php\/2024\/09\/19\/hector-alvarez-tendra-un-equipazo-a-su-disposicion-en-el-mundial\/","title":{"rendered":"H\u00e9ctor \u00c1lvarez tendr\u00e1 un equipazo a su disposici\u00f3n en el Mundial"},"content":{"rendered":"  <p>Benidorm<\/p>   <p>Apenas una semana despu\u00e9s de haber conseguido <a href=\"https:\/\/cadenaser.com\/comunitat-valenciana\/2024\/09\/14\/hector-alvarez-subcampeon-de-europa-de-ciclismo-radio-benidorm\/\">el subcampeonato de Europa de fondo en carretera en la localidad belga de Hasselt<\/a>, el alfasino H\u00e9ctor \u00c1lvarez cuenta ya las horas para partir hacia Z\u00farich (Suiza), donde la pr\u00f3xima semana se disputa el mundial de ciclismo en el que su nombre aparece en todas las quinielas como aspirante a medalla en la categor\u00eda J\u00fanior.<\/p>   <p>Como ya sucediera en la cita continental, H\u00e9ctor \u00c1lvarez har\u00e1 doblete disputando la prueba contrarreloj individual as\u00ed como la de fondo en carretera. Si en la primera de ellas su rendimiento es toda una inc\u00f3gnita, <a href=\"https:\/\/cadenaser.com\/comunitat-valenciana\/2024\/09\/11\/hector-alvarez-brilla-en-el-europeo-de-cri-con-un-fenomenal-top10-radio-benidorm\/\">m\u00e1xime teniendo en cuenta el buen papel de la pasada semana en B\u00e9lgica<\/a>; es en la segunda de ellas donde las expectativas est\u00e1n disparadas.<\/p>   <p>El seleccionador nacional de la categor\u00eda, Manuel Mateo, ha reunido un aut\u00e9ntico equipazo para rodear a H\u00e9ctor \u00c1lvarez en las que ser\u00e1n sus dos \u00faltimas carreras como J\u00fanior antes de dar el salto al equipo de desarrollo del Lidl-Trek la pr\u00f3xima temporada.<\/p>   <p>Gracias a los resultados de \u00c1lvarez, el combinado nacional J\u00fanior ha vivido en 2024 una de sus mejores temporadas hist\u00f3ricas, con el equipo nacional sobresaliendo en cada una de las Copas de las Naciones disputadas, adem\u00e1s de haber cosechado el ya mencionado subcampeonato europeo por medio de un soberbio Apenas una semana despu\u00e9s de haber conseguido <a href=\"https:\/\/cadenaser.com\/comunitat-valenciana\/2024\/09\/14\/hector-alvarez-subcampeon-de-europa-de-ciclismo-radio-benidorm\/\">el subcampeonato de Europa de fondo en carretera en la localidad belga de Hasselt<\/a>, el alfasino H\u00e9ctor \u00c1lvarez cuenta ya las horas para partir hacia Z\u00farich (Suiza), donde la pr\u00f3xima semana se disputa el mundial de ciclismo en el que su nombre aparece en todas las quinielas como aspirante a medalla en la categor\u00eda J\u00fanior.<\/p>   <p>Como ya sucediera en la cita continental, H\u00e9ctor \u00c1lvarez har\u00e1 doblete disputando la prueba contrarreloj individual as\u00ed como la de fondo en carretera. Si en la primera de ellas su rendimiento es toda una inc\u00f3gnita, <a href=\"https:\/\/cadenaser.com\/comunitat-valenciana\/2024\/09\/11\/hector-alvarez-brilla-en-el-europeo-de-cri-con-un-fenomenal-top10-radio-benidorm\/\">m\u00e1xime teniendo en cuenta el buen papel de la pasada semana en B\u00e9lgica<\/a>; es en la segunda de ellas donde las expectativas est\u00e1n disparadas.<\/p>   <p>     .c-w{         max-width:444px;         width:100%;         margin:16px auto;      background:#00755E;         border-radius:4px;         display:flex;         align-items:center;         justify-content:center;     }     .c-w a{         display:flex;         align-items:center;         justify-content:center;         padding:4px 24px;     }     .c-w img{         width:24px;         margin-right:12px;     }     .c-w p{         font:18px\/25px Poppins;         text-align:center;         color:#fff;         margin:0;     }     @media (max-width:444px){         .c-w a{             padding:4px 12px;         }         .c-w img{             width:24px;             margin-right:8px;         }         .c-w p{             font:14px\/25px Poppins;         }     }     @media (max-width:335px){         .c-w p{             font:13px\/25px Poppins;         }     }  <div class=\"c-w\">     <a href=\"https:\/\/www.whatsapp.com\/channel\/0029Va633PF9WtC4l7XUzh1e\" target=\"_blank\" rel=\"noopener\">         <img decoding=\"async\" src=\"https:\/\/cadenaser.com\/estaticos\/recursosgraficos\/responsive\/img\/ico-whatsapp.svg\" alt=\"Whatsapp\">         <p>\u00danete al <b>canal de WhatsApp<\/b> de la SER<\/p>     <\/a> <\/div><\/p>   <p>El seleccionador nacional de la categor\u00eda, Manuel Mateo, ha reunido un aut\u00e9ntico equipazo para rodear a <a href=\"https:\/\/prisaradio-prisaradio-prod.cdn.arcpublishing.com\/tag\/hector_alvarez_martinez\/a\/\" rel=\"nofollow noopener\" target=\"_blank\">H\u00e9ctor \u00c1lvarez<\/a> en las que ser\u00e1n sus dos \u00faltimas carreras como J\u00fanior antes de dar el salto al equipo de desarrollo del Lidl-Trek la pr\u00f3xima temporada.<\/p>   <p>Gracias a los resultados de \u00c1lvarez, el combinado nacional J\u00fanior ha vivido en 2024 una de sus mejores temporadas hist\u00f3ricas, con el equipo nacional sobresaliendo en cada una de las Copas de las Naciones disputadas, adem\u00e1s de haber cosechado el ya mencionado subcampeonato europeo por medio de un soberbio <a href=\"https:\/\/prisaradio-prisaradio-prod.cdn.arcpublishing.com\/tag\/hector_alvarez_martinez\/a\/\" rel=\"nofollow noopener\" target=\"_blank\">H\u00e9ctor \u00c1lvarez<\/a>.<\/p>   <p>Esa circunstancia jugar\u00e1, al menos de salida, en contra de Espa\u00f1a en el mundial ya que obligar\u00e1 a los de Mateo a asumir buena parte del peso de la prueba, algo que ya qued\u00f3 sobradamente demostrando en B\u00e9lgica, cuando la Selecci\u00f3n se tuvo que emplear a fondo para controlar el pelot\u00f3n en los primeros compases de la carrera por el t\u00edtulo europeo.<\/p>  <p><p>M\u00e1s informaci\u00f3n<\/p><figure><img loading=\"lazy\" decoding=\"async\" src=\"https:\/\/cadenaser.com\/resizer\/v2\/WC7GXTB7AZD2PGWSWP3AT7TTW4.JPG?auth=04579c1185af0e90c3cf76e469f812947dc0f4b94c480f4d52070fbae6438825&amp;quality=70&amp;width=360&amp;height=202&amp;smart=true\" width=\"820\" height=\"621\" \/><\/figure><ul><li><a href=\"https:\/\/prisaradio-prisaradio-prod.cdn.arcpublishing.com\/tag\/hector_alvarez_martinez\/a\/\"><span>Todas las noticias de H\u00e9ctor \u00c1lvarez<\/span><\/a><\/li><\/ul><\/p>   <p>El debut competitivo de \u00c1lvarez en la pelea por el maillot arco\u00edris llegar\u00e1 el pr\u00f3ximo lunes, d\u00eda 23 de septiembre, con la prueba de contrarreloj individual, donde Espa\u00f1a tambi\u00e9n alinear\u00e1 a Adri\u00e0 Pericas. Ser\u00e1 una crono de manual, sobre un recorrido de 25 kil\u00f3metros completamente llanos que, por lo tanto, parecen ideales para los grandes especialistas.<\/p>   <p>Para la prueba de fondo en carretera habr\u00e1 que esperar tres d\u00edas m\u00e1s, hasta el jueves. Ah\u00ed, junto a H\u00e9ctor \u00c1lvarez, Espa\u00f1a formar\u00e1 con Adri\u00e0 Pericas, Marc Zafra, Javier Cubillas y Quique Maranch\u00f3n.<\/p>   <p>La salida est\u00e1 prevista para las 14:15 horas y, desde ese momento, los corredores afrontar\u00e1n una primera vuelta al circuito inicial con la subida a Binz (4,6 kil\u00f3metros al 4,5%) y tres vueltas al circuito final con los escollos de Z\u00fcrichbergstrasse (1,1 kil\u00f3metros al 8% y m\u00e1ximas del 15%) y Witikon (2,3 kil\u00f3metros al 5&#8217;7% y m\u00e1ximas del 9%) hasta completar los 127 kil\u00f3metros que sumar\u00e1n 2.000 metros de desnivel positivo acumulado para una cita de extrema dureza..<\/p>   <p>Esa circunstancia jugar\u00e1, al menos de salida, en contra de Espa\u00f1a en el mundial ya que obligar\u00e1 a los de Mateo a asumir buena parte del peso de la prueba, algo que ya qued\u00f3 sobradamente demostrando en B\u00e9lgica, cuando la Selecci\u00f3n se tuvo que emplear a fondo para controlar el pelot\u00f3n en los primeros compases de la carrera por el t\u00edtulo europeo.<\/p>   <p>El debut competitivo de \u00c1lvarez en la pelea por el maillot arco\u00edris llegar\u00e1 el pr\u00f3ximo lunes, d\u00eda 23 de septiembre, con la prueba de contrarreloj individual, donde Espa\u00f1a tambi\u00e9n alinear\u00e1 a Adri\u00e0 Pericas. Ser\u00e1 una crono de manual, sobre un recorrido de 25 kil\u00f3metros completamente llanos que, por lo tanto, parecen ideales para los grandes especialistas.<\/p>   <p>Para la prueba de fondo en carretera habr\u00e1 que esperar tres d\u00edas m\u00e1s, hasta el jueves. Ah\u00ed, junto a H\u00e9ctor \u00c1lvarez, Espa\u00f1a formar\u00e1 con Adri\u00e0 Pericas, Marc Zafra, Javier Cubillas y Quique Maranch\u00f3n.<\/p>   <p>La salida est\u00e1 prevista para las 14:15 horas y, desde ese momento, los corredores afrontar\u00e1n una primera vuelta al circuito inicial con la subida a Binz (4,6 kil\u00f3metros al 4,5%) y tres vueltas al circuito final con los escollos de Z\u00fcrichbergstrasse (1,1 kil\u00f3metros al 8% y m\u00e1ximas del 15%) y Witikon (2,3 kil\u00f3metros al 5&#8217;7% y m\u00e1ximas del 9%) hasta completar los 127 kil\u00f3metros que sumar\u00e1n 2.000 metros de desnivel positivo acumulado para una cita de extrema dureza.<\/p> ","protected":false},"excerpt":{"rendered":"<p>El ciclista de l\u2019Alf\u00e0s del Pi cerrar\u00e1 su etapa como J\u00fanior disputando las pruebas de contrarreloj y fondo en carretera<\/p>\n","protected":false},"author":0,"featured_media":8556,"comment_status":"open","ping_status":"open","sticky":false,"template":"","format":"standard","meta":{"_acf_changed":false,"footnotes":""},"categories":[16],"tags":[],"class_list":["post-8555","post","type-post","status-publish","format-standard","has-post-thumbnail","hentry","category-deportes"],"acf":{"ser_id":"WOFHE6SVP5FU3PTIW4ZMY6WRQY","ser_url":"https:\/\/cadenaser.com\/comunitat-valenciana\/2024\/09\/19\/hector-alvarez-tendra-un-equipazo-a-su-disposicion-el-mundial-radio-benidorm\/"},"_links":{"self":[{"href":"https:\/\/serbenidorm.daliisolutions.com\/index.php\/wp-json\/wp\/v2\/posts\/8555","targetHints":{"allow":["GET"]}}],"collection":[{"href":"https:\/\/serbenidorm.daliisolutions.com\/index.php\/wp-json\/wp\/v2\/posts"}],"about":[{"href":"https:\/\/serbenidorm.daliisolutions.com\/index.php\/wp-json\/wp\/v2\/types\/post"}],"replies":[{"embeddable":true,"href":"https:\/\/serbenidorm.daliisolutions.com\/index.php\/wp-json\/wp\/v2\/comments?post=8555"}],"version-history":[{"count":0,"href":"https:\/\/serbenidorm.daliisolutions.com\/index.php\/wp-json\/wp\/v2\/posts\/8555\/revisions"}],"wp:featuredmedia":[{"embeddable":true,"href":"https:\/\/serbenidorm.daliisolutions.com\/index.php\/wp-json\/wp\/v2\/media\/8556"}],"wp:attachment":[{"href":"https:\/\/serbenidorm.daliisolutions.com\/index.php\/wp-json\/wp\/v2\/media?parent=8555"}],"wp:term":[{"taxonomy":"category","embeddable":true,"href":"https:\/\/serbenidorm.daliisolutions.com\/index.php\/wp-json\/wp\/v2\/categories?post=8555"},{"taxonomy":"post_tag","embeddable":true,"href":"https:\/\/serbenidorm.daliisolutions.com\/index.php\/wp-json\/wp\/v2\/tags?post=8555"}],"curies":[{"name":"wp","href":"https:\/\/api.w.org\/{rel}","templated":true}]}}