{"id":8557,"date":"2024-09-19T19:08:28","date_gmt":"2024-09-19T17:08:28","guid":{"rendered":"https:\/\/serbenidorm.daliisolutions.com\/index.php\/2024\/09\/19\/el-voleibol-vuelve-al-raul-mesa-con-la-semifinal-de-la-copa-comunitat\/"},"modified":"2024-09-19T19:08:28","modified_gmt":"2024-09-19T17:08:28","slug":"el-voleibol-vuelve-al-raul-mesa-con-la-semifinal-de-la-copa-comunitat","status":"publish","type":"post","link":"https:\/\/serbenidorm.daliisolutions.com\/index.php\/2024\/09\/19\/el-voleibol-vuelve-al-raul-mesa-con-la-semifinal-de-la-copa-comunitat\/","title":{"rendered":"El voleibol vuelve al Ra\u00fal Mesa con la semifinal de la Copa Comunitat"},"content":{"rendered":"  <p>Benidorm<\/p>   <p>El Volei Villena-Petrer ser\u00e1 el primer rival que visite al pabell\u00f3n Ra\u00fal Mesa de Benidorm en partido oficial de la presente temporada despu\u00e9s de la victoria conseguida este mi\u00e9rcoles ante el Mediterr\u00e1neo en los cuartos de final de la Copa Comunitat.<\/p>   <p>Gracias a ese triunfo, los petrelenses han obtenido el pasaporte para la semifinal del torneo auton\u00f3mico en la que <a href=\"https:\/\/cadenaser.com\/comunitat-valenciana\/2024\/09\/15\/debut-inmaculado-para-el-servigroup-voleibol-benidorm-radio-benidorm\/\">desde su victoria ante el Paterna Liceo por 0-3, esperaba el Servigroup Benidorm<\/a> masculino.<\/p>  <p><p>M\u00e1s informaci\u00f3n<\/p><figure><img loading=\"lazy\" decoding=\"async\" src=\"https:\/\/cadenaser.com\/resizer\/v2\/7TPHZLTOPNEVRHBDISODCMNOQU.jpg?auth=5734c3cd152c91a7dbdce0318636f67f00d0b49024eaa0729a8836509cc536cb&amp;quality=70&amp;width=360&amp;height=202&amp;smart=true\" width=\"820\" height=\"621\" \/><\/figure><ul><li><a href=\"https:\/\/cadenaser.com\/comunitat-valenciana\/2024\/09\/02\/todos-los-partidos-horarios-y-resultados-del-voleibol-radio-benidorm\/\"><span>Todos los partidos, horarios y resultados del voleibol<\/span><\/a><\/li><\/ul><\/p>   <p>Los de Adriano Lamb dieron muy buenas sensaciones en esa eliminatoria de cuartos de final y aspiran ahora, ante un rival de su misma categor\u00eda (Superliga 2) descendido de la Superliga la pasada temporada, a mejorar su papel en la edici\u00f3n de la Copa Comunitat de 2023, cuando cayeron en semifinales ante el UPV-Conqueridor, que finalmente disputar\u00eda el play-off por el t\u00edtulo en la m\u00e1xima categor\u00eda del voleibol nacional.<\/p>   <p>El partido entre el Servigroup Benidorm y el Villena-Petrer se disputar\u00e1 este domingo, a partir de las 12:30 horas, en el pabell\u00f3n Ra\u00fal Mesa.<\/p>   <p><b>Las chicas se desplazan a Paterna<\/b><\/p>   <p>Por su parte, el <a href=\"https:\/\/cadenaser.com\/tag\/club_voleibol_playas_benidorm\/a\/\">Servigroup Benidorm<\/a> femenino debutar\u00e1 en la Copa Comunitat visitando la cancha del Paterna-Liceo, verdugo del Medsur-Finestrat en los cuartos de final.<\/p>   <p>     .c-w{         max-width:444px;         width:100%;         margin:16px auto;      background:#00755E;         border-radius:4px;         display:flex;         align-items:center;         justify-content:center;     }     .c-w a{         display:flex;         align-items:center;         justify-content:center;         padding:4px 24px;     }     .c-w img{         width:24px;         margin-right:12px;     }     .c-w p{         font:18px\/25px Poppins;         text-align:center;         color:#fff;         margin:0;     }     @media (max-width:444px){         .c-w a{             padding:4px 12px;         }         .c-w img{             width:24px;             margin-right:8px;         }         .c-w p{             font:14px\/25px Poppins;         }     }     @media (max-width:335px){         .c-w p{             font:13px\/25px Poppins;         }     }  <div class=\"c-w\">     <a href=\"https:\/\/www.whatsapp.com\/channel\/0029Va633PF9WtC4l7XUzh1e\" target=\"_blank\" rel=\"noopener\">         <img decoding=\"async\" src=\"https:\/\/cadenaser.com\/estaticos\/recursosgraficos\/responsive\/img\/ico-whatsapp.svg\" alt=\"Whatsapp\">         <p>\u00danete al <b>canal de WhatsApp<\/b> de la SER<\/p>     <\/a> <\/div><\/p>  <p><p>M\u00e1s informaci\u00f3n<\/p><figure><img loading=\"lazy\" decoding=\"async\" src=\"https:\/\/cadenaser.com\/resizer\/v2\/OG6UWQKXOFGJBBXAYZJNFHCHYM.jpg?auth=75a01ea2d6eaad9c4acb8999235d8e9462ce46d718ea2d973f58ec2fe1699f8e&amp;quality=70&amp;width=360&amp;height=202&amp;smart=true\" width=\"820\" height=\"621\" \/><\/figure><ul><li><a href=\"https:\/\/cadenaser.com\/tag\/club_voleibol_playas_benidorm\/a\/\"><span>Todas las noticias del Club Voleibol Playas de Benidorm<\/span><\/a><\/li><\/ul><\/p>   <p>Las de Noelia Santacreu, campeonas de la competici\u00f3n auton\u00f3mica en sus dos \u00faltimas ediciones (<a href=\"https:\/\/cadenaser.com\/comunitat-valenciana\/2023\/10\/02\/el-holacv-benidorm-reedita-la-copa-comunitat-y-pone-la-directa-hacia-la-superliga-2-radio-benidorm\/\">el a\u00f1o pasado, se impusieron al X\u00e1tiva por 3-2<\/a>), debutan directamente en este pen\u00faltimo pelda\u00f1o antes de la gran final y lo hacen con el papel de favoritas, aunque no pueden fiarse de un equipo que acaba de dejar en la cuneta a un Superliga 2 como el Medsur-Finestrat.<\/p>   <p>Las de Benidorm, adem\u00e1s, deber\u00e1n sobreponerse a <a href=\"https:\/\/cadenaser.com\/comunitat-valenciana\/2024\/09\/17\/grave-lesion-de-sofia-gase-que-deja-tocado-al-club-voleibol-playas-de-benidorm-radio-benidorm\/\">la grave lesi\u00f3n sufrida por Sof\u00eda Gas\u00e9<\/a>, cuyo proceso de recuperaci\u00f3n se prev\u00e9 largo y que condicionar\u00e1 los planes de Santacreu para <a href=\"https:\/\/cadenaser.com\/comunitat-valenciana\/2024\/09\/02\/todos-los-partidos-horarios-y-resultados-del-voleibol-radio-benidorm\/\">la competici\u00f3n liguera que arrancar\u00e1 el d\u00eda 6 de octubre con visita al Gran Canaria<\/a>.<\/p> ","protected":false},"excerpt":{"rendered":"<p>El Villena-Petrer ser\u00e1 el primer rival que visite al Servigroup Benidorm masculino en partido oficial<\/p>\n","protected":false},"author":0,"featured_media":8558,"comment_status":"open","ping_status":"open","sticky":false,"template":"","format":"standard","meta":{"_acf_changed":false,"footnotes":""},"categories":[16],"tags":[],"class_list":["post-8557","post","type-post","status-publish","format-standard","has-post-thumbnail","hentry","category-deportes"],"acf":{"ser_id":"QN3BLUPMAFFODJIMV5QNJKSRGI","ser_url":"https:\/\/cadenaser.com\/comunitat-valenciana\/2024\/09\/19\/el-voleibol-vuelve-al-raul-mesa-con-la-semifinal-de-la-copa-comunitat-radio-benidorm\/"},"_links":{"self":[{"href":"https:\/\/serbenidorm.daliisolutions.com\/index.php\/wp-json\/wp\/v2\/posts\/8557","targetHints":{"allow":["GET"]}}],"collection":[{"href":"https:\/\/serbenidorm.daliisolutions.com\/index.php\/wp-json\/wp\/v2\/posts"}],"about":[{"href":"https:\/\/serbenidorm.daliisolutions.com\/index.php\/wp-json\/wp\/v2\/types\/post"}],"replies":[{"embeddable":true,"href":"https:\/\/serbenidorm.daliisolutions.com\/index.php\/wp-json\/wp\/v2\/comments?post=8557"}],"version-history":[{"count":0,"href":"https:\/\/serbenidorm.daliisolutions.com\/index.php\/wp-json\/wp\/v2\/posts\/8557\/revisions"}],"wp:featuredmedia":[{"embeddable":true,"href":"https:\/\/serbenidorm.daliisolutions.com\/index.php\/wp-json\/wp\/v2\/media\/8558"}],"wp:attachment":[{"href":"https:\/\/serbenidorm.daliisolutions.com\/index.php\/wp-json\/wp\/v2\/media?parent=8557"}],"wp:term":[{"taxonomy":"category","embeddable":true,"href":"https:\/\/serbenidorm.daliisolutions.com\/index.php\/wp-json\/wp\/v2\/categories?post=8557"},{"taxonomy":"post_tag","embeddable":true,"href":"https:\/\/serbenidorm.daliisolutions.com\/index.php\/wp-json\/wp\/v2\/tags?post=8557"}],"curies":[{"name":"wp","href":"https:\/\/api.w.org\/{rel}","templated":true}]}}