{"id":8576,"date":"2024-09-20T12:30:19","date_gmt":"2024-09-20T10:30:19","guid":{"rendered":"https:\/\/serbenidorm.daliisolutions.com\/index.php\/2024\/09\/20\/altea-en-fiestas\/"},"modified":"2024-09-20T12:30:19","modified_gmt":"2024-09-20T10:30:19","slug":"altea-en-fiestas","status":"publish","type":"post","link":"https:\/\/serbenidorm.daliisolutions.com\/index.php\/2024\/09\/20\/altea-en-fiestas\/","title":{"rendered":"\u00a1Altea en fiestas!"},"content":{"rendered":"  <p>Altea<\/p>   <p>Altea inicia este viernes de forma oficial sus fiestas grandes, sus fiestas de Moros y Cristianos, y lo hace con r\u00e9cord de participaci\u00f3n porque se han batido las inscripciones de la<a href=\"https:\/\/cadenaser.com\/tag\/altea\/a\/\" target=\"_blank\" rel=\"noopener\"> Federaci\u00f3 de Moros i Cristians Sant Blai<\/a> y la <a href=\"https:\/\/cadenaser.com\/tag\/altea\/a\/\" target=\"_blank\" rel=\"noopener\">Comissi\u00f3 de Festes del Crist del Sagrari<\/a>.<\/p>   <p>As\u00ed lo ha destacado en declaraciones a <a href=\"https:\/\/cadenaser.com\/tag\/benidorm\/a\/\" target=\"_blank\" rel=\"noopener\">Radio Benidorm<\/a> el alcalde, Diego Zaragoz\u00ed, que adem\u00e1s ha invitado a toda la comarca a participar en los actos: \u00abYa hace d\u00edas que estamos festejando y con los preparativos, esperamos unas fiestas espectaculares\u00bb.<\/p>   <p>Programa de actos<\/p>   <p>Viernes, 20 de septiembre<\/p>   <p><li>13:00h \u2013 <b>Anuncio Oficial de Fiestas<\/b>, con volteo de campanas y disparo de morteros.<\/li><li>18:30h \u2013 <b>Tradicional \u201cEntr\u00e0 de La Murta\u201d<\/b>, organizada por la Comisi\u00f3n del Cristo. Recorrido: Avenida de la Nuc\u00eda, Plaza La Creu, Pont de Moncau y Avenida Jaume I.<\/li><li>20:00h \u2013 <b>Entrada de Bandas de M\u00fasica,<\/b> desde la Plaza de la Cruz hasta la Plaza Jose Mar\u00eda Planelles. A continuaci\u00f3n <b>Imposici\u00f3n de Banderolas y Preg\u00f3n de Fiestas<\/b>, a cargo de la expresidenta de la Associaci\u00f3 de Moros i Cristians Sant Blai, Rosa Guill\u00e8n Riera. Al finalizar, todas las bandas interpretar\u00e1n el <b>pasodoble \u201cIda y Vuelta\u201d del compositor alteano Francisco P\u00e9rez Devesa<\/b>. Seguidamente, pasacalle a sus respectivas sedes festeras.<\/li><li>23:00h \u2013 <b>Apertura de la Barraca Popular<\/b> en el aparcamiento Basseta-Centre.<\/li><li>00:00h (madrugada del s\u00e1bado) \u2013 <b>\u201cEntraetes\u201d<\/b>. Concentraci\u00f3n de les Filaes de Moros y Cristianos en la Avenida La Nuc\u00eda y siguiente itinerario: Plaza de La Cruz, Pont de Moncau y Avenida Altmirant Rei En Jaume I.<\/li><li>00:30h (madrugada del s\u00e1bado) \u2013 <b>\u201cMe Encanta La Noche On Tour\u201d<\/b> a cargo de Soundmax, en la barraca popular situado en el Parking Basseta-Centre.<\/li><\/p>   <p>S\u00e1bado, 21 de septiembre<\/p>   <p><li>08:30h \u2013 <b>Diana Cristiana<\/b>, con el siguiente itinerario: Avenida La Nuc\u00eda, Avenida Valencia, Llavador, La S\u00e9quia, Calle Pont de Moncau, Avenida Jaume I, Calle Garganes, Passeig Mediterrani, Calle Gabriel Mir\u00f3 y Plaza Jos\u00e9 Mar\u00eda Planelles.<\/li><li>11:30h \u2013 <b>Alardo y Tiroteo<\/b>. Concentraci\u00f3n de Cargos Festeros y Filaes en la Pla\u00e7a de la Creu, para subir\u00e1 a la Plaza de la Iglesia.<\/li><li>13:00h \u2013 <b>Embajada Mora y Rendici\u00f3n Cristiana<\/b>, en la Plaza de la Iglesia.<\/li><li>20:00h \u2013 <b>Espectacular Entrada Mora<\/b>, con el siguiente itinerario: Calle Filarm\u00f3nica, Calle Pont de Moncau, Avenida Jaume I, Calle Raspall, finalizando en la Pla\u00e7a dels Esports.<\/li><li>00:00h (madrugada del domingo) \u2013 <b>Actuaci\u00f3n de la gran Orquesta La \u00d3xido<\/b>, y a continuaci\u00f3n <b>Macro Show con DJ<\/b>, en la Barraca Popular situada en el aparcamiento Basseta-Centre.<\/li><\/p>   <p>Domingo, 22 de septiembre<\/p>   <p><li>08:30h \u2013 <b>Despert\u00e0<\/b>, a cargo de la Comisi\u00f3n de Fiestas del Sant\u00edsimo Cristo del Sagrario.<\/li><li>11:30h \u2013 <b>Pasacalle<\/b>. Concentraci\u00f3n en la Plaza Jose Mar\u00eda Planelles para dirigirse en comitiva hacia el Templo Parroquial de Nuestra Se\u00f1ora del Consuelo.<\/li><li>12:00h \u2013 <b>Misa Solemne<\/b> en honor del Sant\u00edsimo Cristo del Sagrario, en el Templo Parroquial de Nuestra Se\u00f1ora del Consuelo. Al finalizar, actuaci\u00f3n de la <b>Muixeranga de La Marina Baixa<\/b> en la Plaza de la Iglesia. Acabado el acto, <b>pasacalle<\/b> para dirigirse en comitiva hasta el Passeig del Mediterrani.<\/li><li>14:00h \u2013 <b>Espectacular<\/b> <b>\u201cMasclet\u00e0\u201d<\/b> desde el Passeig del Mediterrani (Playa del Bol), a cargo de la extraordinaria Pirot\u00e9cnica Reyes Mart\u00ed.<\/li><li>19:30h \u2013 <b>Pasacalle<\/b>. Concentraci\u00f3n en la Plaza Jose Mar\u00eda Planelles para dirigirse en comitiva hacia la Iglesia Parroquial.<\/li><li>20:00h \u2013 <b>Solemne Procesi\u00f3n<\/b> en honor al Sant\u00edsimo Cristo del Sagrario y San Blas con el itinerario de costumbre.<\/li><li>00:30h (madrugada del lunes) \u2013 <b>Grandioso Castillo de Fuegos Artificiales<\/b> en el Passeig del Medit\u00e8rrani, a cargo de la Pirot\u00e9cnia Mart\u00ed. Al finalizar, actuaci\u00f3n de la<b> Extraordinaria Orquesta \u201cLa Fiesta\u201d<\/b> en la Barraca Popular situada en el aparcamiento Basseta-Centre.<\/li><\/p>   <p>Lunes, 23 de septiembre<\/p>   <p><li>08:30h \u2013 <b>Diana Mora<\/b>, con el siguiente itinerario: Costera dels Matxos, Calle Portal Vell, Calle Sol, Alacant, l\u2019Empedrat, La Mar, Passeig Sant Pere, Passeig Mediterrani, Garganes, Avenida Jaume I y Pla\u00e7a Jos\u00e9 Mar\u00eda Planelles.<\/li><li>11:00h \u2013 <b>Pasacalle<\/b>. Concentraci\u00f3n en la Plaza de Jos\u00e9 Mar\u00eda Planelles para dirigirse en comitiva hacia el Templo Parroquial de Nuestra Se\u00f1ora del Consuelo.<\/li><li>11:30h \u2013 <b>Misa Solemne<\/b> en Honor a San Blas, Patr\u00f3n de la Federaci\u00f3 de Moros i Cristians y de la Villa de Altea, en el Templo Parroquial de Nuestra Se\u00f1ora del Consuelo. Al finalizar,<b> lectura de la nueva Comisi\u00f3n del Cristo 2025<\/b>.<\/li><li>12:00h \u2013 <b>Alardo y Tiroteo<\/b>. Concentraci\u00f3n de todas \u201cles filaes\u201d en la Pla\u00e7a del Convent para subir a la embajada, en la Plaza de la Iglesia. Seguidamente, <b>Embajada Cristiana y Rendici\u00f3n Mora<\/b> en la Plaza de la Iglesia. Acabado el acto, <b>pasacalle <\/b>hasta la Plaza del Ayuntamiento.<\/li><li>20:00h \u2013 <b>Espectacular Entrada Cristiana<\/b>, con el siguiente itinerario: Calle Filarm\u00f3nica, Pont de Moncau, Avenida Jaume I, y Calle Raspall, finalizando en la Pla\u00e7a dels Esports.<\/li><li>00:00h (madrugada del martes) \u2013 <b>Macro Disco M\u00f3vil Cosmin Sound<\/b>, en la Barraca Popular ubicada en el parking Basseta-Centre.<\/li><\/p>   <p>Martes, 24 de septiembre<\/p>   <p><li>11:30h \u2013 <b>Pasacalle<\/b>. Concentraci\u00f3n en la Plaza Jose Mar\u00eda Planelles para dirigirse en comitiva hacia la Iglesia- Convento de San Pedro y San Francisco.<\/li><li>12:00h \u2013 <b>Misa de Difuntos y Acci\u00f3n de Gracias<\/b>, en la Iglesia-Convento de San Pedro y San Francisco. Al finalizar, <b>imposici\u00f3n de medallas<\/b> a la nueva Comisi\u00f3n de Fiestas del Sant\u00edsimo Cristo del Sagrario para el 2025 y, seguidamente, <b>pasacalle<\/b> hasta la Pla\u00e7a Jos\u00e9 Mar\u00eda Planelles, donde tendr\u00e1 lugar un <b>bombardeo a\u00e9reo<\/b>, a cargo de la Comisi\u00f3n de Fiestas del Sant\u00edsimo Cristo del Sagrario.<\/li><li>16:30h \u2013 \u201c<b>Tornada de les Banderes<\/b>\u201d con desfile desde la Calle LLavador hasta la Sede de la Federaci\u00f3 de Moros i Cristians Sant Blai, finalizando con la <b>interpretaci\u00f3n del Himno Festero<\/b>, el pasodoble \u201cIda y Vuelta.<\/li><li>19:00h \u2013 <b>Gran Musical \u201cLa Bruja Eloise\u201d<\/b> en el parking Basseta-Centre.<\/li><\/p> ","protected":false},"excerpt":{"rendered":"<p>Con r\u00e9cord de inscritos en la Federaci\u00f3 de Moros i Cristians Sant Blai y la Comissi\u00f3 de Festes del Crist del Sagrari<\/p>\n","protected":false},"author":0,"featured_media":8577,"comment_status":"open","ping_status":"open","sticky":false,"template":"","format":"standard","meta":{"_acf_changed":false,"footnotes":""},"categories":[1],"tags":[],"class_list":["post-8576","post","type-post","status-publish","format-standard","has-post-thumbnail","hentry","category-sin-categoria"],"acf":{"ser_id":"6UBPFNQT5JHGPE3Q5KDUVCQKFQ","ser_url":"https:\/\/cadenaser.com\/comunitat-valenciana\/2024\/09\/20\/altea-en-fiestas-radio-benidorm\/"},"_links":{"self":[{"href":"https:\/\/serbenidorm.daliisolutions.com\/index.php\/wp-json\/wp\/v2\/posts\/8576","targetHints":{"allow":["GET"]}}],"collection":[{"href":"https:\/\/serbenidorm.daliisolutions.com\/index.php\/wp-json\/wp\/v2\/posts"}],"about":[{"href":"https:\/\/serbenidorm.daliisolutions.com\/index.php\/wp-json\/wp\/v2\/types\/post"}],"replies":[{"embeddable":true,"href":"https:\/\/serbenidorm.daliisolutions.com\/index.php\/wp-json\/wp\/v2\/comments?post=8576"}],"version-history":[{"count":0,"href":"https:\/\/serbenidorm.daliisolutions.com\/index.php\/wp-json\/wp\/v2\/posts\/8576\/revisions"}],"wp:featuredmedia":[{"embeddable":true,"href":"https:\/\/serbenidorm.daliisolutions.com\/index.php\/wp-json\/wp\/v2\/media\/8577"}],"wp:attachment":[{"href":"https:\/\/serbenidorm.daliisolutions.com\/index.php\/wp-json\/wp\/v2\/media?parent=8576"}],"wp:term":[{"taxonomy":"category","embeddable":true,"href":"https:\/\/serbenidorm.daliisolutions.com\/index.php\/wp-json\/wp\/v2\/categories?post=8576"},{"taxonomy":"post_tag","embeddable":true,"href":"https:\/\/serbenidorm.daliisolutions.com\/index.php\/wp-json\/wp\/v2\/tags?post=8576"}],"curies":[{"name":"wp","href":"https:\/\/api.w.org\/{rel}","templated":true}]}}