{"id":8578,"date":"2024-09-20T12:30:19","date_gmt":"2024-09-20T10:30:19","guid":{"rendered":"https:\/\/serbenidorm.daliisolutions.com\/index.php\/2024\/09\/20\/la-guardia-civil-detiene-a-un-hombre-de-47-anos-por-12-robos-en-callosa-den-sarria\/"},"modified":"2024-09-20T12:30:19","modified_gmt":"2024-09-20T10:30:19","slug":"la-guardia-civil-detiene-a-un-hombre-de-47-anos-por-12-robos-en-callosa-den-sarria","status":"publish","type":"post","link":"https:\/\/serbenidorm.daliisolutions.com\/index.php\/2024\/09\/20\/la-guardia-civil-detiene-a-un-hombre-de-47-anos-por-12-robos-en-callosa-den-sarria\/","title":{"rendered":"La Guardia Civil detiene a un hombre de 47 a\u00f1os por 12 robos en Callosa d&#8217;En Sarri\u00e0"},"content":{"rendered":"  <p>Callosa<\/p>   <p>La Guardia Civil ha detenido en el marco de la operaci\u00f3n \u00abMcQueen\u00bb a un hombre de nacionalidad venezolana y 47 a\u00f1os por la comisi\u00f3n de diez delitos de robo con fuerza en el interior de veh\u00edculos y dos en establecimientos p\u00fablicos en la localidad de Callosa d\u2019En Sarri\u00e0. <\/p>   <p>La investigaci\u00f3n comenz\u00f3 el pasado mes de junio tras detectar un incremento de robos en el interior de veh\u00edculos en el n\u00facleo urbano. Ante esta situaci\u00f3n, los agentes de la benem\u00e9rita en el puesto de Callosa ampliaron los dispositivos de  seguridad.<\/p>  <p><p>M\u00e1s informaci\u00f3n<\/p><figure><img loading=\"lazy\" decoding=\"async\" src=\"https:\/\/cadenaser.com\/resizer\/v2\/GJMZJ4AFINAXBOU2CHFZWRUCAU.jpg?auth=801a363ac177b97db6c8cef9d4e19861236596447ffde770c2e605ebab2e8f67&amp;quality=70&amp;width=360&amp;height=202&amp;smart=true\" width=\"820\" height=\"621\" \/><\/figure><ul><li><a href=\"https:\/\/cadenaser.com\/comunitat-valenciana\/2024\/09\/17\/los-empresarios-de-callosa-den-sarria-presentan-unos-descuentos-para-potenciar-el-comercio-local-en-otono-radio-benidorm\/\"><span>Los empresarios de Callosa d\u2019En Sarri\u00e0 presentan unos descuentos para potenciar el comercio local en oto\u00f1o<\/span><\/a><\/li><\/ul><\/p>   <p>Tras el estudio de los datos obtenidos mediante la colaboraci\u00f3n ciudadana, realizar diversas vigilancias y un exhaustivo an\u00e1lisis de las pruebas obtenidas, los investigadores lograron identificar a un sospechoso con caracter\u00edsticas f\u00edsicas concretas.<\/p>   <p><a href=\"https:\/\/cadenaser.com\/tag\/callosa_den_sarria\/a\/\" target=\"_blank\" rel=\"noopener\">El detenido actuaba principalmente en zonas de aparcamiento y establecimientos p\u00fablicos, donde sustra\u00eda dinero en efectivo, documentaci\u00f3n bancaria y otros objetos de valor<\/a>. Los indicios recopilados durante la investigaci\u00f3n lo vincularon no solo con los robos en veh\u00edculos, sino tambi\u00e9n con la comisi\u00f3n de delitos en el interior de establecimientos.<\/p>   <p>La Polic\u00eda Local de Callosa fue la encargada del arresto mientras el delincuente intentaba perpetrar un nuevo robo en el interior de un veh\u00edculo. El Juzgado de Instrucci\u00f3n n\u00ba4 de Villajoyosa ha dictado su libertad con la imposici\u00f3n de medidas cautelares.<\/p>   <p>     .c-w{         max-width:444px;         width:100%;         margin:16px auto;      background:#00755E;         border-radius:4px;         display:flex;         align-items:center;         justify-content:center;     }     .c-w a{         display:flex;         align-items:center;         justify-content:center;         padding:4px 24px;     }     .c-w img{         width:24px;         margin-right:12px;     }     .c-w p{         font:18px\/25px Poppins;         text-align:center;         color:#fff;         margin:0;     }     @media (max-width:444px){         .c-w a{             padding:4px 12px;         }         .c-w img{             width:24px;             margin-right:8px;         }         .c-w p{             font:14px\/25px Poppins;         }     }     @media (max-width:335px){         .c-w p{             font:13px\/25px Poppins;         }     }  <div class=\"c-w\">     <a href=\"https:\/\/www.whatsapp.com\/channel\/0029Va633PF9WtC4l7XUzh1e\" target=\"_blank\" rel=\"noopener\">         <img decoding=\"async\" src=\"https:\/\/cadenaser.com\/estaticos\/recursosgraficos\/responsive\/img\/ico-whatsapp.svg\" alt=\"Whatsapp\">         <p>\u00danete al <b>canal de WhatsApp<\/b> de la SER<\/p>     <\/a> <\/div><\/p> ","protected":false},"excerpt":{"rendered":"<p>Operaci\u00f3n \u00abMcQueen\u00bb<\/p>\n","protected":false},"author":0,"featured_media":8579,"comment_status":"open","ping_status":"open","sticky":false,"template":"","format":"standard","meta":{"_acf_changed":false,"footnotes":""},"categories":[1],"tags":[],"class_list":["post-8578","post","type-post","status-publish","format-standard","has-post-thumbnail","hentry","category-sin-categoria"],"acf":{"ser_id":"JM2YO2S6LVG75EWR2DM72XX25U","ser_url":"https:\/\/cadenaser.com\/comunitat-valenciana\/2024\/09\/20\/la-guardia-civil-detiene-a-un-hombre-de-47-anos-por-12-robos-en-callosa-den-sarria-radio-benidorm\/"},"_links":{"self":[{"href":"https:\/\/serbenidorm.daliisolutions.com\/index.php\/wp-json\/wp\/v2\/posts\/8578","targetHints":{"allow":["GET"]}}],"collection":[{"href":"https:\/\/serbenidorm.daliisolutions.com\/index.php\/wp-json\/wp\/v2\/posts"}],"about":[{"href":"https:\/\/serbenidorm.daliisolutions.com\/index.php\/wp-json\/wp\/v2\/types\/post"}],"replies":[{"embeddable":true,"href":"https:\/\/serbenidorm.daliisolutions.com\/index.php\/wp-json\/wp\/v2\/comments?post=8578"}],"version-history":[{"count":0,"href":"https:\/\/serbenidorm.daliisolutions.com\/index.php\/wp-json\/wp\/v2\/posts\/8578\/revisions"}],"wp:featuredmedia":[{"embeddable":true,"href":"https:\/\/serbenidorm.daliisolutions.com\/index.php\/wp-json\/wp\/v2\/media\/8579"}],"wp:attachment":[{"href":"https:\/\/serbenidorm.daliisolutions.com\/index.php\/wp-json\/wp\/v2\/media?parent=8578"}],"wp:term":[{"taxonomy":"category","embeddable":true,"href":"https:\/\/serbenidorm.daliisolutions.com\/index.php\/wp-json\/wp\/v2\/categories?post=8578"},{"taxonomy":"post_tag","embeddable":true,"href":"https:\/\/serbenidorm.daliisolutions.com\/index.php\/wp-json\/wp\/v2\/tags?post=8578"}],"curies":[{"name":"wp","href":"https:\/\/api.w.org\/{rel}","templated":true}]}}