{"id":8582,"date":"2024-09-20T12:30:21","date_gmt":"2024-09-20T10:30:21","guid":{"rendered":"https:\/\/serbenidorm.daliisolutions.com\/index.php\/2024\/09\/20\/el-c-f-benidorm-tiene-una-prueba-de-fuego-ante-el-lider\/"},"modified":"2024-09-20T12:30:21","modified_gmt":"2024-09-20T10:30:21","slug":"el-c-f-benidorm-tiene-una-prueba-de-fuego-ante-el-lider","status":"publish","type":"post","link":"https:\/\/serbenidorm.daliisolutions.com\/index.php\/2024\/09\/20\/el-c-f-benidorm-tiene-una-prueba-de-fuego-ante-el-lider\/","title":{"rendered":"El C.F. Benidorm tiene una prueba de fuego ante el l\u00edder"},"content":{"rendered":"  <p>Benidorm<\/p>   <p>Si el <a href=\"https:\/\/cadenaser.com\/tag\/club_futbol_benidorm\/a\/\">C.F. Benidorm<\/a> ser\u00e1 un aspirante a estar en la zona alta de la <a href=\"https:\/\/cadenaser.com\/tag\/tercera_division_real_federacion_espanola_futbol\/a\/\">Tercera RFEF<\/a> en su primera temporada en la categor\u00eda o no es algo que, al menos en parte, comenzar\u00e1 a saberse este s\u00e1bado cuando los de Miguel \u00c1ngel Mart\u00ednez visiten la cancha del l\u00edder, el Castellonense, un equipo que en las dos primeras jornadas todav\u00eda no ha encajado ni un solo tanto y ha sumado los seis puntos posibles.<\/p>   <p>El choque, que arrancar\u00e1 en el estadio de L\u2019Almen\u00e0 a las 19:15horas, ser\u00e1, por lo tanto, una primera gran prueba de fuego para el conjunto benidormense en una temporada en la que, por el momento, se mantiene invicto tras una <a href=\"https:\/\/cadenaser.com\/comunitat-valenciana\/2024\/09\/07\/un-golazo-de-jose-carlos-coloca-colider-al-cf-benidorm-radio-benidorm\/\">victoria en la primera jornada ante el Patacona<\/a> y el <a href=\"https:\/\/cadenaser.com\/comunitat-valenciana\/2024\/09\/15\/tablas-en-el-debut-del-cf-benidorm-como-local-radio-benidorm\/\">empate del pasado fin de semana en el Nou Pla ante el Ontinyent<\/a>.<\/p>  <p><p>M\u00e1s informaci\u00f3n<\/p><figure><img loading=\"lazy\" decoding=\"async\" src=\"https:\/\/cadenaser.com\/resizer\/v2\/X6XBFF4X2VDKLDEWCL3EE32EDU.jfif?auth=27bc85a0c2daec4a86de06dbdf2b926386de0081e38eb0b28d4d85cb047136cc&amp;quality=70&amp;width=360&amp;height=202&amp;smart=true\" width=\"820\" height=\"621\" \/><\/figure><ul><li><a href=\"https:\/\/cadenaser.com\/comunitat-valenciana\/2024\/09\/02\/todos-los-partidos-horarios-y-resultados-del-cf-benidorm-y-cf-la-nucia-radio-benidorm\/\"><span>Todos los partidos, horarios y resultados del C.F. Benidorm y C.F. La Nuc\u00eda<\/span><\/a><\/li><\/ul><\/p>   <p>Los del Guillermo Amor, que siguen pendientes de si podr\u00e1n debutar en su estadio <a href=\"https:\/\/cadenaser.com\/comunitat-valenciana\/2024\/09\/02\/todos-los-partidos-horarios-y-resultados-del-cf-benidorm-y-cf-la-nucia-radio-benidorm\/\">la pr\u00f3xima semana ante el Jove Espa\u00f1ol<\/a> tal y como adelant\u00f3 <a href=\"https:\/\/cadenaser.com\/comunitat-valenciana\/2024\/09\/12\/javi-jorda-el-cf-benidorm-podra-jugar-en-el-guillermo-amor-en-su-segundo-partido-como-local-radio-benidorm\/\">el edil de Deportes de la ciudad, Javi Jord\u00e1, en SER Deportivos Marina Baixa<\/a>, han demostrado en sus dos primeras comparecencias que siguen fieles a ese estilo de juego que les vali\u00f3 el ascenso la pasada temporada; pero ante el Castellonense ser\u00e1 imperativo mejorar la punter\u00eda respecto a lo visto la pasada semana en el Nou Pla.<\/p>   <p><b>El C.F. La Nuc\u00eda necesita ganar<\/b><\/p>   <p>Por su parte, el <a href=\"https:\/\/cadenaser.com\/tag\/club_futbol_la_nucia\/a\/\">C.F. La Nuc\u00eda<\/a> regresa este s\u00e1bado (20:00 horas) al Camilo Cano para recibir al Crevillente Deportivo y con la necesidad de sumar su primer triunfo del a\u00f1o despu\u00e9s de <a href=\"https:\/\/cadenaser.com\/comunitat-valenciana\/2024\/09\/07\/un-golazo-de-jose-carlos-coloca-colider-al-cf-benidorm-radio-benidorm\/\">haber ca\u00eddo derrotados en su debut ante el Atl\u00e9tico Levante<\/a> por 1-2 y de haber sumado un primer e importante punto <a href=\"https:\/\/cadenaser.com\/comunitat-valenciana\/2024\/09\/15\/tablas-en-el-debut-del-cf-benidorm-como-local-radio-benidorm\/\">el pasado fin de semana en casa del Ontinyent<\/a>.<\/p>   <p>Los rojillos han partido en esta campa\u00f1a con la desventaja de contar con un equipo completamente renovado respecto al de la pasada temporada, del que no sobrevivi\u00f3 ning\u00fan jugador ni tampoco ning\u00fan miembro del cuerpo t\u00e9cnico.<\/p>   <p>     .c-w{         max-width:444px;         width:100%;         margin:16px auto;      background:#00755E;         border-radius:4px;         display:flex;         align-items:center;         justify-content:center;     }     .c-w a{         display:flex;         align-items:center;         justify-content:center;         padding:4px 24px;     }     .c-w img{         width:24px;         margin-right:12px;     }     .c-w p{         font:18px\/25px Poppins;         text-align:center;         color:#fff;         margin:0;     }     @media (max-width:444px){         .c-w a{             padding:4px 12px;         }         .c-w img{             width:24px;             margin-right:8px;         }         .c-w p{             font:14px\/25px Poppins;         }     }     @media (max-width:335px){         .c-w p{             font:13px\/25px Poppins;         }     }  <div class=\"c-w\">     <a href=\"https:\/\/www.whatsapp.com\/channel\/0029Va633PF9WtC4l7XUzh1e\" target=\"_blank\" rel=\"noopener\">         <img decoding=\"async\" src=\"https:\/\/cadenaser.com\/estaticos\/recursosgraficos\/responsive\/img\/ico-whatsapp.svg\" alt=\"Whatsapp\">         <p>\u00danete al <b>canal de WhatsApp<\/b> de la SER<\/p>     <\/a> <\/div><\/p>   <p>Por ello, este irregular arranque de la temporada no es especialmente preocupante ya que todo el mundo entiende que los nucieros necesitan alg\u00fan tiempo de rodaje; aunque tambi\u00e9n se es muy consciente de que, pensando en ese objetivo de conseguir retornar a la Segunda RFEF al final de esta campa\u00f1a, todo los puntos que se queden por el camino ahora pueden ser muy echados en falta al final.<\/p>   <p>Es por ello que en este choque en casa ante el Crevillente Deportivo, que viene de vencer por 2-1 al Rayo Ibense y que es octavo clasificado con tres puntos, ser\u00e1 fundamental sumar el primer triunfo del a\u00f1o y, con \u00e9l, tres puntos que alejen la zona roja de la tabla y, con ella, los nervios y las dudas que podr\u00edan comenzar a aparecer en la grada.<\/p> ","protected":false},"excerpt":{"rendered":"<p>El C.F. La Nuc\u00eda vuelve al Camilo Cano con la necesidad de sumar su primer triunfo del curso<\/p>\n","protected":false},"author":0,"featured_media":8583,"comment_status":"open","ping_status":"open","sticky":false,"template":"","format":"standard","meta":{"_acf_changed":false,"footnotes":""},"categories":[16],"tags":[],"class_list":["post-8582","post","type-post","status-publish","format-standard","has-post-thumbnail","hentry","category-deportes"],"acf":{"ser_id":"6RXDMFW7ZNFZHD6NDGFOGS7LBI","ser_url":"https:\/\/cadenaser.com\/comunitat-valenciana\/2024\/09\/20\/el-cf-benidorm-tiene-una-prueba-de-fuego-ante-el-lider-radio-benidorm\/"},"_links":{"self":[{"href":"https:\/\/serbenidorm.daliisolutions.com\/index.php\/wp-json\/wp\/v2\/posts\/8582","targetHints":{"allow":["GET"]}}],"collection":[{"href":"https:\/\/serbenidorm.daliisolutions.com\/index.php\/wp-json\/wp\/v2\/posts"}],"about":[{"href":"https:\/\/serbenidorm.daliisolutions.com\/index.php\/wp-json\/wp\/v2\/types\/post"}],"replies":[{"embeddable":true,"href":"https:\/\/serbenidorm.daliisolutions.com\/index.php\/wp-json\/wp\/v2\/comments?post=8582"}],"version-history":[{"count":0,"href":"https:\/\/serbenidorm.daliisolutions.com\/index.php\/wp-json\/wp\/v2\/posts\/8582\/revisions"}],"wp:featuredmedia":[{"embeddable":true,"href":"https:\/\/serbenidorm.daliisolutions.com\/index.php\/wp-json\/wp\/v2\/media\/8583"}],"wp:attachment":[{"href":"https:\/\/serbenidorm.daliisolutions.com\/index.php\/wp-json\/wp\/v2\/media?parent=8582"}],"wp:term":[{"taxonomy":"category","embeddable":true,"href":"https:\/\/serbenidorm.daliisolutions.com\/index.php\/wp-json\/wp\/v2\/categories?post=8582"},{"taxonomy":"post_tag","embeddable":true,"href":"https:\/\/serbenidorm.daliisolutions.com\/index.php\/wp-json\/wp\/v2\/tags?post=8582"}],"curies":[{"name":"wp","href":"https:\/\/api.w.org\/{rel}","templated":true}]}}