{"id":8584,"date":"2024-09-20T12:30:22","date_gmt":"2024-09-20T10:30:22","guid":{"rendered":"https:\/\/serbenidorm.daliisolutions.com\/index.php\/2024\/09\/20\/el-sporting-la-nucia-arranca-su-historia-en-segunda-division\/"},"modified":"2024-09-20T12:30:22","modified_gmt":"2024-09-20T10:30:22","slug":"el-sporting-la-nucia-arranca-su-historia-en-segunda-division","status":"publish","type":"post","link":"https:\/\/serbenidorm.daliisolutions.com\/index.php\/2024\/09\/20\/el-sporting-la-nucia-arranca-su-historia-en-segunda-division\/","title":{"rendered":"El Sporting La Nuc\u00eda arranca su historia en Segunda Divisi\u00f3n"},"content":{"rendered":"  <p>Benidorm<\/p>   <p>Tras dos ascensos consecutivos, el <a href=\"https:\/\/cadenaser.com\/tag\/sporting_futbol_sala_la_nucia\/a\/\" target=\"_blank\" rel=\"noopener\">Sporting La Nuc\u00eda<\/a> arranca este s\u00e1bado (18:00 horas) una nueva e ilusionante etapa en su historia debutando en la Segunda Divisi\u00f3n ante el Melistas en el pabell\u00f3n Camilo Cano.<\/p>   <p>Fundado en 2011 como un club centrado en el f\u00fatbol playa, la entidad melillense cre\u00f3 su secci\u00f3n de f\u00fatbol sala en la temporada 2015\/2016 y desde entonces ha tenido una progresi\u00f3n espectacular que, por el momento, culmin\u00f3 hace dos a\u00f1os con el ascenso a la categor\u00eda de plata nacional.<\/p>  <p><p>M\u00e1s informaci\u00f3n<\/p><figure><img loading=\"lazy\" decoding=\"async\" src=\"https:\/\/cadenaser.com\/resizer\/v2\/CCB4RCEUIBF2PB3B4GEPLYK5TE.jpg?auth=fb6585dcecc1f4a9a68ed3632e234f400d31b2597c58b09fa0007f9d00a241c5&amp;quality=70&amp;width=360&amp;height=202&amp;smart=true\" width=\"820\" height=\"621\" \/><\/figure><ul><li><a href=\"https:\/\/cadenaser.com\/comunitat-valenciana\/2024\/09\/04\/todos-los-partidos-horarios-y-resultados-del-sporting-futbol-sala-la-nucia-radio-benidorm\/\"><span>Todos los partidos, horarios y resultados del Sporting F\u00fatbol Sala La Nuc\u00eda<\/span><\/a><\/li><\/ul><\/p>   <p>En su temporada de debut en la Segunda Divisi\u00f3n, el Melistar sufri\u00f3 hasta el \u00faltimo momento para salvar la categor\u00eda, algo que consigui\u00f3 en las \u00faltimas jornadas con tres puntos de margen sobre el Atl\u00e9tico Meng\u00edbar, 14\u00ba y primero de los tres equipos que descendieron a Segunda B.<\/p>   <p>Como siempre sucede en una primera jornada de Liga y, sobre todo, cuando se trata de un equipo reci\u00e9n ascendido, el Sporting La Nuc\u00eda saltar\u00e1 a su cancha con muchas inc\u00f3gnitas despu\u00e9s de <a href=\"https:\/\/cadenaser.com\/comunitat-valenciana\/2024\/09\/04\/todos-los-partidos-horarios-y-resultados-del-sporting-futbol-sala-la-nucia-radio-benidorm\/\" target=\"_blank\" rel=\"noopener\">una pretemporada en la que ha disputado hasta seis amistosos con un balance de tres victorias por otras tantas derrotas<\/a>, aunque la \u00faltima de ellas, el pasado fin de semana y por la m\u00ednima ante un Primera como el Cartagena, sirve para levantar mucho la moral entre la parroquia local.<\/p> ","protected":false},"excerpt":{"rendered":"<p>Tras una buena pretemporada, el equipo de David \u2018Dada\u2019 Valverde debuta en casa ante el Melistar<\/p>\n","protected":false},"author":0,"featured_media":8585,"comment_status":"open","ping_status":"open","sticky":false,"template":"","format":"standard","meta":{"_acf_changed":false,"footnotes":""},"categories":[16],"tags":[],"class_list":["post-8584","post","type-post","status-publish","format-standard","has-post-thumbnail","hentry","category-deportes"],"acf":{"ser_id":"32ABQ3263NFQNKN5PMELMAJS3M","ser_url":"https:\/\/cadenaser.com\/comunitat-valenciana\/2024\/09\/20\/el-sporting-la-nucia-arranca-su-historia-en-segunda-division-radio-benidorm\/"},"_links":{"self":[{"href":"https:\/\/serbenidorm.daliisolutions.com\/index.php\/wp-json\/wp\/v2\/posts\/8584","targetHints":{"allow":["GET"]}}],"collection":[{"href":"https:\/\/serbenidorm.daliisolutions.com\/index.php\/wp-json\/wp\/v2\/posts"}],"about":[{"href":"https:\/\/serbenidorm.daliisolutions.com\/index.php\/wp-json\/wp\/v2\/types\/post"}],"replies":[{"embeddable":true,"href":"https:\/\/serbenidorm.daliisolutions.com\/index.php\/wp-json\/wp\/v2\/comments?post=8584"}],"version-history":[{"count":0,"href":"https:\/\/serbenidorm.daliisolutions.com\/index.php\/wp-json\/wp\/v2\/posts\/8584\/revisions"}],"wp:featuredmedia":[{"embeddable":true,"href":"https:\/\/serbenidorm.daliisolutions.com\/index.php\/wp-json\/wp\/v2\/media\/8585"}],"wp:attachment":[{"href":"https:\/\/serbenidorm.daliisolutions.com\/index.php\/wp-json\/wp\/v2\/media?parent=8584"}],"wp:term":[{"taxonomy":"category","embeddable":true,"href":"https:\/\/serbenidorm.daliisolutions.com\/index.php\/wp-json\/wp\/v2\/categories?post=8584"},{"taxonomy":"post_tag","embeddable":true,"href":"https:\/\/serbenidorm.daliisolutions.com\/index.php\/wp-json\/wp\/v2\/tags?post=8584"}],"curies":[{"name":"wp","href":"https:\/\/api.w.org\/{rel}","templated":true}]}}