{"id":8606,"date":"2024-09-20T19:15:08","date_gmt":"2024-09-20T17:15:08","guid":{"rendered":"https:\/\/serbenidorm.daliisolutions.com\/index.php\/2024\/09\/20\/vicente-arques-lalfas-del-pi-la-inmigracion-no-es-un-problema-es-una-oportunidad\/"},"modified":"2024-09-20T19:15:08","modified_gmt":"2024-09-20T17:15:08","slug":"vicente-arques-lalfas-del-pi-la-inmigracion-no-es-un-problema-es-una-oportunidad","status":"publish","type":"post","link":"https:\/\/serbenidorm.daliisolutions.com\/index.php\/2024\/09\/20\/vicente-arques-lalfas-del-pi-la-inmigracion-no-es-un-problema-es-una-oportunidad\/","title":{"rendered":"Vicente Arques (L\u2019Alf\u00e0s del Pi): \u201cla inmigraci\u00f3n no es un problema, es una oportunidad\u201d"},"content":{"rendered":"  <p>L&#8217;Alf\u00e0s del Pi<\/p>   <p>El alcalde de L\u2019Alf\u00e0s del Pi, Vicente Arques, ha firmado que, como prueba la multiculturalidad que caracteriza al municipio que gobierna, \u201cla inmigraci\u00f3n no es un problema sino una oportunidad\u201d. As\u00ed lo ha se\u00f1alado en Hoy por Hoy Benidorm en una entrevista para arrancar el curso pol\u00edtico y despu\u00e9s de hacerse p\u00fablico que un estudio del CIS revela que la inmigraci\u00f3n es el problema que m\u00e1s preocupa a los espa\u00f1oles en este momento.<\/p>   <p>Arques que gobierna un municipio en el que conviven m\u00e1s de 100 nacionalidades afirma que la inmigraci\u00f3n \u201cno nos genera ning\u00fan problema, al contrario, es la oportunidad que tenemos\u201d. El alcalde destaca que \u201cEspa\u00f1a necesita 250.000 inmigrantes todos los a\u00f1os, pero eso no lo digo yo, un alcalde con un 50% de poblaci\u00f3n residente de otras nacionalidades, lo dice el INE. Espa\u00f1a tiene un \u00edndice de natalidad baj\u00edsimo, tiene una poblaci\u00f3n envejecida y, con todo el respeto, necesitamos trabajadores en ciertos sectores, agricultura, construcci\u00f3n o cualificados para que este pa\u00eds no pare su dinamismo econ\u00f3mico. Es un error pensar que la inmigraci\u00f3n es el problema\u201d.<\/p>   <p>De hecho el alcalde atribuye el despegue econ\u00f3mico del municipio a esa inmigraci\u00f3n procedente, en el caso de L\u2019Alf\u00e0s del Pi, de pa\u00edses del norte de Europa mayoritariamente. \u201cYo siempre he defendido que la oportunidad, si en L\u2019Alf\u00e0s del Pi no hubiese tenido residentes de otras nacionalidades, hoy seguir\u00edamos siendo un pueblo de almendros, olivos y cabras. Hemos tenido una progresi\u00f3n ascendente desde los a\u00f1os 60-70 gracias a turismo\u201d, a\u00f1ade.<\/p>   <p>Una circunstancia que ha hecho que actualmente el municipio reciba \u201cturistas de tercera generaci\u00f3n\u201d puesto que esos primeros turistas tuvieron hijos que se quedaron a vivir largas temporadas en el municipio y los nietos \u201cya han nacido aqu\u00ed. Eso se ve en L\u2019Alf\u00e0s: en una mesa escuchas hablar valenciano, en otra ingles y en otra noruego o alem\u00e1n\u201d, relata.<\/p>   <p>El alcalde afirma que esta convivencia permite que la turismofobia tampoco exista en el municipio. La ocupaci\u00f3n en el municipio est\u00e1 \u201cmuy equilibrada\u201d durante todo el a\u00f1o puesto que la mayor parte de turistas n\u00f3rdicos pasan largas estancias en el municipio de octubre a mayo y es precisamente, durante los meses de verano, cuando regresan a sus pa\u00edses permitiendo que esas plazas las ocupen los turistas nacionales en temporada estival.<\/p>   <p>     .c-w{         max-width:444px;         width:100%;         margin:16px auto;      background:#00755E;         border-radius:4px;         display:flex;         align-items:center;         justify-content:center;     }     .c-w a{         display:flex;         align-items:center;         justify-content:center;         padding:4px 24px;     }     .c-w img{         width:24px;         margin-right:12px;     }     .c-w p{         font:18px\/25px Poppins;         text-align:center;         color:#fff;         margin:0;     }     @media (max-width:444px){         .c-w a{             padding:4px 12px;         }         .c-w img{             width:24px;             margin-right:8px;         }         .c-w p{             font:14px\/25px Poppins;         }     }     @media (max-width:335px){         .c-w p{             font:13px\/25px Poppins;         }     }  <div class=\"c-w\">     <a href=\"https:\/\/www.whatsapp.com\/channel\/0029Va633PF9WtC4l7XUzh1e\" target=\"_blank\" rel=\"noopener\">         <img decoding=\"async\" src=\"https:\/\/cadenaser.com\/estaticos\/recursosgraficos\/responsive\/img\/ico-whatsapp.svg\" alt=\"Whatsapp\">         <p>\u00danete al <b>canal de WhatsApp<\/b> de la SER<\/p>     <\/a> <\/div><\/p>   <p>Por otra parte Arques ha destacado el proyecto de la Finca Roca que est\u00e1 en periodo de informaci\u00f3n publica y que prev\u00e9 que en tres meses puedan comenzar los trabajos de rehabilitaci\u00f3n. Una finca se\u00f1orial con m\u00e1s de 100 a\u00f1os de antig\u00fcedad que, una vez restaurada, se destinar\u00e1 \u201ca usos culturales\u201d.<\/p>   <p>El alcalde alfasino tambi\u00e9n ha recordado que el pr\u00f3ximo mes de octubre el municipio ser\u00e1 sede del Congreso Internacional de Banderas Azules y que a partir de este oto\u00f1o se retoman muchos proyectos que cuentan con financiaci\u00f3n europea. De hecho el municipio ha recibido 4,5 millones de euros del Plan de Sostenibilidad Tur\u00edstica en Destino.<\/p> ","protected":false},"excerpt":{"rendered":"<p>El alcalde afirma que, una vez rehabilitada, la Finca Roca tendr\u00e1 un uso cultural<\/p>\n","protected":false},"author":0,"featured_media":8607,"comment_status":"open","ping_status":"open","sticky":false,"template":"","format":"standard","meta":{"_acf_changed":false,"footnotes":""},"categories":[1],"tags":[],"class_list":["post-8606","post","type-post","status-publish","format-standard","has-post-thumbnail","hentry","category-sin-categoria"],"acf":{"ser_id":"WPJOX4GOWFGQXBWXGZ7A2UWYII","ser_url":"https:\/\/cadenaser.com\/comunitat-valenciana\/2024\/09\/20\/vicente-arques-lalfas-del-pi-la-inmigracion-no-es-un-problema-es-una-oportunidad-radio-benidorm\/"},"_links":{"self":[{"href":"https:\/\/serbenidorm.daliisolutions.com\/index.php\/wp-json\/wp\/v2\/posts\/8606","targetHints":{"allow":["GET"]}}],"collection":[{"href":"https:\/\/serbenidorm.daliisolutions.com\/index.php\/wp-json\/wp\/v2\/posts"}],"about":[{"href":"https:\/\/serbenidorm.daliisolutions.com\/index.php\/wp-json\/wp\/v2\/types\/post"}],"replies":[{"embeddable":true,"href":"https:\/\/serbenidorm.daliisolutions.com\/index.php\/wp-json\/wp\/v2\/comments?post=8606"}],"version-history":[{"count":0,"href":"https:\/\/serbenidorm.daliisolutions.com\/index.php\/wp-json\/wp\/v2\/posts\/8606\/revisions"}],"wp:featuredmedia":[{"embeddable":true,"href":"https:\/\/serbenidorm.daliisolutions.com\/index.php\/wp-json\/wp\/v2\/media\/8607"}],"wp:attachment":[{"href":"https:\/\/serbenidorm.daliisolutions.com\/index.php\/wp-json\/wp\/v2\/media?parent=8606"}],"wp:term":[{"taxonomy":"category","embeddable":true,"href":"https:\/\/serbenidorm.daliisolutions.com\/index.php\/wp-json\/wp\/v2\/categories?post=8606"},{"taxonomy":"post_tag","embeddable":true,"href":"https:\/\/serbenidorm.daliisolutions.com\/index.php\/wp-json\/wp\/v2\/tags?post=8606"}],"curies":[{"name":"wp","href":"https:\/\/api.w.org\/{rel}","templated":true}]}}