{"id":862,"date":"2023-12-22T20:13:09","date_gmt":"2023-12-22T19:13:09","guid":{"rendered":"https:\/\/serbenidorm.daliisolutions.com\/index.php\/2023\/12\/22\/escucha-el-cuento-de-navidad-de-radio-benidorm\/"},"modified":"2023-12-22T20:13:09","modified_gmt":"2023-12-22T19:13:09","slug":"escucha-el-cuento-de-navidad-de-radio-benidorm","status":"publish","type":"post","link":"https:\/\/serbenidorm.daliisolutions.com\/index.php\/2023\/12\/22\/escucha-el-cuento-de-navidad-de-radio-benidorm\/","title":{"rendered":"Escucha el Cuento de Navidad de Radio Benidorm"},"content":{"rendered":"  <p>Benidorm<\/p>   <p>Tras la experiencia del a\u00f1o pasado, cuando recuperamos el Cuento de Navidad como una tradici\u00f3n en las ondas de Radio Benidorm Cadena SER con la adaptaci\u00f3n de un cl\u00e1sico, <a href=\"https:\/\/cadenaser.com\/comunitat-valenciana\/2022\/12\/23\/quieta-nit-el-cuento-de-navidad-de-radio-benidorm-radio-benidorm\/\" target=\"_blank\" rel=\"noopener\">\u00abQuieta Nit\u00bb de Pere Calders<\/a>, en este final de 2023 hemos optado por otro cl\u00e1sico, el m\u00e1s universal para estas fechas, el de Charles Dickens.<\/p>   <p>Es un cuento escrito en 1843 por este novelista ingl\u00e9s con el t\u00edtulo de <a href=\"https:\/\/cadenaser.com\/tag\/charles_dickens\/a\/\" target=\"_blank\" rel=\"noopener\">\u00abChristmas Carol\u00bb (en espa\u00f1ol \u00abCanci\u00f3n de Navidad\u00bb)<\/a> y, aunque ha pasado m\u00e1s de siglo y medio, esta obra no ha perdido actualidad llev\u00e1ndose a cabo multitud de adaptaciones para cine, teatro y radio. En nuestro caso, el encargado de su versi\u00f3n ha sido el dramaturgo local Manuel Palaz\u00f3n.<\/p>   <p>Palaz\u00f3n, que tambi\u00e9n protagoniza este radioteatro como Scrooge, el due\u00f1o de la tienda, se ha acompa\u00f1ado de la interpretaci\u00f3n de otros actores de la Agrupaci\u00f3n Coral de Benidorm (ACB): Vicente Simal como Bob Y Marley, Rose Marie Speckens como la ni\u00f1a y la mujer, as\u00ed como Teo Real y Concha Casimiro que representan las navidades pasadas, presentes y futuras. Jorge Garc\u00eda, con una peque\u00f1a intervenci\u00f3n como el sobrino Rudy, se ha encargado de la producci\u00f3n sonora.<\/p>   <p><figure><img decoding=\"async\" src=\"https:\/\/cadenaser.com\/resizer\/JyCycaiWFMPTWsNcO1vCcaNHHBY=\/650x366\/filters:quality(70)\/cloudfront-eu-central-1.images.arcpublishing.com\/prisaradio\/2HWVXVIIFBFPVIVVWLJUNHIWZI.jpeg\" loading=\"lazy\" width=\"240\" height=\"135\" \/><\/figure><div><a href=\"https:\/\/cadenaser.com\/comunitat-valenciana\/2022\/12\/23\/quieta-nit-el-cuento-de-navidad-de-radio-benidorm-radio-benidorm\/\">\u00abQuieta Nit\u00bb, el Cuento de Navidad en 2022<\/a><p><\/p><\/div><\/p>   <p>El Cuento de Navidad adaptado por Eduardo Mendoza<\/p>   <p><a href=\"https:\/\/cadenaser.com\/especial\/cuento-de-navidad-de-charles-dickens\/\" target=\"_blank\" rel=\"noopener\">En 2016 el escritor Eduardo Mendoza ya realiz\u00f3 una adaptaci\u00f3n de este texto para todas las emisoras de La SER<\/a>. Entonces estuvo dirigida por Jos\u00e9 Mar\u00eda Pou y el elenco todav\u00eda hoy no abruma y nos invita a volverlo escuchar: Juan Echanove, en el papel de Scrooge, Terele P\u00e1vez como el fantasma del pasado, Ver\u00f3nica Forqu\u00e9, el fantasma del presente, Miguel Rey\u00e1n es Marley, Pepe Viyuela es Cratchit y Crist\u00f3bal Su\u00e1rez interpreta a Fred.<\/p> ","protected":false},"excerpt":{"rendered":"<p>Este a\u00f1o recuperamos el cl\u00e1sico de Charles Dickens en una versi\u00f3n del dramaturgo local Manuel Palaz\u00f3n interpretada por actores de la Agrupaci\u00f3n Local de Benidorm (ACB)<\/p>\n","protected":false},"author":0,"featured_media":863,"comment_status":"open","ping_status":"open","sticky":false,"template":"","format":"standard","meta":{"_acf_changed":false,"footnotes":""},"categories":[1],"tags":[],"class_list":["post-862","post","type-post","status-publish","format-standard","has-post-thumbnail","hentry","category-sin-categoria"],"acf":{"ser_id":"W5HHWCR72NA3TDUSX7WNEXJINI","ser_url":"https:\/\/cadenaser.com\/comunitat-valenciana\/2023\/12\/22\/escucha-el-cuento-de-navidad-de-radio-benidorm-radio-benidorm\/"},"_links":{"self":[{"href":"https:\/\/serbenidorm.daliisolutions.com\/index.php\/wp-json\/wp\/v2\/posts\/862","targetHints":{"allow":["GET"]}}],"collection":[{"href":"https:\/\/serbenidorm.daliisolutions.com\/index.php\/wp-json\/wp\/v2\/posts"}],"about":[{"href":"https:\/\/serbenidorm.daliisolutions.com\/index.php\/wp-json\/wp\/v2\/types\/post"}],"replies":[{"embeddable":true,"href":"https:\/\/serbenidorm.daliisolutions.com\/index.php\/wp-json\/wp\/v2\/comments?post=862"}],"version-history":[{"count":0,"href":"https:\/\/serbenidorm.daliisolutions.com\/index.php\/wp-json\/wp\/v2\/posts\/862\/revisions"}],"wp:featuredmedia":[{"embeddable":true,"href":"https:\/\/serbenidorm.daliisolutions.com\/index.php\/wp-json\/wp\/v2\/media\/863"}],"wp:attachment":[{"href":"https:\/\/serbenidorm.daliisolutions.com\/index.php\/wp-json\/wp\/v2\/media?parent=862"}],"wp:term":[{"taxonomy":"category","embeddable":true,"href":"https:\/\/serbenidorm.daliisolutions.com\/index.php\/wp-json\/wp\/v2\/categories?post=862"},{"taxonomy":"post_tag","embeddable":true,"href":"https:\/\/serbenidorm.daliisolutions.com\/index.php\/wp-json\/wp\/v2\/tags?post=862"}],"curies":[{"name":"wp","href":"https:\/\/api.w.org\/{rel}","templated":true}]}}