{"id":8626,"date":"2024-09-22T11:23:11","date_gmt":"2024-09-22T09:23:11","guid":{"rendered":"https:\/\/serbenidorm.daliisolutions.com\/index.php\/2024\/09\/22\/alivio-para-el-c-f-la-nucia-tras-su-primera-victoria-liguera\/"},"modified":"2024-09-22T11:23:11","modified_gmt":"2024-09-22T09:23:11","slug":"alivio-para-el-c-f-la-nucia-tras-su-primera-victoria-liguera","status":"publish","type":"post","link":"https:\/\/serbenidorm.daliisolutions.com\/index.php\/2024\/09\/22\/alivio-para-el-c-f-la-nucia-tras-su-primera-victoria-liguera\/","title":{"rendered":"Alivio para el C.F. La Nuc\u00eda tras su primera victoria liguera"},"content":{"rendered":"  <p>Benidorm<\/p>   <p>El <a href=\"https:\/\/cadenaser.com\/tag\/club_futbol_la_nucia\/a\/\">C.F. La Nuc\u00eda<\/a>llegaba a la tercera jornada de liga en <a href=\"https:\/\/cadenaser.com\/tag\/tercera_division_real_federacion_espanola_futbol\/a\/\">Tercera RFEF<\/a> con cierta sensaci\u00f3n de urgencia y con la necesidad absoluta de sumar su primer triunfo en lo que va de competici\u00f3n para no revivir los todav\u00eda frescos fantasmas de la pasada campa\u00f1a.<\/p>   <p>Los roijillo recib\u00edan en casa al Crevillente Deportivo con la misi\u00f3n de convencer a la afici\u00f3n y, en cierta medida, a s\u00ed mismos que ese periodo de rodaje necesario despu\u00e9s de haber cambiado a toda la plantilla el pasado verano no iba a lastrar sus opciones a largo plazo.<\/p>   <p>Los de Berna Ballester cumplieron gracias a un gol de Nacho Porcar en el minuto 20 de juego que, a la postre, fue suficiente para llevarse los tres puntos. Y todo, despu\u00e9s de un partido que empez\u00f3 con un homenaje a Brian Pallar\u00e9s, lesionado de gravedad en el primer partido de la temporada, por parte de sus compa\u00f1eros.<\/p>  <p><p>M\u00e1s informaci\u00f3n<\/p><figure><img loading=\"lazy\" decoding=\"async\" src=\"https:\/\/cadenaser.com\/resizer\/v2\/HJJZ2KEDYFDXXDKLIZUSTSU2PE.jpg?auth=8f8fcaeae2a4cc68672482186053651307ca3285d76b7bfb7efe1834bcacba1a&amp;quality=70&amp;width=360&amp;height=202&amp;smart=true\" width=\"820\" height=\"621\" \/><\/figure><ul><li><a href=\"https:\/\/cadenaser.com\/comunitat-valenciana\/2024\/09\/02\/todos-los-partidos-horarios-y-resultados-del-cf-benidorm-y-cf-la-nucia-radio-benidorm\/\"><span>Todos los partidos, horarios y resultados del C.F. Benidorm y C.F. La Nuc\u00eda<\/span><\/a><\/li><\/ul><\/p>   <p>Los nucieros supieron aprovechar su mejor arranque de partido ante un Crevillente al que le cost\u00f3 entrar en calor y que podr\u00eda, incluso, haberse marchado al descanso con un 0-2 en contra que, seguramente, hubiese hecho m\u00e1s justicia a lo que se estaba viendo sobre el terreno de juego.<\/p>   <p>Ya en la segunda mitad el partido estuvo mucho m\u00e1s igualado, con los dos equipos buscando con insistencia el \u00e1rea contraria, aunque ya no se volver\u00eda a ver ning\u00fan gol y el C.F. La Nuc\u00eda conseguir\u00eda, gracias a ese solitario tanto de Porcar, sumar su primer triunfo del a\u00f1o.<\/p>   <p>     .c-w{         max-width:444px;         width:100%;         margin:16px auto;      background:#00755E;         border-radius:4px;         display:flex;         align-items:center;         justify-content:center;     }     .c-w a{         display:flex;         align-items:center;         justify-content:center;         padding:4px 24px;     }     .c-w img{         width:24px;         margin-right:12px;     }     .c-w p{         font:18px\/25px Poppins;         text-align:center;         color:#fff;         margin:0;     }     @media (max-width:444px){         .c-w a{             padding:4px 12px;         }         .c-w img{             width:24px;             margin-right:8px;         }         .c-w p{             font:14px\/25px Poppins;         }     }     @media (max-width:335px){         .c-w p{             font:13px\/25px Poppins;         }     }  <div class=\"c-w\">     <a href=\"https:\/\/www.whatsapp.com\/channel\/0029Va633PF9WtC4l7XUzh1e\" target=\"_blank\" rel=\"noopener\">         <img decoding=\"async\" src=\"https:\/\/cadenaser.com\/estaticos\/recursosgraficos\/responsive\/img\/ico-whatsapp.svg\" alt=\"Whatsapp\">         <p>\u00danete al <b>canal de WhatsApp<\/b> de la SER<\/p>     <\/a> <\/div><\/p>   <p><b>Empate del C.F. Benidorm ante el l\u00edder<\/b><\/p>   <p>Por su parte, el <a href=\"https:\/\/cadenaser.com\/tag\/club_futbol_benidorm\/a\/\">C.F. Benidorm<\/a> afrontaba este fin de semana un complicad\u00edsimo desplazamiento hasta el campo del Castellonense que, tras haber conseguido un pleno de victorias y no encajar ning\u00fan gol en las dos primeras jornadas, aparec\u00eda como un importante examen para los de Miguel \u00c1ngel Mart\u00ednez.<\/p>   <p>La pronosticada igualdad que se va a producir a lo largo de toda la temporada en este grupo seis de la Tercera RFEF qued\u00f3 claramente demostrada en el c\u00e9sped de l\u2019Almen\u00e0, con dos equipos que buscaron con insistencia la porter\u00eda contraria y para los que el empate haya sido, seguramente, el resultado m\u00e1s justo.<\/p>   <p>\u00c1lvaro fue el encargado de adelantar a los de Benidorm en el minuto 23 de juego, obligando a los locales a afrontar una situaci\u00f3n in\u00e9dita en esta temporada para ellos: la remontada.<\/p>   <p>Todav\u00eda en la primera mitad llegar\u00eda el 1-1 del Castellonense cuando Oca aprovech\u00f3 un penalti para batir a un Company que, pese a adivinar el lugar por donde iba a disparar el jugador del Castellonense, no pudo alcanzar la pelota.<\/p>   <p>Antes del descanso, el C.F. Benidorm todav\u00eda tuvo una opci\u00f3n para ponerse por delante, pero el portero local estuvo muy atento para evitarlo. Con esa acci\u00f3n no s\u00f3lo termin\u00f3 la primera parte, sino pr\u00e1cticamente el partido ya que en la segunda mitad tampoco se vieron nuevos goles.<\/p> ","protected":false},"excerpt":{"rendered":"<p>El C.F. Benidorm arranca un empate en su visita al Castellonense<\/p>\n","protected":false},"author":0,"featured_media":8627,"comment_status":"open","ping_status":"open","sticky":false,"template":"","format":"standard","meta":{"_acf_changed":false,"footnotes":""},"categories":[16],"tags":[],"class_list":["post-8626","post","type-post","status-publish","format-standard","has-post-thumbnail","hentry","category-deportes"],"acf":{"ser_id":"HJZAARODSRGLBO6LHKAG2R6TSQ","ser_url":"https:\/\/cadenaser.com\/comunitat-valenciana\/2024\/09\/22\/alivio-para-el-cf-la-nucia-tras-su-primera-victoria-liguera-radio-benidorm\/"},"_links":{"self":[{"href":"https:\/\/serbenidorm.daliisolutions.com\/index.php\/wp-json\/wp\/v2\/posts\/8626","targetHints":{"allow":["GET"]}}],"collection":[{"href":"https:\/\/serbenidorm.daliisolutions.com\/index.php\/wp-json\/wp\/v2\/posts"}],"about":[{"href":"https:\/\/serbenidorm.daliisolutions.com\/index.php\/wp-json\/wp\/v2\/types\/post"}],"replies":[{"embeddable":true,"href":"https:\/\/serbenidorm.daliisolutions.com\/index.php\/wp-json\/wp\/v2\/comments?post=8626"}],"version-history":[{"count":0,"href":"https:\/\/serbenidorm.daliisolutions.com\/index.php\/wp-json\/wp\/v2\/posts\/8626\/revisions"}],"wp:featuredmedia":[{"embeddable":true,"href":"https:\/\/serbenidorm.daliisolutions.com\/index.php\/wp-json\/wp\/v2\/media\/8627"}],"wp:attachment":[{"href":"https:\/\/serbenidorm.daliisolutions.com\/index.php\/wp-json\/wp\/v2\/media?parent=8626"}],"wp:term":[{"taxonomy":"category","embeddable":true,"href":"https:\/\/serbenidorm.daliisolutions.com\/index.php\/wp-json\/wp\/v2\/categories?post=8626"},{"taxonomy":"post_tag","embeddable":true,"href":"https:\/\/serbenidorm.daliisolutions.com\/index.php\/wp-json\/wp\/v2\/tags?post=8626"}],"curies":[{"name":"wp","href":"https:\/\/api.w.org\/{rel}","templated":true}]}}