{"id":8628,"date":"2024-09-22T11:23:13","date_gmt":"2024-09-22T09:23:13","guid":{"rendered":"https:\/\/serbenidorm.daliisolutions.com\/index.php\/2024\/09\/22\/escaso-premio-para-el-sporting-la-nucia-en-su-debut\/"},"modified":"2024-09-22T11:23:13","modified_gmt":"2024-09-22T09:23:13","slug":"escaso-premio-para-el-sporting-la-nucia-en-su-debut","status":"publish","type":"post","link":"https:\/\/serbenidorm.daliisolutions.com\/index.php\/2024\/09\/22\/escaso-premio-para-el-sporting-la-nucia-en-su-debut\/","title":{"rendered":"Escaso premio para el Sporting La Nuc\u00eda en su debut"},"content":{"rendered":"  <p>Benidorm<\/p>   <p>S\u00f3lo el paso de las jornadas podr\u00e1 determinar si el empate cosechado por el <a href=\"https:\/\/cadenaser.com\/tag\/sporting_futbol_sala_la_nucia\/a\/\">Sporting La Nuc\u00eda<\/a> en su debut en la Segunda Divisi\u00f3n del f\u00fatbol sala nacional es un resultado positivo o no. Lo cierto es que, seguramente, la mayor\u00eda de los aficionados habr\u00edan firmado ese reparto de puntos ante el Melistar en la primera comparecencia de los rojillos en la categor\u00eda de plata; pero visto lo visto en el choque, con muchas fases de clar\u00edsimo dominio local, tambi\u00e9n los hay que se marcharon del Camilo Cano con la sensaci\u00f3n de una oportunidad perdida. Al final, el 2-2 permite a los nucieros comenzar sumando e ir poniendo los cimientos para ese objetivo confeso que es salvar la categor\u00eda.<\/p>  <p><p>M\u00e1s informaci\u00f3n<\/p><figure><img loading=\"lazy\" decoding=\"async\" src=\"https:\/\/cadenaser.com\/resizer\/v2\/UEICKDO2ABBXBD2DL7RCVH2ICA.jpg?auth=877ce55142a5221260479ea42199a2c29b05a9d9e48abfcb1ccd6f654d18f5f0&amp;quality=70&amp;width=360&amp;height=202&amp;smart=true\" width=\"820\" height=\"621\" \/><\/figure><ul><li><a href=\"https:\/\/cadenaser.com\/comunitat-valenciana\/2024\/09\/04\/todos-los-partidos-horarios-y-resultados-del-sporting-futbol-sala-la-nucia-radio-benidorm\/\"><span>Todos los partidos, horarios y resultados del Sporting F\u00fatbol Sala La Nuc\u00eda<\/span><\/a><\/li><\/ul><\/p>   <p>Hab\u00eda mucha expectaci\u00f3n para, tras dos ascensos consecutivos, ver al Sporting La Nuc\u00eda debutar en Segunda y todos esos nervios se vieron recompensados tras apenas cuatro minutos de juego, cuando los rojillos se adelantaban por mediaci\u00f3n de Kiwi.<\/p>   <p>Esa alegr\u00eda local s\u00f3lo dur\u00f3 diez minutos, que es lo que tard\u00f3 el equipo melillense en igualar el partido por medio de las botas de Mati Bonino, que coloc\u00f3 el 1-1 en el luminoso con el que se lleg\u00f3 al descanso.<\/p>   <p>La reanudaci\u00f3n fue una aut\u00e9ntica locura. El Melistar fue el primer en ver puerta por medio de Rangel, que consegu\u00eda darle la vuelta a la situaci\u00f3n inicial y adelantar a los visitantes a los que la alegr\u00eda no les dur\u00f3 pr\u00e1cticamente nada ya que el <a href=\"https:\/\/cadenaser.com\/tag\/sporting_futbol_sala_la_nucia\/a\/\">Sporting La Nuc\u00eda<\/a> empat\u00f3, acto seguido, gracias a un gol de Kiwi, h\u00e9roe de la tarde.<\/p>   <p>En el tramo final del encuentro, ambos equipos dispusieron de buenas ocasiones para sentenciar y llevarse los tres puntos, pero nadie lo consigui\u00f3 y, finalmente, ambos se conformaron con el reparto de puntos.<\/p>   <p>     .c-w{         max-width:444px;         width:100%;         margin:16px auto;      background:#00755E;         border-radius:4px;         display:flex;         align-items:center;         justify-content:center;     }     .c-w a{         display:flex;         align-items:center;         justify-content:center;         padding:4px 24px;     }     .c-w img{         width:24px;         margin-right:12px;     }     .c-w p{         font:18px\/25px Poppins;         text-align:center;         color:#fff;         margin:0;     }     @media (max-width:444px){         .c-w a{             padding:4px 12px;         }         .c-w img{             width:24px;             margin-right:8px;         }         .c-w p{             font:14px\/25px Poppins;         }     }     @media (max-width:335px){         .c-w p{             font:13px\/25px Poppins;         }     }  <div class=\"c-w\">     <a href=\"https:\/\/www.whatsapp.com\/channel\/0029Va633PF9WtC4l7XUzh1e\" target=\"_blank\" rel=\"noopener\">         <img decoding=\"async\" src=\"https:\/\/cadenaser.com\/estaticos\/recursosgraficos\/responsive\/img\/ico-whatsapp.svg\" alt=\"Whatsapp\">         <p>\u00danete al <b>canal de WhatsApp<\/b> de la SER<\/p>     <\/a> <\/div><\/p> ","protected":false},"excerpt":{"rendered":"<p>Los de Dada dominaron el choque en muchos momentos, pero se tuvieron que conformar con el empate<\/p>\n","protected":false},"author":0,"featured_media":8629,"comment_status":"open","ping_status":"open","sticky":false,"template":"","format":"standard","meta":{"_acf_changed":false,"footnotes":""},"categories":[16],"tags":[],"class_list":["post-8628","post","type-post","status-publish","format-standard","has-post-thumbnail","hentry","category-deportes"],"acf":{"ser_id":"6ZB2UQMHCNA2LIOKRCDOZ754W4","ser_url":"https:\/\/cadenaser.com\/comunitat-valenciana\/2024\/09\/22\/escaso-premio-para-el-sporting-la-nucia-en-su-debut-radio-benidorm\/"},"_links":{"self":[{"href":"https:\/\/serbenidorm.daliisolutions.com\/index.php\/wp-json\/wp\/v2\/posts\/8628","targetHints":{"allow":["GET"]}}],"collection":[{"href":"https:\/\/serbenidorm.daliisolutions.com\/index.php\/wp-json\/wp\/v2\/posts"}],"about":[{"href":"https:\/\/serbenidorm.daliisolutions.com\/index.php\/wp-json\/wp\/v2\/types\/post"}],"replies":[{"embeddable":true,"href":"https:\/\/serbenidorm.daliisolutions.com\/index.php\/wp-json\/wp\/v2\/comments?post=8628"}],"version-history":[{"count":0,"href":"https:\/\/serbenidorm.daliisolutions.com\/index.php\/wp-json\/wp\/v2\/posts\/8628\/revisions"}],"wp:featuredmedia":[{"embeddable":true,"href":"https:\/\/serbenidorm.daliisolutions.com\/index.php\/wp-json\/wp\/v2\/media\/8629"}],"wp:attachment":[{"href":"https:\/\/serbenidorm.daliisolutions.com\/index.php\/wp-json\/wp\/v2\/media?parent=8628"}],"wp:term":[{"taxonomy":"category","embeddable":true,"href":"https:\/\/serbenidorm.daliisolutions.com\/index.php\/wp-json\/wp\/v2\/categories?post=8628"},{"taxonomy":"post_tag","embeddable":true,"href":"https:\/\/serbenidorm.daliisolutions.com\/index.php\/wp-json\/wp\/v2\/tags?post=8628"}],"curies":[{"name":"wp","href":"https:\/\/api.w.org\/{rel}","templated":true}]}}