{"id":8645,"date":"2024-09-23T07:51:19","date_gmt":"2024-09-23T05:51:19","guid":{"rendered":"https:\/\/serbenidorm.daliisolutions.com\/index.php\/2024\/09\/23\/los-chicos-del-voleibol-playas-de-benidorm-disputaran-la-final-de-la-copa-comunitat\/"},"modified":"2024-09-23T07:51:19","modified_gmt":"2024-09-23T05:51:19","slug":"los-chicos-del-voleibol-playas-de-benidorm-disputaran-la-final-de-la-copa-comunitat","status":"publish","type":"post","link":"https:\/\/serbenidorm.daliisolutions.com\/index.php\/2024\/09\/23\/los-chicos-del-voleibol-playas-de-benidorm-disputaran-la-final-de-la-copa-comunitat\/","title":{"rendered":"Los chicos del Voleibol Playas de Benidorm disputar\u00e1n la final de la Copa Comunitat"},"content":{"rendered":"  <p>Benidorm<\/p>   <p>El equipo masculino del <a href=\"https:\/\/cadenaser.com\/tag\/club_voleibol_playas_benidorm\/a\/\">Club Voleibol Playas de Benidorm<\/a> no defraud\u00f3 en su debut competitivo oficial en el pabell\u00f3n Ra\u00fal Mesa y se impuso sin demasiadas dificultades al Villena-Petrer por un contundente 3-0 (25-20\/25-21\/25-21) en un choque en el que los de Adriano Lamb se mostraron muy superiores a todo un reci\u00e9n descendido de la m\u00e1xima categor\u00eda.<\/p>   <p>Esta victoria no s\u00f3lo mete de lleno a los de Benidorm en la final por la Copa Comunitat, sino que confirma lo que ya adelantaba su entrenador, <a href=\"https:\/\/cadenaser.com\/comunitat-valenciana\/2024\/09\/19\/el-club-voleibol-playas-de-benidorm-luchara-por-todo-esta-temporada-radio-benidorm\/\">Adriano Lamb, en SER Deportivos Marina Baixa<\/a> respecto a las buenas sensaciones que ya hab\u00eda percibido <a href=\"https:\/\/cadenaser.com\/comunitat-valenciana\/2024\/09\/15\/debut-inmaculado-para-el-servigroup-voleibol-benidorm-radio-benidorm\/\">tras el partido de cuartos de final ante el Paterna-Liceo<\/a>.<\/p>   <p>La mejor noticia de esta semifinal, m\u00e1s all\u00e1 del triunfo, es haberla conseguido con tanta solvencia sobre un equipo que, tras su descenso desde la Superliga Masculina, aparece como uno de los grandes rivales del Servigroup Benidorm en ese objetivo de pelear por los puestos de ascenso al finaliza la campa\u00f1a que arrancar\u00e1 en el primer fin de semana de octubre.<\/p>  <p><p>M\u00e1s informaci\u00f3n<\/p><figure><img loading=\"lazy\" decoding=\"async\" src=\"https:\/\/cadenaser.com\/resizer\/v2\/7TPHZLTOPNEVRHBDISODCMNOQU.jpg?auth=5734c3cd152c91a7dbdce0318636f67f00d0b49024eaa0729a8836509cc536cb&amp;quality=70&amp;width=360&amp;height=202&amp;smart=true\" width=\"820\" height=\"621\" \/><\/figure><ul><li><a href=\"https:\/\/cadenaser.com\/comunitat-valenciana\/2024\/09\/02\/todos-los-partidos-horarios-y-resultados-del-voleibol-radio-benidorm\/\"><span>Todos los partidos, horarios y resultados del voleibol<\/span><\/a><\/li><\/ul><\/p>   <p>En la final, que <a href=\"https:\/\/cadenaser.com\/comunitat-valenciana\/2024\/09\/02\/todos-los-partidos-horarios-y-resultados-del-voleibol-radio-benidorm\/\">se disputar\u00e1 el pr\u00f3ximo fin de semana en Petrer, el Servigroup Benidorm se las tendr\u00e1 que ver con el Val\u00e8ncia-Conqueridor<\/a>, equipo de la m\u00e1xima categor\u00eda que ya elimin\u00f3 a los benidormenses el pasado a\u00f1o en esta competici\u00f3n.<\/p>   <p><b>Derrota de las vigentes campeonas<\/b><\/p>   <p>Las que no podr\u00e1n sumar un tercer t\u00edtulo consecutivo en la Copa Comunitat son las chicas del <a href=\"https:\/\/cadenaser.com\/tag\/club_voleibol_playas_benidorm\/a\/\">Servigroup Benidorm<\/a>, que protagonizaron la sorpresa negativa al caer derrotadas ante el Paterna-Liceo, el equipo que la semana pasada ya dej\u00f3 por el camino en esta competici\u00f3n auton\u00f3mico al Medsur-Finestrat.<\/p>   <p>     .c-w{         max-width:444px;         width:100%;         margin:16px auto;      background:#00755E;         border-radius:4px;         display:flex;         align-items:center;         justify-content:center;     }     .c-w a{         display:flex;         align-items:center;         justify-content:center;         padding:4px 24px;     }     .c-w img{         width:24px;         margin-right:12px;     }     .c-w p{         font:18px\/25px Poppins;         text-align:center;         color:#fff;         margin:0;     }     @media (max-width:444px){         .c-w a{             padding:4px 12px;         }         .c-w img{             width:24px;             margin-right:8px;         }         .c-w p{             font:14px\/25px Poppins;         }     }     @media (max-width:335px){         .c-w p{             font:13px\/25px Poppins;         }     }  <div class=\"c-w\">     <a href=\"https:\/\/www.whatsapp.com\/channel\/0029Va633PF9WtC4l7XUzh1e\" target=\"_blank\" rel=\"noopener\">         <img decoding=\"async\" src=\"https:\/\/cadenaser.com\/estaticos\/recursosgraficos\/responsive\/img\/ico-whatsapp.svg\" alt=\"Whatsapp\">         <p>\u00danete al <b>canal de WhatsApp<\/b> de la SER<\/p>     <\/a> <\/div><\/p>   <p>Tal y como sucediera hace siete d\u00edas ante las finestratenses, las valencianas concedieron el primer set, que cay\u00f3 del lado benidormense por 20-25 para, posteriormente, protagonizar una gran remontada en la que apenas dejaron espacio para la duda, llev\u00e1ndose finalmente el choque por 3-1 (20-25\/25-15\/25-20\/25-16).<\/p> ","protected":false},"excerpt":{"rendered":"<p>El equipo femenino dio la sorpresa negativa y cay\u00f3 derrotado por el Paterna-Liceo<\/p>\n","protected":false},"author":0,"featured_media":8646,"comment_status":"open","ping_status":"open","sticky":false,"template":"","format":"standard","meta":{"_acf_changed":false,"footnotes":""},"categories":[16],"tags":[],"class_list":["post-8645","post","type-post","status-publish","format-standard","has-post-thumbnail","hentry","category-deportes"],"acf":{"ser_id":"PXTIL3A5CVHE7KSAJXJROV4DOI","ser_url":"https:\/\/cadenaser.com\/comunitat-valenciana\/2024\/09\/22\/los-chicos-del-voleibol-playas-de-benidorm-disputaran-la-final-de-la-copa-comunitat-radio-benidorm\/"},"_links":{"self":[{"href":"https:\/\/serbenidorm.daliisolutions.com\/index.php\/wp-json\/wp\/v2\/posts\/8645","targetHints":{"allow":["GET"]}}],"collection":[{"href":"https:\/\/serbenidorm.daliisolutions.com\/index.php\/wp-json\/wp\/v2\/posts"}],"about":[{"href":"https:\/\/serbenidorm.daliisolutions.com\/index.php\/wp-json\/wp\/v2\/types\/post"}],"replies":[{"embeddable":true,"href":"https:\/\/serbenidorm.daliisolutions.com\/index.php\/wp-json\/wp\/v2\/comments?post=8645"}],"version-history":[{"count":0,"href":"https:\/\/serbenidorm.daliisolutions.com\/index.php\/wp-json\/wp\/v2\/posts\/8645\/revisions"}],"wp:featuredmedia":[{"embeddable":true,"href":"https:\/\/serbenidorm.daliisolutions.com\/index.php\/wp-json\/wp\/v2\/media\/8646"}],"wp:attachment":[{"href":"https:\/\/serbenidorm.daliisolutions.com\/index.php\/wp-json\/wp\/v2\/media?parent=8645"}],"wp:term":[{"taxonomy":"category","embeddable":true,"href":"https:\/\/serbenidorm.daliisolutions.com\/index.php\/wp-json\/wp\/v2\/categories?post=8645"},{"taxonomy":"post_tag","embeddable":true,"href":"https:\/\/serbenidorm.daliisolutions.com\/index.php\/wp-json\/wp\/v2\/tags?post=8645"}],"curies":[{"name":"wp","href":"https:\/\/api.w.org\/{rel}","templated":true}]}}