{"id":8650,"date":"2024-09-23T18:30:49","date_gmt":"2024-09-23T16:30:49","guid":{"rendered":"https:\/\/serbenidorm.daliisolutions.com\/index.php\/2024\/09\/23\/la-futura-planta-desaladora-de-benidorm-ya-tiene-fecha\/"},"modified":"2024-09-23T18:30:49","modified_gmt":"2024-09-23T16:30:49","slug":"la-futura-planta-desaladora-de-benidorm-ya-tiene-fecha","status":"publish","type":"post","link":"https:\/\/serbenidorm.daliisolutions.com\/index.php\/2024\/09\/23\/la-futura-planta-desaladora-de-benidorm-ya-tiene-fecha\/","title":{"rendered":"La futura planta desaladora de Benidorm ya tiene fecha"},"content":{"rendered":"  <p>Benidorm<\/p>   <p>2028. Esa es la fecha en la que el Ayuntamiento de Benidorm y el Consorcio de Aguas de la Marina Baixa esperan contar con una planta desalinizadora en la capital tur\u00edstica. Una ambici\u00f3n que ya ha explicado en varias ocasiones en <a href=\"https:\/\/cadenaser.com\/tag\/benidorm\/a\/\" target=\"_blank\" rel=\"noopener\">Radio Benidorm<\/a> el presidente de este organismo, Jaume Berenguer, y que da ahora un nuevo paso con la firma de un convenio para redactar el proyecto.<\/p>   <p>\u00abCon la necesidad de dotar de nuevos recursos de agua desalada tanto de Mutxamel como de la nueva desaladora de la Marina Baixa en Benidorm y que est\u00e9 construida en 2028\u00bb, ha se\u00f1alado Berenguer.<\/p>  <p><p>M\u00e1s informaci\u00f3n<\/p><figure><img loading=\"lazy\" decoding=\"async\" src=\"https:\/\/cadenaser.com\/resizer\/v2\/NV7CK6GLZBDIXO3FMFRZQZSCNM.jpeg?auth=c07e82276a79cfcac3862380a60fa7b72b6fa87187b33a6494a8b93dc582b9b6&amp;quality=70&amp;width=360&amp;height=202&amp;smart=true\" width=\"820\" height=\"621\" \/><\/figure><ul><li><a href=\"https:\/\/cadenaser.com\/comunitat-valenciana\/2024\/09\/05\/las-ultimas-lluvias-arrastran-las-cenizas-del-incendio-de-tarbena-hasta-altea-radio-benidorm\/\"><span>Las \u00faltimas lluvias arrastran las cenizas del incendio de T\u00e1rbena hasta Altea por el abandono de los cultivos<\/span><\/a><\/li><\/ul><\/p>   <p>La hoja de ruta prev\u00e9 que el proyecto est\u00e9 listo en primavera, ha precisado el alcalde Toni P\u00e9rez, que indicaba que a partir de ese momento \u201cpropondremos aportaciones econ\u00f3micas a las administraciones superiores para poder contar con la instalaci\u00f3n en el a\u00f1o 2028\u201d.<\/p>   <p>El documento estrat\u00e9gico aprobado este lunes por la junta del Consorcio analiza que la demanda a futuro en la Marina Baixa se estima en 6 hect\u00f3metros c\u00fabicos hasta 2030, mientras que hasta 2035 la necesidad de abastecimiento se calcula en 6,89 hect\u00f3metros c\u00fabicos. Ser\u00edan, por lo tanto, en torno a 12 hect\u00f3metros c\u00fabicos que deber\u00edan ser atendidos a trav\u00e9s de los 6 ya pedidos de la desalinizadora de Mutxamel y otros seis de la futura instalaci\u00f3n de Benidorm.<\/p>   <p>Mejoras en los embalses<\/p>   <p>En las conclusiones del documento se indica tambi\u00e9n la necesidad de que la Confederaci\u00f3n Hidrogr\u00e1fica del J\u00facar (CHJ) permita incrementar el volumen de almacenamiento de agua en la comarca mediante la modificaci\u00f3n de los embalses actuales, as\u00ed como la construcci\u00f3n de balsas que permitan almacenar m\u00e1s agua en nuevas ubicaciones.<\/p>   <p>     .c-w{         max-width:444px;         width:100%;         margin:16px auto;      background:#00755E;         border-radius:4px;         display:flex;         align-items:center;         justify-content:center;     }     .c-w a{         display:flex;         align-items:center;         justify-content:center;         padding:4px 24px;     }     .c-w img{         width:24px;         margin-right:12px;     }     .c-w p{         font:18px\/25px Poppins;         text-align:center;         color:#fff;         margin:0;     }     @media (max-width:444px){         .c-w a{             padding:4px 12px;         }         .c-w img{             width:24px;             margin-right:8px;         }         .c-w p{             font:14px\/25px Poppins;         }     }     @media (max-width:335px){         .c-w p{             font:13px\/25px Poppins;         }     }  <div class=\"c-w\">     <a href=\"https:\/\/www.whatsapp.com\/channel\/0029Va633PF9WtC4l7XUzh1e\" target=\"_blank\" rel=\"noopener\">         <img decoding=\"async\" src=\"https:\/\/cadenaser.com\/estaticos\/recursosgraficos\/responsive\/img\/ico-whatsapp.svg\" alt=\"Whatsapp\">         <p>\u00danete al <b>canal de WhatsApp<\/b> de la SER<\/p>     <\/a> <\/div><\/p> ","protected":false},"excerpt":{"rendered":"<p>El plan prev\u00e9 la firma de un convenio entre el Ayuntamiento y el Consorcio de Aguas para redactar el proyecto y tenerlo para la pr\u00f3xima primavera<\/p>\n","protected":false},"author":0,"featured_media":8651,"comment_status":"open","ping_status":"open","sticky":false,"template":"","format":"standard","meta":{"_acf_changed":false,"footnotes":""},"categories":[1],"tags":[],"class_list":["post-8650","post","type-post","status-publish","format-standard","has-post-thumbnail","hentry","category-sin-categoria"],"acf":{"ser_id":"IRGCIDB4H5CKHJP76VVU7OBBUY","ser_url":"https:\/\/cadenaser.com\/comunitat-valenciana\/2024\/09\/23\/la-planta-desaladora-de-benidorm-ya-tiene-fecha-radio-benidorm\/"},"_links":{"self":[{"href":"https:\/\/serbenidorm.daliisolutions.com\/index.php\/wp-json\/wp\/v2\/posts\/8650","targetHints":{"allow":["GET"]}}],"collection":[{"href":"https:\/\/serbenidorm.daliisolutions.com\/index.php\/wp-json\/wp\/v2\/posts"}],"about":[{"href":"https:\/\/serbenidorm.daliisolutions.com\/index.php\/wp-json\/wp\/v2\/types\/post"}],"replies":[{"embeddable":true,"href":"https:\/\/serbenidorm.daliisolutions.com\/index.php\/wp-json\/wp\/v2\/comments?post=8650"}],"version-history":[{"count":0,"href":"https:\/\/serbenidorm.daliisolutions.com\/index.php\/wp-json\/wp\/v2\/posts\/8650\/revisions"}],"wp:featuredmedia":[{"embeddable":true,"href":"https:\/\/serbenidorm.daliisolutions.com\/index.php\/wp-json\/wp\/v2\/media\/8651"}],"wp:attachment":[{"href":"https:\/\/serbenidorm.daliisolutions.com\/index.php\/wp-json\/wp\/v2\/media?parent=8650"}],"wp:term":[{"taxonomy":"category","embeddable":true,"href":"https:\/\/serbenidorm.daliisolutions.com\/index.php\/wp-json\/wp\/v2\/categories?post=8650"},{"taxonomy":"post_tag","embeddable":true,"href":"https:\/\/serbenidorm.daliisolutions.com\/index.php\/wp-json\/wp\/v2\/tags?post=8650"}],"curies":[{"name":"wp","href":"https:\/\/api.w.org\/{rel}","templated":true}]}}