{"id":8652,"date":"2024-09-23T18:30:55","date_gmt":"2024-09-23T16:30:55","guid":{"rendered":"https:\/\/serbenidorm.daliisolutions.com\/index.php\/2024\/09\/23\/nueva-agresion-en-el-deporte-el-atletico-callosa-expulsa-al-jugador-que-ataco-a-un-arbitro-el-pasado-sabado\/"},"modified":"2024-09-23T18:30:55","modified_gmt":"2024-09-23T16:30:55","slug":"nueva-agresion-en-el-deporte-el-atletico-callosa-expulsa-al-jugador-que-ataco-a-un-arbitro-el-pasado-sabado","status":"publish","type":"post","link":"https:\/\/serbenidorm.daliisolutions.com\/index.php\/2024\/09\/23\/nueva-agresion-en-el-deporte-el-atletico-callosa-expulsa-al-jugador-que-ataco-a-un-arbitro-el-pasado-sabado\/","title":{"rendered":"Nueva agresi\u00f3n en el deporte: el Atl\u00e9tico Callosa expulsa al jugador que atac\u00f3 a un \u00e1rbitro el pasado s\u00e1bado"},"content":{"rendered":"  <p>Benidorm<\/p>   <p>Por segunda vez en apenas una semana, la violencia en el deporte se ha convertido en la triste protagonista del fin de semana en la Marina Baixa. Si hace ahora siete d\u00edas <a href=\"https:\/\/cadenaser.com\/comunitat-valenciana\/2024\/09\/17\/denuncian-al-portavoz-de-vox-en-la-vila-joiosa-por-romperle-la-nariz-a-un-menor-durante-un-partido-de-balonmano-radio-benidorm\/\" target=\"_blank\" rel=\"noopener\">se daba a conocer el triste episodio vivido el d\u00eda 6 de septiembre en un partido amistoso de balonmano entre los equipos de La Vila Joiosa y Sant Joan<\/a>; este pasado s\u00e1bado el escenario del nuevo cap\u00edtulo fue un partido de f\u00fatbol entre los equipos de Finestrat y Callosa disputado en el campo del primero de ellos.<\/p>   <p>All\u00ed, y durante un choque que se estaba desarrollando sin ning\u00fan incidente llamativo, cumplidos poco m\u00e1s de diez minutos de la segunda mitad y con 1-0 en el marcador; el \u00e1rbitro tuvo que suspender el partido tras ser brutalmente agredido por parte de un jugador visitante que previamente se hab\u00eda encarado con la grada local.<\/p>   <p><a href=\"https:\/\/cadenaser.com\/radio-benidorm\/ser-deportivos-benidorm\/\" target=\"_blank\" rel=\"noopener\">Radio Benidorm-SER<\/a> ha podido hablar con el colegiado del encuentro, un joven de s\u00f3lo 23 a\u00f1os, que ha querido guardar su anonimato y que ha asegurado a este medio encontrarse muy afectado an\u00edmicamente por lo vivido en ese execrable episodio.<\/p>  <p><p class=\"tit\"><span>Nueva agresi\u00f3n en el deporte: el Atl\u00e9tico Callosa expulsa al jugador que atac\u00f3 a un \u00e1rbitro el pasado s\u00e1bado<\/span><\/p> <p class=\"emb\"><iframe loading=\"lazy\" src=\"https:\/\/cadenaser.com\/embed\/audio\/460\/1727103459105\/\" width=\"100%\" height=\"360\" frameborder=\"0\" allowfullscreen><\/iframe><\/p><\/p>   <p>Seg\u00fan el relato de los all\u00ed presentes y por motivos que las personas contactadas por esta redacci\u00f3n dicen desconocer, el protagonista de esta historia, un jugador del Atl\u00e9tico Callosa de 29 a\u00f1os, se encar\u00f3 con la grada local, abandonando el terreno de juego, saltando al grader\u00edo e iniciando una discusi\u00f3n con parte del p\u00fablico.<\/p>   <p>Fue entonces cuando el joven colegiado, aplicando el reglamento, fue a expulsar al jugador con roja directa, algo que provoc\u00f3 la ira de \u00e9ste que, tras encararse verbalmente con el \u00e1rbitro, le propin\u00f3 una patada en la tibia que acab\u00f3 con el \u00e1rbitro en el suelo y, posteriormente, con el partido suspendido.<\/p>   <p>     .c-w{         max-width:444px;         width:100%;         margin:16px auto;      background:#00755E;         border-radius:4px;         display:flex;         align-items:center;         justify-content:center;     }     .c-w a{         display:flex;         align-items:center;         justify-content:center;         padding:4px 24px;     }     .c-w img{         width:24px;         margin-right:12px;     }     .c-w p{         font:18px\/25px Poppins;         text-align:center;         color:#fff;         margin:0;     }     @media (max-width:444px){         .c-w a{             padding:4px 12px;         }         .c-w img{             width:24px;             margin-right:8px;         }         .c-w p{             font:14px\/25px Poppins;         }     }     @media (max-width:335px){         .c-w p{             font:13px\/25px Poppins;         }     }  <div class=\"c-w\">     <a href=\"https:\/\/www.whatsapp.com\/channel\/0029Va633PF9WtC4l7XUzh1e\" target=\"_blank\" rel=\"noopener\">         <img decoding=\"async\" src=\"https:\/\/cadenaser.com\/estaticos\/recursosgraficos\/responsive\/img\/ico-whatsapp.svg\" alt=\"Whatsapp\">         <p>\u00danete al <b>canal de WhatsApp<\/b> de la SER<\/p>     <\/a> <\/div><\/p>   <p>Por fortuna, el colegiado no ha sufrido lesiones f\u00edsicas de consideraci\u00f3n y en la ma\u00f1ana de este lunes ya ha podido hacer \u2018vida normal\u2019; pero ha reconocido a Radio Benidorm-SER encontrarse emocionalmente muy afectado por ese episodio de violencia gratuita.<\/p>   <p>Pese a no querer hacer declaraciones p\u00fablicas, el \u00e1rbitro del choque s\u00ed ha asegurado que este tipo de acciones deben de ser denunciadas y visibilizadas, precisamente, para concienciar a jugadores, espectadores y dem\u00e1s actores del \u00e1mbito deportivo y conseguir, de esta manera, acabar con ellas.<\/p>   <p>El Atl\u00e9tico Callosa expulsa al jugador<\/p>   <p>En esta ocasi\u00f3n, adem\u00e1s, cabe destacar la r\u00e1pida reacci\u00f3n de la junta directiva del Atl\u00e9tico Callosa, que apenas unas horas despu\u00e9s de este lamentable incidente, emiti\u00f3 un comunicado en el que \u201ccondena los hechos acontecidos en el campo La Foia de Finestrat, donde un jugador de nuestro equipo s\u00e9nior agredi\u00f3 al \u00e1rbitro\u201d.<\/p>   <p>Por ello, y en ese mismo comunicado, el club pide \u201cdisculpas al Finestrat, a la Federaci\u00f3n de F\u00fatbol y, por supuesto, al colectivo arbitral\u201d y especialmente al colegiado de ese encuentro. Adem\u00e1s, adelanta que \u201ccomo club, haremos todo lo que est\u00e9 en nuestra mano para que no vuelva a ocurrir un hecho tan grave y vergonzante\u201d.<\/p>   <p>Unas acciones que se concretaron a primera hora de este lunes cuando, en un nuevo comunicado, el Atl\u00e9tico Callosa ha oficializado que el jugador \u201cno volver\u00e1 a jugar en el club\u201d y que \u201cestas acciones no representan lo que es el club ni lo que ense\u00f1a a los jugadores de base\u201d.<\/p>   <p>Radio Benidorm-SER ha querido dar tambi\u00e9n voz a la directiva del Atl\u00e9tico Callosa que, en cualquier caso, ha preferido guardar silencio al considerar que, tras sus dos comunicados y la decisi\u00f3n ya anunciada, pueden \u201cdar el asunto por zanjado\u201d despu\u00e9s de haber actuado \u201clo m\u00e1s r\u00e1pido y tajantemente posible\u201d.<\/p> ","protected":false},"excerpt":{"rendered":"<p>El colegiado, un joven de s\u00f3lo 23 a\u00f1os, recibi\u00f3 una patada en la tibia y se encuentra \u201cemocionalmente afectado\u201d<\/p>\n","protected":false},"author":0,"featured_media":8653,"comment_status":"open","ping_status":"open","sticky":false,"template":"","format":"standard","meta":{"_acf_changed":false,"footnotes":""},"categories":[16],"tags":[],"class_list":["post-8652","post","type-post","status-publish","format-standard","has-post-thumbnail","hentry","category-deportes"],"acf":{"ser_id":"M6DXN6CBMVGRDAIGM5ROMHWWDY","ser_url":"https:\/\/cadenaser.com\/comunitat-valenciana\/2024\/09\/23\/nueva-agresion-en-el-deporte-el-atletico-callosa-expulsa-al-jugador-que-ataco-a-un-arbitro-el-pasado-sabado-radio-benidorm\/"},"_links":{"self":[{"href":"https:\/\/serbenidorm.daliisolutions.com\/index.php\/wp-json\/wp\/v2\/posts\/8652","targetHints":{"allow":["GET"]}}],"collection":[{"href":"https:\/\/serbenidorm.daliisolutions.com\/index.php\/wp-json\/wp\/v2\/posts"}],"about":[{"href":"https:\/\/serbenidorm.daliisolutions.com\/index.php\/wp-json\/wp\/v2\/types\/post"}],"replies":[{"embeddable":true,"href":"https:\/\/serbenidorm.daliisolutions.com\/index.php\/wp-json\/wp\/v2\/comments?post=8652"}],"version-history":[{"count":0,"href":"https:\/\/serbenidorm.daliisolutions.com\/index.php\/wp-json\/wp\/v2\/posts\/8652\/revisions"}],"wp:featuredmedia":[{"embeddable":true,"href":"https:\/\/serbenidorm.daliisolutions.com\/index.php\/wp-json\/wp\/v2\/media\/8653"}],"wp:attachment":[{"href":"https:\/\/serbenidorm.daliisolutions.com\/index.php\/wp-json\/wp\/v2\/media?parent=8652"}],"wp:term":[{"taxonomy":"category","embeddable":true,"href":"https:\/\/serbenidorm.daliisolutions.com\/index.php\/wp-json\/wp\/v2\/categories?post=8652"},{"taxonomy":"post_tag","embeddable":true,"href":"https:\/\/serbenidorm.daliisolutions.com\/index.php\/wp-json\/wp\/v2\/tags?post=8652"}],"curies":[{"name":"wp","href":"https:\/\/api.w.org\/{rel}","templated":true}]}}