{"id":8676,"date":"2024-09-24T09:58:07","date_gmt":"2024-09-24T07:58:07","guid":{"rendered":"https:\/\/serbenidorm.daliisolutions.com\/index.php\/2024\/09\/24\/el-c-f-benidorm-volvera-a-jugar-en-el-nou-pla-una-semana-mas\/"},"modified":"2024-09-24T09:58:07","modified_gmt":"2024-09-24T07:58:07","slug":"el-c-f-benidorm-volvera-a-jugar-en-el-nou-pla-una-semana-mas","status":"publish","type":"post","link":"https:\/\/serbenidorm.daliisolutions.com\/index.php\/2024\/09\/24\/el-c-f-benidorm-volvera-a-jugar-en-el-nou-pla-una-semana-mas\/","title":{"rendered":"El C.F. Benidorm volver\u00e1 a jugar en el Nou Pla una semana m\u00e1s"},"content":{"rendered":"  <p>Benidorm<\/p>   <p>En el estadio Guillermo Amor estaba todo listo para que el pr\u00f3ximo domingo el <a href=\"https:\/\/cadenaser.com\/tag\/club_futbol_benidorm\/a\/\">C.F. Benidorm<\/a>pudiera recibir al Jove Espa\u00f1ol con motivo de la cuarta jornada de liga en Tercera RFEF (y segunda del equipo como local), pero las lluvias de los \u00faltimos d\u00edas han jugado esta vez en contra de los intereses del equipo de Miguel \u00c1ngel Mart\u00ednez al retrasar la puesta a punto final del c\u00e9sped del recinto de Foietes.<\/p>   <p>Por ello, y pese a que todas las partes interesadas se hab\u00edan fijado este domingo 29 de septiembre como la fecha de regreso a su estadio del C.F. Benidorm, el equipo deber\u00e1 disputar su partido ante el Jove Espa\u00f1ol (12:00 horas) en el Nou Pla de La Vila Joiosa, prolongando una jornada m\u00e1s su exilio debido a los desperfectos causados por el paso del Low Festival en su terreno de juego.<\/p>  <p><p>M\u00e1s informaci\u00f3n<\/p><figure><img loading=\"lazy\" decoding=\"async\" src=\"https:\/\/cadenaser.com\/resizer\/v2\/HJJZ2KEDYFDXXDKLIZUSTSU2PE.jpg?auth=8f8fcaeae2a4cc68672482186053651307ca3285d76b7bfb7efe1834bcacba1a&amp;quality=70&amp;width=360&amp;height=202&amp;smart=true\" width=\"820\" height=\"621\" \/><\/figure><ul><li><a href=\"https:\/\/cadenaser.com\/comunitat-valenciana\/2024\/09\/02\/todos-los-partidos-horarios-y-resultados-del-cf-benidorm-y-cf-la-nucia-radio-benidorm\/\"><span>Todos los partidos, horarios y resultados del C.F. Benidorm y C.F. La Nuc\u00eda<\/span><\/a><\/li><\/ul><\/p>   <p>Tal y como <a href=\"https:\/\/cadenaser.com\/comunitat-valenciana\/2024\/09\/12\/javi-jorda-el-cf-benidorm-podra-jugar-en-el-guillermo-amor-en-su-segundo-partido-como-local-radio-benidorm\/\">ya avanz\u00f3 el edil de Deportes de Benidorm, Jos\u00e9 Javier Jord\u00e1<\/a>, a <a href=\"https:\/\/cadenaser.com\/radio-benidorm\/ser-deportivos-benidorm\/\">SER Deportivos Marina Baixa<\/a>, \u201csalvo que no se pueda por fuerza mayor, el campo estar\u00e1 disponible el domingo 29\u201d y eso, una fuerza mayor, ha llegado en forma de lluvias.<\/p>   <p>De hecho, el propio edil avanz\u00f3 esa posibilidad durante su entrevista al recordar que el c\u00e9sped \u201ces un ser vivo y hay que cuidarlo. Ya no s\u00f3lo por el Low Festival, sino tambi\u00e9n por el cambio de estaci\u00f3n, la lluvia\u2026\u201d.<\/p>   <p><b>El liderato a tiro<\/b><\/p>   <p><a href=\"https:\/\/cadenaser.com\/comunitat-valenciana\/2024\/09\/22\/alivio-para-el-cf-la-nucia-tras-su-primera-victoria-liguera-radio-benidorm\/\">Tras el empate cosechado el pasado domingo ante el Castellonense<\/a>, l\u00edder de la clasificaci\u00f3n, el C.F. Benidorm tiene ante s\u00ed la posibilidad de encaramarse hasta la primera posici\u00f3n del grupo seis de la Tercera RFEF tras su pr\u00f3ximo partido.<\/p>   <p>     .c-w{         max-width:444px;         width:100%;         margin:16px auto;      background:#00755E;         border-radius:4px;         display:flex;         align-items:center;         justify-content:center;     }     .c-w a{         display:flex;         align-items:center;         justify-content:center;         padding:4px 24px;     }     .c-w img{         width:24px;         margin-right:12px;     }     .c-w p{         font:18px\/25px Poppins;         text-align:center;         color:#fff;         margin:0;     }     @media (max-width:444px){         .c-w a{             padding:4px 12px;         }         .c-w img{             width:24px;             margin-right:8px;         }         .c-w p{             font:14px\/25px Poppins;         }     }     @media (max-width:335px){         .c-w p{             font:13px\/25px Poppins;         }     }  <div class=\"c-w\">     <a href=\"https:\/\/www.whatsapp.com\/channel\/0029Va633PF9WtC4l7XUzh1e\" target=\"_blank\" rel=\"noopener\">         <img decoding=\"async\" src=\"https:\/\/cadenaser.com\/estaticos\/recursosgraficos\/responsive\/img\/ico-whatsapp.svg\" alt=\"Whatsapp\">         <p>\u00danete al <b>canal de WhatsApp<\/b> de la SER<\/p>     <\/a> <\/div><\/p>   <p>Para ello, eso s\u00ed, no depende \u00fanicamente de s\u00ed mismo ya que, adem\u00e1s de vencer al Jove Espa\u00f1ol, debe esperar los tropiezos de varios equipos que le preceden, aunque lo m\u00e1s importante a estas alturas de campeonato es seguir sumando en cada partido.<\/p> ","protected":false},"excerpt":{"rendered":"<p>Las lluvias de los \u00faltimos d\u00edas han retrasado la puesta a punto del c\u00e9sped del Guillermo Amor<\/p>\n","protected":false},"author":0,"featured_media":8677,"comment_status":"open","ping_status":"open","sticky":false,"template":"","format":"standard","meta":{"_acf_changed":false,"footnotes":""},"categories":[16],"tags":[],"class_list":["post-8676","post","type-post","status-publish","format-standard","has-post-thumbnail","hentry","category-deportes"],"acf":{"ser_id":"OAIP2J6VYFE2RCYKBVFNZLJNNM","ser_url":"https:\/\/cadenaser.com\/comunitat-valenciana\/2024\/09\/24\/el-cf-benidorm-volvera-a-jugar-en-el-nou-pla-una-semana-mas-radio-benidorm\/"},"_links":{"self":[{"href":"https:\/\/serbenidorm.daliisolutions.com\/index.php\/wp-json\/wp\/v2\/posts\/8676","targetHints":{"allow":["GET"]}}],"collection":[{"href":"https:\/\/serbenidorm.daliisolutions.com\/index.php\/wp-json\/wp\/v2\/posts"}],"about":[{"href":"https:\/\/serbenidorm.daliisolutions.com\/index.php\/wp-json\/wp\/v2\/types\/post"}],"replies":[{"embeddable":true,"href":"https:\/\/serbenidorm.daliisolutions.com\/index.php\/wp-json\/wp\/v2\/comments?post=8676"}],"version-history":[{"count":0,"href":"https:\/\/serbenidorm.daliisolutions.com\/index.php\/wp-json\/wp\/v2\/posts\/8676\/revisions"}],"wp:featuredmedia":[{"embeddable":true,"href":"https:\/\/serbenidorm.daliisolutions.com\/index.php\/wp-json\/wp\/v2\/media\/8677"}],"wp:attachment":[{"href":"https:\/\/serbenidorm.daliisolutions.com\/index.php\/wp-json\/wp\/v2\/media?parent=8676"}],"wp:term":[{"taxonomy":"category","embeddable":true,"href":"https:\/\/serbenidorm.daliisolutions.com\/index.php\/wp-json\/wp\/v2\/categories?post=8676"},{"taxonomy":"post_tag","embeddable":true,"href":"https:\/\/serbenidorm.daliisolutions.com\/index.php\/wp-json\/wp\/v2\/tags?post=8676"}],"curies":[{"name":"wp","href":"https:\/\/api.w.org\/{rel}","templated":true}]}}