{"id":8694,"date":"2024-09-24T15:48:36","date_gmt":"2024-09-24T13:48:36","guid":{"rendered":"https:\/\/serbenidorm.daliisolutions.com\/index.php\/2024\/09\/24\/callosa-den-sarria-repavimentara-el-calvari-con-una-subvencion-de-50-000-euros-de-diputacion-de-alicante\/"},"modified":"2024-09-24T15:48:36","modified_gmt":"2024-09-24T13:48:36","slug":"callosa-den-sarria-repavimentara-el-calvari-con-una-subvencion-de-50-000-euros-de-diputacion-de-alicante","status":"publish","type":"post","link":"https:\/\/serbenidorm.daliisolutions.com\/index.php\/2024\/09\/24\/callosa-den-sarria-repavimentara-el-calvari-con-una-subvencion-de-50-000-euros-de-diputacion-de-alicante\/","title":{"rendered":"Callosa d&#8217;en Sarri\u00e0 repavimentar\u00e1 el Calvari con una subvenci\u00f3n de 50.000 euros de Diputaci\u00f3n de Alicante"},"content":{"rendered":"  <p>Callosa d&#8217;en Sarri\u00e0<\/p>   <p>Este lunes han comenzado en Callosa d\u2019En Sarri\u00e0 las obras de adecuaci\u00f3n y mejora de la zona del Calvari. Unos trabajos que supondr\u00e1n una inversi\u00f3n de m\u00e1s de 50.000 euros que ha aportado la Diputaci\u00f3n Provincial de Alicante.<\/p>   <p>As\u00ed lo ha adelantado en Hoy por Hoy Benidorm el alcalde callosino, Andr\u00e9s Molina, quien tambi\u00e9n ha explicado que los trabajos consistir\u00e1n en la renovaci\u00f3n del firme del tramo pendiente para darle \u201ccontinuidad visual\u201d a todo el trazado y contemplar\u00e1n tambi\u00e9n la mejora del arbolado existente. Concretamente el camino de la zona verde del Calvario se pavimentar\u00e1 en hormig\u00f3n impreso acabado en relieve, y con resina impermeabilizante.<\/p>   <p>El alcalde ha firmado el acta de replanteo de las obras este lunes y los trabajos han dado inicio hoy martes. Molina tambi\u00e9n ha se\u00f1alado que la previsi\u00f3n, en cuanto al plazo de ejecuci\u00f3n, es que \u201cla obra est\u00e9 finalizada antes de que acabe el a\u00f1o.<\/p>   <p>El proyecto est\u00e1 enmarcado en el Plan +CERCA 2023 y que aporta el 100\u20ac del coste de la obra valorada en 54.152 euros.<\/p>   <p>Ya se est\u00e1n retirando del \u00e1rea todos los residuos existentes, transport\u00e1ndose estos a un vertedero autorizado para su adecuado tratamiento. Tambi\u00e9n se desbrozar\u00e1n las zonas laterales del camino, retirando gravas y colocando tierra vegetal para la plantaci\u00f3n de plantas y arbustos ornamentales.<\/p>   <p>     .c-w{         max-width:444px;         width:100%;         margin:16px auto;      background:#00755E;         border-radius:4px;         display:flex;         align-items:center;         justify-content:center;     }     .c-w a{         display:flex;         align-items:center;         justify-content:center;         padding:4px 24px;     }     .c-w img{         width:24px;         margin-right:12px;     }     .c-w p{         font:18px\/25px Poppins;         text-align:center;         color:#fff;         margin:0;     }     @media (max-width:444px){         .c-w a{             padding:4px 12px;         }         .c-w img{             width:24px;             margin-right:8px;         }         .c-w p{             font:14px\/25px Poppins;         }     }     @media (max-width:335px){         .c-w p{             font:13px\/25px Poppins;         }     }  <div class=\"c-w\">     <a href=\"https:\/\/www.whatsapp.com\/channel\/0029Va633PF9WtC4l7XUzh1e\" target=\"_blank\" rel=\"noopener\">         <img decoding=\"async\" src=\"https:\/\/cadenaser.com\/estaticos\/recursosgraficos\/responsive\/img\/ico-whatsapp.svg\" alt=\"Whatsapp\">         <p>\u00danete al <b>canal de WhatsApp<\/b> de la SER<\/p>     <\/a> <\/div><\/p>   <p>Esta obra ir\u00e1 acompa\u00f1ada de su propia instalaci\u00f3n de riego por goteo. Asimismo, se demoler\u00e1 la solera de hormig\u00f3n existente para conectar ambas zonas del lugar y se instalar\u00e1 alumbrado p\u00fablico enterrado.<\/p> ","protected":false},"excerpt":{"rendered":"<p>El alcalde, Andr\u00e9s Molina, arranca el curso pol\u00edtico en Hoy por Hoy Benidorm<\/p>\n","protected":false},"author":0,"featured_media":8695,"comment_status":"open","ping_status":"open","sticky":false,"template":"","format":"standard","meta":{"_acf_changed":false,"footnotes":""},"categories":[1],"tags":[],"class_list":["post-8694","post","type-post","status-publish","format-standard","has-post-thumbnail","hentry","category-sin-categoria"],"acf":{"ser_id":"DO3WNNV3KNGTXN3HUIS6PS6J7I","ser_url":"https:\/\/cadenaser.com\/comunitat-valenciana\/2024\/09\/24\/callosa-den-sarria-repavimentara-el-calvari-con-una-subvencion-de-50000-euros-de-diputacion-de-alicante-radio-benidorm\/"},"_links":{"self":[{"href":"https:\/\/serbenidorm.daliisolutions.com\/index.php\/wp-json\/wp\/v2\/posts\/8694","targetHints":{"allow":["GET"]}}],"collection":[{"href":"https:\/\/serbenidorm.daliisolutions.com\/index.php\/wp-json\/wp\/v2\/posts"}],"about":[{"href":"https:\/\/serbenidorm.daliisolutions.com\/index.php\/wp-json\/wp\/v2\/types\/post"}],"replies":[{"embeddable":true,"href":"https:\/\/serbenidorm.daliisolutions.com\/index.php\/wp-json\/wp\/v2\/comments?post=8694"}],"version-history":[{"count":0,"href":"https:\/\/serbenidorm.daliisolutions.com\/index.php\/wp-json\/wp\/v2\/posts\/8694\/revisions"}],"wp:featuredmedia":[{"embeddable":true,"href":"https:\/\/serbenidorm.daliisolutions.com\/index.php\/wp-json\/wp\/v2\/media\/8695"}],"wp:attachment":[{"href":"https:\/\/serbenidorm.daliisolutions.com\/index.php\/wp-json\/wp\/v2\/media?parent=8694"}],"wp:term":[{"taxonomy":"category","embeddable":true,"href":"https:\/\/serbenidorm.daliisolutions.com\/index.php\/wp-json\/wp\/v2\/categories?post=8694"},{"taxonomy":"post_tag","embeddable":true,"href":"https:\/\/serbenidorm.daliisolutions.com\/index.php\/wp-json\/wp\/v2\/tags?post=8694"}],"curies":[{"name":"wp","href":"https:\/\/api.w.org\/{rel}","templated":true}]}}