{"id":8696,"date":"2024-09-24T15:48:37","date_gmt":"2024-09-24T13:48:37","guid":{"rendered":"https:\/\/serbenidorm.daliisolutions.com\/index.php\/2024\/09\/24\/benidorm-entre-las-seis-ciudades-finalistas-del-premio-de-turismo-inteligente-de-la-comision-europea\/"},"modified":"2024-09-24T15:48:37","modified_gmt":"2024-09-24T13:48:37","slug":"benidorm-entre-las-seis-ciudades-finalistas-del-premio-de-turismo-inteligente-de-la-comision-europea","status":"publish","type":"post","link":"https:\/\/serbenidorm.daliisolutions.com\/index.php\/2024\/09\/24\/benidorm-entre-las-seis-ciudades-finalistas-del-premio-de-turismo-inteligente-de-la-comision-europea\/","title":{"rendered":"Benidorm, entre las seis ciudades finalistas del premio de Turismo Inteligente de la Comisi\u00f3n Europea"},"content":{"rendered":"  <p>Benidorm<\/p>   <p>La Comisi\u00f3n Europea ha comunicado que la ciudad de Benidorm ha sido seleccionada como finalista en el premio en el premio \u2018Pionero Verde Europeo del Turismo Inteligente 2025\u2019 que reconoce a los destinos que demuestran \u201cun compromiso excepcional para dar forma al futuro del turismo sostenible e innovador\u201d.<\/p>   <p>El premio se entregar\u00e1 en Bruselas el pr\u00f3ximo 27 de noviembre despu\u00e9s de que las ciudades finalistas, tan solo unas horas antes, hayan argumentado ante el jurado designado por la Comisi\u00f3n Europea por qu\u00e9 deber\u00edan hacerse con el galard\u00f3n.<\/p>  <p><p>M\u00e1s informaci\u00f3n<\/p><figure><img loading=\"lazy\" decoding=\"async\" src=\"https:\/\/cadenaser.com\/resizer\/v2\/ZQFRZUXYIBJJNB6R7XHGUPHTH4.jpg?auth=407fc42d832aff4d789052df8f5b28be82098959157009b8f2e69784e0d4e9d1&amp;quality=70&amp;width=360&amp;height=202&amp;smart=true\" width=\"820\" height=\"621\" \/><\/figure><ul><li><a href=\"https:\/\/cadenaser.com\/comunitat-valenciana\/2024\/09\/23\/la-planta-desaladora-de-benidorm-ya-tiene-fecha-radio-benidorm\/\"><span>La futura planta desaladora de Benidorm ya tiene fecha<\/span><\/a><\/li><\/ul><\/p>   <p>Benidorm acudir\u00e1 a B\u00e9lgica a defender su candidatura junto a otras seis ciudades europeas: <a href=\"https:\/\/cadenaser.com\/tag\/benidorm\/a\/\" target=\"_blank\" rel=\"noopener\">Aveiro (Portugal), Jurmala (Letonia), Liep\u00e3ja (Letonia), Nea Propontida (Grecia), Panev\u00e9zys (Lituania) y Sliven (Bulgaria)<\/a>.<\/p>   <p>El destino ganador se posicionar\u00e1 como pionero en sostenibilidad tur\u00edstica comprometido con los objetivos del Pacto Verde Europeo y recibir\u00e1 apoyo experto en comunicaci\u00f3n y marca a nivel de la Uni\u00f3n Europea a lo largo del pr\u00f3ximo a\u00f1o.<\/p>   <p>El alcalde de Benidorm, Toni P\u00e9rez, ha considerado \u201cun tremendo \u00e9xito\u201d el hecho de que Benidorm \u201cse encuentre entre las ciudades europeas distinguidas por sus pol\u00edticas sostenibles y verdes enmarcadas en un modelo de destino tur\u00edstico inteligente\u201d. <\/p>   <p>     .c-w{         max-width:444px;         width:100%;         margin:16px auto;      background:#00755E;         border-radius:4px;         display:flex;         align-items:center;         justify-content:center;     }     .c-w a{         display:flex;         align-items:center;         justify-content:center;         padding:4px 24px;     }     .c-w img{         width:24px;         margin-right:12px;     }     .c-w p{         font:18px\/25px Poppins;         text-align:center;         color:#fff;         margin:0;     }     @media (max-width:444px){         .c-w a{             padding:4px 12px;         }         .c-w img{             width:24px;             margin-right:8px;         }         .c-w p{             font:14px\/25px Poppins;         }     }     @media (max-width:335px){         .c-w p{             font:13px\/25px Poppins;         }     }  <div class=\"c-w\">     <a href=\"https:\/\/www.whatsapp.com\/channel\/0029Va633PF9WtC4l7XUzh1e\" target=\"_blank\" rel=\"noopener\">         <img decoding=\"async\" src=\"https:\/\/cadenaser.com\/estaticos\/recursosgraficos\/responsive\/img\/ico-whatsapp.svg\" alt=\"Whatsapp\">         <p>\u00danete al <b>canal de WhatsApp<\/b> de la SER<\/p>     <\/a> <\/div><\/p>   <p>Para P\u00e9rez ser finalista de este premio o ser el ganador del mismo \u201cservir\u00e1 de inspiraci\u00f3n para otros destinos europeos y conllevar\u00e1 elevar el perfil de la ciudad como un destino de primer nivel, que ya lo es, atrayendo visitantes y promoviendo un crecimiento econ\u00f3mico sostenible\u201d.<\/p>   <p>El alcalde tambi\u00e9n ha recordado que Benidorm fue el primer municipio del mundo reconocido como Destino Tur\u00edstico Inteligente algo que supuso \u201cun paso m\u00e1s en el camino que nos lleva a ser una ciudad completamente sostenible, alineada con los ODS y comprometida con el medio ambiente.<\/p>   <p>Bajo el paraguas del Turismo Inteligente, la Comisi\u00f3n Europea ha lanzado dos concursos; la Capital Europea y el Pionero Verde del Turismo Inteligente con el objetivo de promover el turismo inteligente en la Uni\u00f3n Europea, fortalecer y conectar destinos y facilitar el intercambio de buenas pr\u00e1cticas.<\/p> ","protected":false},"excerpt":{"rendered":"<p>Defender\u00e1 su candidatura en Bruselas<\/p>\n","protected":false},"author":0,"featured_media":8697,"comment_status":"open","ping_status":"open","sticky":false,"template":"","format":"standard","meta":{"_acf_changed":false,"footnotes":""},"categories":[1],"tags":[],"class_list":["post-8696","post","type-post","status-publish","format-standard","has-post-thumbnail","hentry","category-sin-categoria"],"acf":{"ser_id":"CVJQFBP6KJHAFGPH5QCTOMJIEE","ser_url":"https:\/\/cadenaser.com\/comunitat-valenciana\/2024\/09\/24\/benidorm-entre-las-seis-ciudades-finalistas-del-premio-de-turismo-inteligente-de-la-comision-europea-radio-benidorm\/"},"_links":{"self":[{"href":"https:\/\/serbenidorm.daliisolutions.com\/index.php\/wp-json\/wp\/v2\/posts\/8696","targetHints":{"allow":["GET"]}}],"collection":[{"href":"https:\/\/serbenidorm.daliisolutions.com\/index.php\/wp-json\/wp\/v2\/posts"}],"about":[{"href":"https:\/\/serbenidorm.daliisolutions.com\/index.php\/wp-json\/wp\/v2\/types\/post"}],"replies":[{"embeddable":true,"href":"https:\/\/serbenidorm.daliisolutions.com\/index.php\/wp-json\/wp\/v2\/comments?post=8696"}],"version-history":[{"count":0,"href":"https:\/\/serbenidorm.daliisolutions.com\/index.php\/wp-json\/wp\/v2\/posts\/8696\/revisions"}],"wp:featuredmedia":[{"embeddable":true,"href":"https:\/\/serbenidorm.daliisolutions.com\/index.php\/wp-json\/wp\/v2\/media\/8697"}],"wp:attachment":[{"href":"https:\/\/serbenidorm.daliisolutions.com\/index.php\/wp-json\/wp\/v2\/media?parent=8696"}],"wp:term":[{"taxonomy":"category","embeddable":true,"href":"https:\/\/serbenidorm.daliisolutions.com\/index.php\/wp-json\/wp\/v2\/categories?post=8696"},{"taxonomy":"post_tag","embeddable":true,"href":"https:\/\/serbenidorm.daliisolutions.com\/index.php\/wp-json\/wp\/v2\/tags?post=8696"}],"curies":[{"name":"wp","href":"https:\/\/api.w.org\/{rel}","templated":true}]}}