{"id":8728,"date":"2024-09-25T10:58:18","date_gmt":"2024-09-25T08:58:18","guid":{"rendered":"https:\/\/serbenidorm.daliisolutions.com\/index.php\/2024\/09\/25\/la-barra-libre-la-derrota-en-granollers-no-empana-el-buen-arranque-del-balonmano-benidorm\/"},"modified":"2024-09-25T10:58:18","modified_gmt":"2024-09-25T08:58:18","slug":"la-barra-libre-la-derrota-en-granollers-no-empana-el-buen-arranque-del-balonmano-benidorm","status":"publish","type":"post","link":"https:\/\/serbenidorm.daliisolutions.com\/index.php\/2024\/09\/25\/la-barra-libre-la-derrota-en-granollers-no-empana-el-buen-arranque-del-balonmano-benidorm\/","title":{"rendered":"La Barra Libre: La derrota en Granollers no empa\u00f1a el buen arranque del Balonmano Benidorm"},"content":{"rendered":"  <p>Benidorm<\/p>   <p>Los caprichos del calendario han querido que el <a href=\"https:\/\/cadenaser.com\/tag\/club_baloncesto_benidorm\/a\/\">Servigroup Balonmano Benidorm<\/a> haya tenido que afrontar, a las primeras de cambio, dos complicados compromisos como visitante ante Granollers y Cuenca. Tras la victoria conseguida en casa frente a Guadalajara en la jornada inaugural de la <a href=\"https:\/\/cadenaser.com\/tag\/liga_asobal\/a\/\">Liga Asobal<\/a>, los de Sergio Carballeira viajaron el pasado viernes a Granollers para v\u00e9rselas con el tercer clasificado de la pasada temporada, que <a href=\"https:\/\/cadenaser.com\/comunitat-valenciana\/2024\/09\/22\/al-balonmano-benidorm-se-le-hizo-largo-el-partido-ante-granollers-radio-benidorm\/\">super\u00f3 a los benidormenses en un buen partido de ambos equipos<\/a>.<\/p>   <p>Ahora, tras ese rev\u00e9s, llega el momento de visitar la complicad\u00edsima cancha de El Sargal para medirse a un Cuenca al que, de nueve enfrentamientos hist\u00f3ricos, s\u00f3lo se ha podido ganar una vez en su casa.<\/p>  <p><p>M\u00e1s informaci\u00f3n<\/p><figure><img loading=\"lazy\" decoding=\"async\" src=\"https:\/\/cadenaser.com\/resizer\/v2\/QAHGDHAWBFFOJGI4VMNSCU2X6A.jpg?auth=2213fdb057e227f805c7b3dd617b1e135321510f39355e533f2a9e43498c58cf&amp;quality=70&amp;width=360&amp;height=202&amp;smart=true\" width=\"820\" height=\"621\" \/><\/figure><ul><li><a href=\"https:\/\/cadenaser.com\/comunitat-valenciana\/2024\/08\/08\/todos-los-partidos-horarios-y-resultados-del-balonmano-servigroup-benidorm-radio-benidorm\/\"><span>Todos los partidos, horarios y resultados del Balonmano Servigroup Benidorm<\/span><\/a><\/li><\/ul><\/p>   <p>Pese a todo, los miembros de la Barra Libre de <a href=\"https:\/\/cadenaser.com\/radio-benidorm\/ser-deportivos-benidorm\/\">SER Deportivos Marina Baixa<\/a> mantienen las buenas sensaciones respecto a las opciones del Servigroup Benidorm de cara a ese segundo partido lejos del Palau d\u2019Esports y vuelven a apuntar hacia la necesidad de evitar a toda costa la p\u00e9rdida de balones como la gran clave para optar a la victoria.<\/p>   <p>La m\u00e1xima preocupaci\u00f3n de los miembros de la tertulia en el medio y largo plazo sigue centrada en las lesiones y molestias que, en una plantilla tan corta como la que tiene a su disposici\u00f3n Sergio Carballeira esta temporada, pueden poner en serios aprietos al equipo dada la exigencia del calendario.<\/p>   <p>Adem\u00e1s, durante su cita semanal, los expertos de la Barra Libre tambi\u00e9n analizaron esa decisi\u00f3n del t\u00e9cnico gallego de apostar por el ataque sin portero en Granollers o la mejor manera de frenar el pr\u00f3ximo viernes al Cuenca en su casa.<\/p>   <p>     .c-w{         max-width:444px;         width:100%;         margin:16px auto;      background:#00755E;         border-radius:4px;         display:flex;         align-items:center;         justify-content:center;     }     .c-w a{         display:flex;         align-items:center;         justify-content:center;         padding:4px 24px;     }     .c-w img{         width:24px;         margin-right:12px;     }     .c-w p{         font:18px\/25px Poppins;         text-align:center;         color:#fff;         margin:0;     }     @media (max-width:444px){         .c-w a{             padding:4px 12px;         }         .c-w img{             width:24px;             margin-right:8px;         }         .c-w p{             font:14px\/25px Poppins;         }     }     @media (max-width:335px){         .c-w p{             font:13px\/25px Poppins;         }     }  <div class=\"c-w\">     <a href=\"https:\/\/www.whatsapp.com\/channel\/0029Va633PF9WtC4l7XUzh1e\" target=\"_blank\" rel=\"noopener\">         <img decoding=\"async\" src=\"https:\/\/cadenaser.com\/estaticos\/recursosgraficos\/responsive\/img\/ico-whatsapp.svg\" alt=\"Whatsapp\">         <p>\u00danete al <b>canal de WhatsApp<\/b> de la SER<\/p>     <\/a> <\/div><\/p> ","protected":false},"excerpt":{"rendered":"<p>La visita a Cuenca del pr\u00f3ximo viernes es vista como una gran oportunidad de romper la mala racha hist\u00f3rica en El Sargal<\/p>\n","protected":false},"author":0,"featured_media":8729,"comment_status":"open","ping_status":"open","sticky":false,"template":"","format":"standard","meta":{"_acf_changed":false,"footnotes":""},"categories":[16],"tags":[],"class_list":["post-8728","post","type-post","status-publish","format-standard","has-post-thumbnail","hentry","category-deportes"],"acf":{"ser_id":"CI4FMYM75ZAKZNGQ4SHQEHTDJI","ser_url":"https:\/\/cadenaser.com\/comunitat-valenciana\/2024\/09\/25\/la-barra-libre-la-derrota-en-granollers-no-empana-el-buen-arranque-del-balonmano-benidorm-radio-benidorm\/"},"_links":{"self":[{"href":"https:\/\/serbenidorm.daliisolutions.com\/index.php\/wp-json\/wp\/v2\/posts\/8728","targetHints":{"allow":["GET"]}}],"collection":[{"href":"https:\/\/serbenidorm.daliisolutions.com\/index.php\/wp-json\/wp\/v2\/posts"}],"about":[{"href":"https:\/\/serbenidorm.daliisolutions.com\/index.php\/wp-json\/wp\/v2\/types\/post"}],"replies":[{"embeddable":true,"href":"https:\/\/serbenidorm.daliisolutions.com\/index.php\/wp-json\/wp\/v2\/comments?post=8728"}],"version-history":[{"count":0,"href":"https:\/\/serbenidorm.daliisolutions.com\/index.php\/wp-json\/wp\/v2\/posts\/8728\/revisions"}],"wp:featuredmedia":[{"embeddable":true,"href":"https:\/\/serbenidorm.daliisolutions.com\/index.php\/wp-json\/wp\/v2\/media\/8729"}],"wp:attachment":[{"href":"https:\/\/serbenidorm.daliisolutions.com\/index.php\/wp-json\/wp\/v2\/media?parent=8728"}],"wp:term":[{"taxonomy":"category","embeddable":true,"href":"https:\/\/serbenidorm.daliisolutions.com\/index.php\/wp-json\/wp\/v2\/categories?post=8728"},{"taxonomy":"post_tag","embeddable":true,"href":"https:\/\/serbenidorm.daliisolutions.com\/index.php\/wp-json\/wp\/v2\/tags?post=8728"}],"curies":[{"name":"wp","href":"https:\/\/api.w.org\/{rel}","templated":true}]}}