{"id":8738,"date":"2024-09-25T16:15:17","date_gmt":"2024-09-25T14:15:17","guid":{"rendered":"https:\/\/serbenidorm.daliisolutions.com\/index.php\/2024\/09\/25\/la-nucia-celebra-su-oktoberfest-del-3-al-13-de-octubre-en-la-ciutat-esportiva-camilo-cano\/"},"modified":"2024-09-25T16:15:17","modified_gmt":"2024-09-25T14:15:17","slug":"la-nucia-celebra-su-oktoberfest-del-3-al-13-de-octubre-en-la-ciutat-esportiva-camilo-cano","status":"publish","type":"post","link":"https:\/\/serbenidorm.daliisolutions.com\/index.php\/2024\/09\/25\/la-nucia-celebra-su-oktoberfest-del-3-al-13-de-octubre-en-la-ciutat-esportiva-camilo-cano\/","title":{"rendered":"La Nuc\u00eda celebra su Oktoberfest del 3 al 13 de octubre en la Ciutat Esportiva Camilo Cano"},"content":{"rendered":"  <p>Del 3 al 13 de octubre la Ciutat Esportiva Camilo Cano de La Nuc\u00eda volver\u00e1 a acoger la carpa de la Oktoberfest que organiza desde hace 4 a\u00f1os en la localidad la Asociaci\u00f3n CCC aunque cumple este a\u00f1o 36 a\u00f1os de historia. La entrada, como todos los a\u00f1os, es libre y gratuita.<\/p>   <p>Tal y como han asegurado en <a href=\"\/\/radiobenidorm.es\" rel=\"nofollow noopener\" target=\"_blank\">Hoy por Hoy Benidorm<\/a> la edil de Residentes Internacionales, Jessica Gomans,  y la presidenta de la Asociaci\u00f3n CCC, Gabrielle Sch\u00e4fer, las reservas de mesas \u00abmarchan a muy buen ritmo y el primer fin de semana roza el lleno absoluto\u00bb.<\/p>   <p>Adem\u00e1s aseguran que tienen reservas de hasta 6 pa\u00edses distintos \u00abque vienen todos los a\u00f1os a La Nuc\u00eda solo para vivir la Oktoberfest\u00bb y destacan que \u00abeste a\u00f1o hemos tenido una reserva desde Londres de un se\u00f1or que viene a celebrar su 60 cumplea\u00f1os con 17 amigos expresamente aqu\u00ed\u00bb porque se trata de la \u201caut\u00e9ntica y m\u00e1s antigua Oktoberfest de la Comunitat Valenciana\u201d. Tambi\u00e9n hay reservas desde B\u00e9lgica, Holanda, Noruega, Alemania y Francia.<\/p>   <p>Este a\u00f1o se cumple de la \u201c36\u00aa Oktoberfest\u201d de la Asociaci\u00f3n CCC y se desarrollar\u00e1 del 3 al 13 de octubre en el parking del Estadi Ol\u00edmpic de La Nuc\u00eda, con m\u00fasica en directo todos los d\u00edas con el grupo folkl\u00f3rico alem\u00e1n \u201cSteinsberger\u201d, que animan el ambiente.  <\/p>   <p>Todas las personas interesadas en reservar mesa deben darse prisa ya que el primer fin de semana (4, 5 y 6 de octubre) est\u00e1 a punto de colgar el cartel de \u201caforo completo\u201d, debido a la gran expectaci\u00f3n que ha levantado esta \u201c36\u00aa Oktoberfest\u201d. <\/p>   <p>     .c-w{         max-width:444px;         width:100%;         margin:16px auto;      background:#00755E;         border-radius:4px;         display:flex;         align-items:center;         justify-content:center;     }     .c-w a{         display:flex;         align-items:center;         justify-content:center;         padding:4px 24px;     }     .c-w img{         width:24px;         margin-right:12px;     }     .c-w p{         font:18px\/25px Poppins;         text-align:center;         color:#fff;         margin:0;     }     @media (max-width:444px){         .c-w a{             padding:4px 12px;         }         .c-w img{             width:24px;             margin-right:8px;         }         .c-w p{             font:14px\/25px Poppins;         }     }     @media (max-width:335px){         .c-w p{             font:13px\/25px Poppins;         }     }  <div class=\"c-w\">     <a href=\"https:\/\/www.whatsapp.com\/channel\/0029Va633PF9WtC4l7XUzh1e\" target=\"_blank\" rel=\"noopener\">         <img decoding=\"async\" src=\"https:\/\/cadenaser.com\/estaticos\/recursosgraficos\/responsive\/img\/ico-whatsapp.svg\" alt=\"Whatsapp\">         <p>\u00danete al <b>canal de WhatsApp<\/b> de la SER<\/p>     <\/a> <\/div><\/p>   <p>Reserva de mesas Las reservas de mesas est\u00e1n ya abiertas en la p\u00e1gina web de los organizadores: <a href=\"http:\/\/www.oktoberfestccc.com\" rel=\"nofollow noopener\" target=\"_blank\">www.oktoberfestccc.com<\/a> y tambi\u00e9n en el tel\u00e9fono 611655345 o el mail <a href=\"mailto:oktoberfestccc@gmail.com\" rel=\"nofollow noopener\" target=\"_blank\">oktoberfestccc@gmail.com<\/a> Para reservar mesa se necesita un grupo de m\u00ednimo 8 personas. Para reservar habr\u00e1 que hacer un dep\u00f3sito de 5 euros por persona, cantidad econ\u00f3mica que se devolver\u00e1 en la carpa de la Oktoberfest. <\/p> ","protected":false},"excerpt":{"rendered":"<p>M\u00fasica tradicional, cerveza y gastronom\u00eda b\u00e1vara son los atractivos principales de un evento con 36 a\u00f1os de historia<\/p>\n","protected":false},"author":0,"featured_media":8739,"comment_status":"open","ping_status":"open","sticky":false,"template":"","format":"standard","meta":{"_acf_changed":false,"footnotes":""},"categories":[1],"tags":[],"class_list":["post-8738","post","type-post","status-publish","format-standard","has-post-thumbnail","hentry","category-sin-categoria"],"acf":{"ser_id":"B7HITAZF5VHI7BBVR6JGEGX5ME","ser_url":"https:\/\/cadenaser.com\/comunitat-valenciana\/2024\/09\/25\/la-nucia-celebra-su-oktoberfest-del-3-al-13-de-octubre-en-la-ciutat-esportiva-camilo-cano-radio-benidorm\/"},"_links":{"self":[{"href":"https:\/\/serbenidorm.daliisolutions.com\/index.php\/wp-json\/wp\/v2\/posts\/8738","targetHints":{"allow":["GET"]}}],"collection":[{"href":"https:\/\/serbenidorm.daliisolutions.com\/index.php\/wp-json\/wp\/v2\/posts"}],"about":[{"href":"https:\/\/serbenidorm.daliisolutions.com\/index.php\/wp-json\/wp\/v2\/types\/post"}],"replies":[{"embeddable":true,"href":"https:\/\/serbenidorm.daliisolutions.com\/index.php\/wp-json\/wp\/v2\/comments?post=8738"}],"version-history":[{"count":0,"href":"https:\/\/serbenidorm.daliisolutions.com\/index.php\/wp-json\/wp\/v2\/posts\/8738\/revisions"}],"wp:featuredmedia":[{"embeddable":true,"href":"https:\/\/serbenidorm.daliisolutions.com\/index.php\/wp-json\/wp\/v2\/media\/8739"}],"wp:attachment":[{"href":"https:\/\/serbenidorm.daliisolutions.com\/index.php\/wp-json\/wp\/v2\/media?parent=8738"}],"wp:term":[{"taxonomy":"category","embeddable":true,"href":"https:\/\/serbenidorm.daliisolutions.com\/index.php\/wp-json\/wp\/v2\/categories?post=8738"},{"taxonomy":"post_tag","embeddable":true,"href":"https:\/\/serbenidorm.daliisolutions.com\/index.php\/wp-json\/wp\/v2\/tags?post=8738"}],"curies":[{"name":"wp","href":"https:\/\/api.w.org\/{rel}","templated":true}]}}