{"id":8763,"date":"2024-09-26T08:12:14","date_gmt":"2024-09-26T06:12:14","guid":{"rendered":"https:\/\/serbenidorm.daliisolutions.com\/index.php\/2024\/09\/26\/hector-alvarez-buscara-el-arcoiris-mundialista-en-zurich\/"},"modified":"2024-09-26T08:12:14","modified_gmt":"2024-09-26T06:12:14","slug":"hector-alvarez-buscara-el-arcoiris-mundialista-en-zurich","status":"publish","type":"post","link":"https:\/\/serbenidorm.daliisolutions.com\/index.php\/2024\/09\/26\/hector-alvarez-buscara-el-arcoiris-mundialista-en-zurich\/","title":{"rendered":"H\u00e9ctor \u00c1lvarez buscar\u00e1 el arco\u00edris mundialista en Z\u00farich"},"content":{"rendered":"  <p>Benidorm<\/p>   <p>El d\u00eda y la hora est\u00e1n marcadas en rojo, desde hace ya muchas semanas, en el calendario de <a href=\"https:\/\/cadenaser.com\/tag\/hector_alvarez_martinez\/a\/\" target=\"_blank\" rel=\"noopener\">H\u00e9ctor \u00c1lvarez<\/a>: jueves, 26 de septiembre, 14:15 horas. Ser\u00e1 en ese momento cuando en la localidad suiza de Z\u00farich se ponga en marcha <a href=\"https:\/\/cadenaser.com\/comunitat-valenciana\/2024\/09\/19\/hector-alvarez-tendra-un-equipazo-a-su-disposicion-el-mundial-radio-benidorm\/\" target=\"_blank\" rel=\"noopener\">la prueba de fondo en carretera de categor\u00eda J\u00fanior en el Campeonato del Mundo de ciclismo<\/a> en la que el ciclista alfasino parte como uno de los aspirantes a medalla.<\/p>   <p>Para \u00e9l, adem\u00e1s, esta ser\u00e1 su \u00faltima carrera como ciclista J\u00fanior antes de dar por cerrada la temporada y debutar, ya el pr\u00f3ximo a\u00f1o, con el equipo de formaci\u00f3n de Lidl-Trek, una de las grandes potencias del World Tour que tiene dise\u00f1ado para \u00e9l un camino de maduraci\u00f3n similar al que no hace tanto tiempo sigui\u00f3 Juan Ayuso con UAE-Emirates.<\/p>  <p><p>M\u00e1s informaci\u00f3n<\/p><figure><img loading=\"lazy\" decoding=\"async\" src=\"https:\/\/cadenaser.com\/resizer\/v2\/WC7GXTB7AZD2PGWSWP3AT7TTW4.JPG?auth=04579c1185af0e90c3cf76e469f812947dc0f4b94c480f4d52070fbae6438825&amp;quality=70&amp;width=360&amp;height=202&amp;smart=true\" width=\"820\" height=\"621\" \/><\/figure><ul><li><a href=\"https:\/\/cadenaser.com\/tag\/hector_alvarez_martinez\/a\/\"><span>Todas las noticias de H\u00e9ctor \u00c1lvarez<\/span><\/a><\/li><\/ul><\/p>   <p>Pero antes de todo eso, queda un sue\u00f1o. El sue\u00f1o mundialista. El de convertirse, tras Miguel Morr\u00e1s, en el segundo campe\u00f3n del mundo J\u00fanior de la historia del ciclismo espa\u00f1ol en lo que a la prueba de fondo en carretera se refiere.<\/p>   <p>El seleccionador espa\u00f1ol, Manu Mateo, pas\u00f3 por los micr\u00f3fonos de <a href=\"https:\/\/cadenaser.com\/radio-benidorm\/ser-deportivos-benidorm\/\" target=\"_blank\" rel=\"noopener\">SER Deportivos Marina Baixa<\/a> para analizar, apenas 24 horas antes del arranque de la cita J\u00fanior masculina, las opciones de H\u00e9ctor \u00c1lvarez.<\/p>   <p><b>\u201cTenemos opciones de estar con los mejores\u201d<\/b><\/p>   <p>En conversaci\u00f3n telef\u00f3nica desde Z\u00farich con <a href=\"https:\/\/twitter.com\/nico_vanlooy\" rel=\"nofollow noopener\" target=\"_blank\">Nico Van Looy<\/a>, Mateo coincid\u00eda en asegurar que \u201chay motivos para pensar que se puede ser optimistas. Lleva mes y medio en el que todos los resultados que est\u00e1 obteniendo son muy buenos. Se encuentra en un momento de forma espectacular y durante toda la temporada est\u00e1 demostrando que es uno de los m\u00e1s fuertes. Creo que nos permite pensar que tenemos opciones de estar entre los mejores. Un sitio entre los diez mejores creo que s\u00ed nos pertenece\u201d. Algo que, adem\u00e1s, se ve reforzado tras <a href=\"https:\/\/cadenaser.com\/comunitat-valenciana\/2024\/09\/14\/hector-alvarez-subcampeon-de-europa-de-ciclismo-radio-benidorm\/\" target=\"_blank\" rel=\"noopener\">la plata obtenida hace apenas una semana en el Campeonato de Europa disputado en B\u00e9lgica<\/a>.<\/p>   <p>     .c-w{         max-width:444px;         width:100%;         margin:32px auto;      background:#00755E;         border-radius:4px;         display:flex;         align-items:center;         justify-content:center;     }     .c-w a{         display:flex;         align-items:center;         justify-content:center;         padding:4px 24px;     }     .c-w img{         width:24px;         margin-right:12px;     }     .c-w p{         font:18px\/25px Poppins;         text-align:center;         color:#fff;         margin:0;     }     @media (max-width:444px){         .c-w a{             padding:4px 12px;         }         .c-w img{             width:24px;             margin-right:8px;         }         .c-w p{             font:14px\/25px Poppins;         }     }     @media (max-width:335px){         .c-w p{             font:13px\/25px Poppins;         }     }  <div class=\"c-w\">     <a href=\"https:\/\/www.whatsapp.com\/channel\/0029Va633PF9WtC4l7XUzh1e\" target=\"_blank\" rel=\"noopener\">         <img decoding=\"async\" src=\"https:\/\/cadenaser.com\/estaticos\/recursosgraficos\/responsive\/img\/ico-whatsapp.svg\" alt=\"Whatsapp\">         <p>\u00danete al <b>canal de WhatsApp<\/b> de la SER<\/p>     <\/a> <\/div><\/p>   <p>Tras el mal d\u00eda que pas\u00f3 en la prueba contrarreloj, donde estuvo lejos de sus registros potenciales, H\u00e9ctor parece ya plenamente recuperado. Al menos, as\u00ed lo ha subrayado el seleccionador nacional, que ha valorado que \u201cde \u00e1nimo est\u00e1 perfectamente. Es verdad que en la crono no termin\u00f3 de encontrar sus mejores sensaciones\u201d, pero tambi\u00e9n matizaba que \u201cera una crono de especialistas\u201d, algo que \u00c1lvarez no es.<\/p>   <p>Respecto al trabajo hecho desde entonces con la vista puesta en la prueba de este jueves, Mateo explica que el corredor de l\u2019Alf\u00e0s del Pi \u201cha estado trabajando perfectamente. Incluso, ayer [por el martes] hicimos un entreno un poco m\u00e1s duro y se le ha visto con muy buenas sensaciones. Hoy mismo me ha dicho que estaba en un punto muy bueno y que cre\u00eda que lo pod\u00eda aprovechar\u201d.<\/p> ","protected":false},"excerpt":{"rendered":"<p>El corredor alfasino parte como uno de los favoritos en la prueba que arranca a las 14:15 horas del jueves<\/p>\n","protected":false},"author":0,"featured_media":8764,"comment_status":"open","ping_status":"open","sticky":false,"template":"","format":"standard","meta":{"_acf_changed":false,"footnotes":""},"categories":[16],"tags":[],"class_list":["post-8763","post","type-post","status-publish","format-standard","has-post-thumbnail","hentry","category-deportes"],"acf":{"ser_id":"4FOV7P7L5VEP7E6PHKFULFHF3U","ser_url":"https:\/\/cadenaser.com\/comunitat-valenciana\/2024\/09\/26\/hector-alvarez-buscara-el-arcoiris-mundialista-en-zurich-radio-benidorm\/"},"_links":{"self":[{"href":"https:\/\/serbenidorm.daliisolutions.com\/index.php\/wp-json\/wp\/v2\/posts\/8763","targetHints":{"allow":["GET"]}}],"collection":[{"href":"https:\/\/serbenidorm.daliisolutions.com\/index.php\/wp-json\/wp\/v2\/posts"}],"about":[{"href":"https:\/\/serbenidorm.daliisolutions.com\/index.php\/wp-json\/wp\/v2\/types\/post"}],"replies":[{"embeddable":true,"href":"https:\/\/serbenidorm.daliisolutions.com\/index.php\/wp-json\/wp\/v2\/comments?post=8763"}],"version-history":[{"count":0,"href":"https:\/\/serbenidorm.daliisolutions.com\/index.php\/wp-json\/wp\/v2\/posts\/8763\/revisions"}],"wp:featuredmedia":[{"embeddable":true,"href":"https:\/\/serbenidorm.daliisolutions.com\/index.php\/wp-json\/wp\/v2\/media\/8764"}],"wp:attachment":[{"href":"https:\/\/serbenidorm.daliisolutions.com\/index.php\/wp-json\/wp\/v2\/media?parent=8763"}],"wp:term":[{"taxonomy":"category","embeddable":true,"href":"https:\/\/serbenidorm.daliisolutions.com\/index.php\/wp-json\/wp\/v2\/categories?post=8763"},{"taxonomy":"post_tag","embeddable":true,"href":"https:\/\/serbenidorm.daliisolutions.com\/index.php\/wp-json\/wp\/v2\/tags?post=8763"}],"curies":[{"name":"wp","href":"https:\/\/api.w.org\/{rel}","templated":true}]}}