{"id":8769,"date":"2024-09-26T10:27:49","date_gmt":"2024-09-26T08:27:49","guid":{"rendered":"https:\/\/serbenidorm.daliisolutions.com\/index.php\/2024\/09\/26\/el-club-basket-terralfas-inicia-su-andadura-en-la-liga-femenina-2\/"},"modified":"2024-09-26T10:27:49","modified_gmt":"2024-09-26T08:27:49","slug":"el-club-basket-terralfas-inicia-su-andadura-en-la-liga-femenina-2","status":"publish","type":"post","link":"https:\/\/serbenidorm.daliisolutions.com\/index.php\/2024\/09\/26\/el-club-basket-terralfas-inicia-su-andadura-en-la-liga-femenina-2\/","title":{"rendered":"El Club B\u00e0sket Terralf\u00e0s inicia su andadura en la Liga Femenina 2"},"content":{"rendered":"  <p>Benidorm<\/p>   <p>El pr\u00f3ximo d\u00eda 5 de octubre (17:00 horas), el equipo S\u00e9nior femenino del Club B\u00e0sket Terralf\u00e0s comenzar\u00e1 su andadura en la Liga Femenina 2, la tercera categor\u00eda del baloncesto nacional, visitando al Almeda de Barcelona.<\/p>   <p>Tras el espectacular ascenso conseguido el pasado a\u00f1o en Huelva, el equipo entrenado por Manu Fuster tratar\u00e1 este a\u00f1o de asentarse en la nueva categor\u00eda en la que, seg\u00fan han explicado en SER Deportivos Marina Baixa Eva Lagunas, Elena G\u00e1zquez y Marta P\u00e9rez, har\u00e1n falta alrededor de ocho victorias para asegurarse la permanencia.<\/p>   <p>Para ello, aseguran las jugadoras, se ha conformado un equipo de garant\u00edas con una s\u00f3lida base que proviene ya del pasado curso y con refuerzos con sobrada experiencia como el de la propia Marta P\u00e9rez.<\/p>   <p>En su paso por el programa deportivo de Radio Benidorm-SER, las jugadoras alfasinas han analizado cu\u00e1les puede ser sus principales rivales en la lucha por la permanencia o hasta qu\u00e9 punto podr\u00edan influir los largos desplazamientos, con hasta tres viajes a Canarias, en el devenir deportivo del conjunto del pabell\u00f3n Pau Gasol.<\/p> ","protected":false},"excerpt":{"rendered":"<p>Eva Lagunas, Elena G\u00e1zquez y Marta P\u00e9rez analizan la ilusionante temporada que est\u00e1 a punto de comenzar<\/p>\n","protected":false},"author":0,"featured_media":8770,"comment_status":"open","ping_status":"open","sticky":false,"template":"","format":"standard","meta":{"_acf_changed":false,"footnotes":""},"categories":[16],"tags":[],"class_list":["post-8769","post","type-post","status-publish","format-standard","has-post-thumbnail","hentry","category-deportes"],"acf":{"ser_id":"6P2HSJ3FF5GM7CXBN74UVN57LA","ser_url":"https:\/\/cadenaser.com\/comunitat-valenciana\/2024\/09\/26\/el-club-basket-terralfas-inicia-su-andadura-en-la-liga-femenina-2-radio-benidorm\/"},"_links":{"self":[{"href":"https:\/\/serbenidorm.daliisolutions.com\/index.php\/wp-json\/wp\/v2\/posts\/8769","targetHints":{"allow":["GET"]}}],"collection":[{"href":"https:\/\/serbenidorm.daliisolutions.com\/index.php\/wp-json\/wp\/v2\/posts"}],"about":[{"href":"https:\/\/serbenidorm.daliisolutions.com\/index.php\/wp-json\/wp\/v2\/types\/post"}],"replies":[{"embeddable":true,"href":"https:\/\/serbenidorm.daliisolutions.com\/index.php\/wp-json\/wp\/v2\/comments?post=8769"}],"version-history":[{"count":0,"href":"https:\/\/serbenidorm.daliisolutions.com\/index.php\/wp-json\/wp\/v2\/posts\/8769\/revisions"}],"wp:featuredmedia":[{"embeddable":true,"href":"https:\/\/serbenidorm.daliisolutions.com\/index.php\/wp-json\/wp\/v2\/media\/8770"}],"wp:attachment":[{"href":"https:\/\/serbenidorm.daliisolutions.com\/index.php\/wp-json\/wp\/v2\/media?parent=8769"}],"wp:term":[{"taxonomy":"category","embeddable":true,"href":"https:\/\/serbenidorm.daliisolutions.com\/index.php\/wp-json\/wp\/v2\/categories?post=8769"},{"taxonomy":"post_tag","embeddable":true,"href":"https:\/\/serbenidorm.daliisolutions.com\/index.php\/wp-json\/wp\/v2\/tags?post=8769"}],"curies":[{"name":"wp","href":"https:\/\/api.w.org\/{rel}","templated":true}]}}