{"id":8775,"date":"2024-09-26T14:24:15","date_gmt":"2024-09-26T12:24:15","guid":{"rendered":"https:\/\/serbenidorm.daliisolutions.com\/index.php\/2024\/09\/26\/polop-de-la-marina-abrira-su-primera-escuela-infantil-publica-y-gratuita-a-principio-de-octubre\/"},"modified":"2024-09-26T14:24:15","modified_gmt":"2024-09-26T12:24:15","slug":"polop-de-la-marina-abrira-su-primera-escuela-infantil-publica-y-gratuita-a-principio-de-octubre","status":"publish","type":"post","link":"https:\/\/serbenidorm.daliisolutions.com\/index.php\/2024\/09\/26\/polop-de-la-marina-abrira-su-primera-escuela-infantil-publica-y-gratuita-a-principio-de-octubre\/","title":{"rendered":"Polop de la Marina abrir\u00e1 su primera Escuela Infantil p\u00fablica y gratuita a principio de octubre"},"content":{"rendered":"  <p>Polop de la Marina<\/p>   <p>Polop de la Marina tiene previsto abrir al p\u00fablico su primera Escuela Infantil p\u00fablica en el municipio en dos o tres semanas. Una escuela que gestionar\u00e1 directamente la Generalitat Valenciana y que ser\u00e1 gratuita para sus usuarios.<\/p>   <p>As\u00ed lo ha adelantado el alcalde, Jos\u00e9 Lu\u00eds Susmozas, en Hoy por Hoy Benidorm donde tambi\u00e9n ha se\u00f1alado que este proyecto \u201cera una reclamaci\u00f3n hist\u00f3rica en el municipio puesto que no ten\u00edamos escuela infantil ni p\u00fablica ni privada y es algo que consideramos fundamental para ayudar en al conciliaci\u00f3n laboral y familiar\u201d.<\/p>   <p>El primer edil ha destacado que el proyecto se ha hecho realidad \u201cen tan solo un a\u00f1o\u201d y gracias a una inversi\u00f3n de 300.000 euros que, de momento, ha aportado el propio Ayuntamiento pero que despu\u00e9s recuperar\u00e1 en parte gracias a una subvenci\u00f3n de la Diputaci\u00f3n Provincial de Alicante que sufragar\u00e1 el 75% del total de la obra.<\/p>   <p>Los trabajos consistieron en adecuar una parte del antiguo edificio del colegio polopino que estaba en desuso para convertirlo en guarder\u00eda infantil. \u201cEl espacio est\u00e1 habilitado, falta que lleguen los muebles y Conselleria ya tiene asignado al profesorado. Ser\u00e1 una escuela p\u00fablica y gratuita que la va a gestionar Generalitat como si fuera un colegio. En breve abriremos el plazo para solicitar plaza\u201d, explica el alcalde.<\/p>   <p>Por otra parte Susmozas ha se\u00f1alado que el siguiente objetivo del municipio a nivel de infraestructuras educativas es conseguir tener en el municipio el primer instituto de secundaria. Admite que ya ha habido \u201ccontactos y conversaciones con Conselleria\u201d y que el municipio tiene, listo para ceder, un suelo dotacional en el complejo educativo destinado al futuro centro.<\/p>   <p>     .c-w{         max-width:444px;         width:100%;         margin:32px auto;      background:#00755E;         border-radius:4px;         display:flex;         align-items:center;         justify-content:center;     }     .c-w a{         display:flex;         align-items:center;         justify-content:center;         padding:4px 24px;     }     .c-w img{         width:24px;         margin-right:12px;     }     .c-w p{         font:18px\/25px Poppins;         text-align:center;         color:#fff;         margin:0;     }     @media (max-width:444px){         .c-w a{             padding:4px 12px;         }         .c-w img{             width:24px;             margin-right:8px;         }         .c-w p{             font:14px\/25px Poppins;         }     }     @media (max-width:335px){         .c-w p{             font:13px\/25px Poppins;         }     }  <div class=\"c-w\">     <a href=\"https:\/\/www.whatsapp.com\/channel\/0029Va633PF9WtC4l7XUzh1e\" target=\"_blank\" rel=\"noopener\">         <img decoding=\"async\" src=\"https:\/\/cadenaser.com\/estaticos\/recursosgraficos\/responsive\/img\/ico-whatsapp.svg\" alt=\"Whatsapp\">         <p>\u00danete al <b>canal de WhatsApp<\/b> de la SER<\/p>     <\/a> <\/div><\/p>   <p>Un proyecto que el Ayuntamiento pretende que pueda ser una realidad \u201cen cuatro o cinco a\u00f1os\u201d debido a que el municipio est\u00e1 creciendo r\u00e1pidamente. \u201cEn solo uno a\u00f1o o dos hemos crecido en m\u00e1s de mil habitantes y la previsi\u00f3n es seguir creciendo\u201d, indica el alcalde quien tambi\u00e9n argumenta que \u201cun instituto dar\u00eda mayor seguridad a nuestro alumnado, porque estar\u00eda en el mismo complejo escolar, y evitar\u00eda tener que trasladarse hasta Callosa d\u2019en Sarri\u00e0 que es hasta donde tienen que ir ahora nuestros alumnos para cursar Educaci\u00f3n Secundaria. Adem\u00e1s el beneficio ser\u00eda m\u00faltiple porque tambi\u00e9n se descongestionar\u00eda el instituto callosino\u201d.<\/p> ","protected":false},"excerpt":{"rendered":"<p>El alcalde, Jos\u00e9 Lu\u00eds Susmozas, pide a Conselleria la construcci\u00f3n del primer instituto de Secundaria<\/p>\n","protected":false},"author":0,"featured_media":8776,"comment_status":"open","ping_status":"open","sticky":false,"template":"","format":"standard","meta":{"_acf_changed":false,"footnotes":""},"categories":[1],"tags":[],"class_list":["post-8775","post","type-post","status-publish","format-standard","has-post-thumbnail","hentry","category-sin-categoria"],"acf":{"ser_id":"HEABYW7IEBH3LO276DYHIKFXUI","ser_url":"https:\/\/cadenaser.com\/comunitat-valenciana\/2024\/09\/26\/polop-de-la-marina-abrira-su-primera-escuela-infantil-publica-y-gratuita-a-principio-de-octubre-radio-benidorm\/"},"_links":{"self":[{"href":"https:\/\/serbenidorm.daliisolutions.com\/index.php\/wp-json\/wp\/v2\/posts\/8775","targetHints":{"allow":["GET"]}}],"collection":[{"href":"https:\/\/serbenidorm.daliisolutions.com\/index.php\/wp-json\/wp\/v2\/posts"}],"about":[{"href":"https:\/\/serbenidorm.daliisolutions.com\/index.php\/wp-json\/wp\/v2\/types\/post"}],"replies":[{"embeddable":true,"href":"https:\/\/serbenidorm.daliisolutions.com\/index.php\/wp-json\/wp\/v2\/comments?post=8775"}],"version-history":[{"count":0,"href":"https:\/\/serbenidorm.daliisolutions.com\/index.php\/wp-json\/wp\/v2\/posts\/8775\/revisions"}],"wp:featuredmedia":[{"embeddable":true,"href":"https:\/\/serbenidorm.daliisolutions.com\/index.php\/wp-json\/wp\/v2\/media\/8776"}],"wp:attachment":[{"href":"https:\/\/serbenidorm.daliisolutions.com\/index.php\/wp-json\/wp\/v2\/media?parent=8775"}],"wp:term":[{"taxonomy":"category","embeddable":true,"href":"https:\/\/serbenidorm.daliisolutions.com\/index.php\/wp-json\/wp\/v2\/categories?post=8775"},{"taxonomy":"post_tag","embeddable":true,"href":"https:\/\/serbenidorm.daliisolutions.com\/index.php\/wp-json\/wp\/v2\/tags?post=8775"}],"curies":[{"name":"wp","href":"https:\/\/api.w.org\/{rel}","templated":true}]}}