{"id":8785,"date":"2024-09-26T15:38:00","date_gmt":"2024-09-26T13:38:00","guid":{"rendered":"https:\/\/serbenidorm.daliisolutions.com\/index.php\/2024\/09\/26\/este-es-el-calendario-de-mejoras-en-la-depuradora-de-la-vila-joiosa\/"},"modified":"2024-09-26T15:38:00","modified_gmt":"2024-09-26T13:38:00","slug":"este-es-el-calendario-de-mejoras-en-la-depuradora-de-la-vila-joiosa","status":"publish","type":"post","link":"https:\/\/serbenidorm.daliisolutions.com\/index.php\/2024\/09\/26\/este-es-el-calendario-de-mejoras-en-la-depuradora-de-la-vila-joiosa\/","title":{"rendered":"Este es el calendario de mejoras en la depuradora de La Vila Joiosa"},"content":{"rendered":"  <p>Villajoyosa<\/p>   <p>El conseller de Medio Ambiente, Vicente Mart\u00ednez, ha anunciado este jueves en La Vila Joiosa una inversi\u00f3n de 16 millones de euros por parte de la Generalitat Valenciana para mejorar y adecuar las instalaciones de la Estacion Depuradora de Aguas Residuales del municipio.<\/p>   <p>El proyecto se divide en varias fases la primera de las cuales supondr\u00e1  una mejora para las aguas de riego o el baldeo de las calles con la  colocaci\u00f3n de unas membranas de filtraci\u00f3n en el terciario.<a href=\"https:\/\/cadenaser.com\/tag\/vila_joiosa\/a\/\" target=\"_blank\" rel=\"noopener\"> Unos trabajos que el conseller ha adelantado que est\u00e1 previsto que finalicen antes de que termine 2025<\/a>.<\/p>   <p>Ser\u00e1 entonces cuando se licite la siguiente fase que acapara el grueso de la inversi\u00f3n, 12 millones del total, y que ira encaminada a reformar las estaciones de bombeo e impulsiones de aguas residuales del municipio la Vila Joiosa hasta la EDAR. La obra supondr\u00e1 la renovaci\u00f3n de las actuales conducciones, en su mayor\u00eda de fibrocemento, y reparaci\u00f3n de las estaciones de bombeo deterioradas.<\/p>  <p><p class=\"tit\"><span>Hora 14 Benidorm (26\/09\/2024)<\/span><\/p> <p class=\"emb\"><iframe loading=\"lazy\" src=\"https:\/\/cadenaser.com\/embed\/audio\/460\/cadenaser_benidorm_hora14benidorm_20240926_141700_143000\/\" width=\"100%\" height=\"360\" frameborder=\"0\" allowfullscreen><\/iframe><\/p><\/p>   <p>Adem\u00e1s tambi\u00e9n se construir\u00e1 un tanque anti-DSU \u201cpara evitar descargas contaminantes del sistema de saneamiento en la desembocadura del r\u00edo Amadorio cuando llueve\u201d, ha asegurado Mart\u00ednez quien tambi\u00e9n ha adelantado que la EPSAR \u201cya trabaja en la licitaci\u00f3n de la redacci\u00f3n del proyecto de construcci\u00f3n\u201d.<\/p>  <p><p>M\u00e1s informaci\u00f3n<\/p><figure><img loading=\"lazy\" decoding=\"async\" src=\"https:\/\/cadenaser.com\/resizer\/v2\/FRRGH5FWEJBU7O3U3D4CY23EQY.jpg?auth=e3aa39eabf8133fea5cbc73a25e6dd4d7dedb336febc464d2533c342fe13848c&amp;quality=70&amp;width=360&amp;height=202&amp;smart=true\" width=\"820\" height=\"621\" \/><\/figure><ul><li><a href=\"https:\/\/cadenaser.com\/comunitat-valenciana\/2024\/09\/26\/polop-de-la-marina-abrira-su-primera-escuela-infantil-publica-y-gratuita-a-principio-de-octubre-radio-benidorm\/\"><span>Polop abrir\u00e1 su primera Escuela Infantil p\u00fablica y gratuita a principio de octubre<\/span><\/a><\/li><\/ul><\/p>   <p>La tercera fase servir\u00e1 para mejorar el funcionamiento del sistema de transporte de agua en la Estaci\u00f3n de bombeo Galand\u00fa, que est\u00e1 ubicada en una zona donde hay instalaciones sanitarias y viviendas.<\/p>   <p>     .c-w{         max-width:444px;         width:100%;         margin:32px auto;      background:#00755E;         border-radius:4px;         display:flex;         align-items:center;         justify-content:center;     }     .c-w a{         display:flex;         align-items:center;         justify-content:center;         padding:4px 24px;     }     .c-w img{         width:24px;         margin-right:12px;     }     .c-w p{         font:18px\/25px Poppins;         text-align:center;         color:#fff;         margin:0;     }     @media (max-width:444px){         .c-w a{             padding:4px 12px;         }         .c-w img{             width:24px;             margin-right:8px;         }         .c-w p{             font:14px\/25px Poppins;         }     }     @media (max-width:335px){         .c-w p{             font:13px\/25px Poppins;         }     }  <div class=\"c-w\">     <a href=\"https:\/\/www.whatsapp.com\/channel\/0029Va633PF9WtC4l7XUzh1e\" target=\"_blank\" rel=\"noopener\">         <img decoding=\"async\" src=\"https:\/\/cadenaser.com\/estaticos\/recursosgraficos\/responsive\/img\/ico-whatsapp.svg\" alt=\"Whatsapp\">         <p>\u00danete al <b>canal de WhatsApp<\/b> de la SER<\/p>     <\/a> <\/div><\/p>   <p>El conseller ha explicado que todas estas mejoras vendr\u00e1n a solucionar algunos problemas existentes actualmente en la red vilera y \u201cse conseguir\u00e1 agua reutilizada de calidad y se eliminar\u00e1n los problemas de olores\u201d adem\u00e1s de mejorar del agua con el filtrado \u201cpara evitar la acumulaci\u00f3n de organismos vivos, bacterias o algas\u201d.<\/p> ","protected":false},"excerpt":{"rendered":"<p>La Generalitat anuncia una inversi\u00f3n de 16 millones de euros<\/p>\n","protected":false},"author":0,"featured_media":8786,"comment_status":"open","ping_status":"open","sticky":false,"template":"","format":"standard","meta":{"_acf_changed":false,"footnotes":""},"categories":[1],"tags":[],"class_list":["post-8785","post","type-post","status-publish","format-standard","has-post-thumbnail","hentry","category-sin-categoria"],"acf":{"ser_id":"TLCLZMFZUVDILFVFHRWDYOICUY","ser_url":"https:\/\/cadenaser.com\/comunitat-valenciana\/2024\/09\/26\/este-es-el-calendario-de-mejoras-en-la-depuradora-de-la-vila-joiosa-radio-benidorm\/"},"_links":{"self":[{"href":"https:\/\/serbenidorm.daliisolutions.com\/index.php\/wp-json\/wp\/v2\/posts\/8785","targetHints":{"allow":["GET"]}}],"collection":[{"href":"https:\/\/serbenidorm.daliisolutions.com\/index.php\/wp-json\/wp\/v2\/posts"}],"about":[{"href":"https:\/\/serbenidorm.daliisolutions.com\/index.php\/wp-json\/wp\/v2\/types\/post"}],"replies":[{"embeddable":true,"href":"https:\/\/serbenidorm.daliisolutions.com\/index.php\/wp-json\/wp\/v2\/comments?post=8785"}],"version-history":[{"count":0,"href":"https:\/\/serbenidorm.daliisolutions.com\/index.php\/wp-json\/wp\/v2\/posts\/8785\/revisions"}],"wp:featuredmedia":[{"embeddable":true,"href":"https:\/\/serbenidorm.daliisolutions.com\/index.php\/wp-json\/wp\/v2\/media\/8786"}],"wp:attachment":[{"href":"https:\/\/serbenidorm.daliisolutions.com\/index.php\/wp-json\/wp\/v2\/media?parent=8785"}],"wp:term":[{"taxonomy":"category","embeddable":true,"href":"https:\/\/serbenidorm.daliisolutions.com\/index.php\/wp-json\/wp\/v2\/categories?post=8785"},{"taxonomy":"post_tag","embeddable":true,"href":"https:\/\/serbenidorm.daliisolutions.com\/index.php\/wp-json\/wp\/v2\/tags?post=8785"}],"curies":[{"name":"wp","href":"https:\/\/api.w.org\/{rel}","templated":true}]}}