{"id":8792,"date":"2024-09-26T18:07:27","date_gmt":"2024-09-26T16:07:27","guid":{"rendered":"https:\/\/serbenidorm.daliisolutions.com\/index.php\/2024\/09\/26\/el-diluvio-de-zurich-acaba-con-el-sueno-arcoioris-de-hector-alvarez\/"},"modified":"2024-09-26T18:07:27","modified_gmt":"2024-09-26T16:07:27","slug":"el-diluvio-de-zurich-acaba-con-el-sueno-arcoioris-de-hector-alvarez","status":"publish","type":"post","link":"https:\/\/serbenidorm.daliisolutions.com\/index.php\/2024\/09\/26\/el-diluvio-de-zurich-acaba-con-el-sueno-arcoioris-de-hector-alvarez\/","title":{"rendered":"El diluvio de Z\u00farich acaba con el sue\u00f1o arco\u00edoris de H\u00e9ctor \u00c1lvarez"},"content":{"rendered":"  <p>Benidorm<\/p>   <p>Bajo un tremendo diluvio y, como correspond\u00eda en Z\u00farich, con puntualidad de relojero suizo; la carrera de fondo en carretera del <a href=\"https:\/\/cadenaser.com\/comunitat-valenciana\/2024\/09\/26\/hector-alvarez-buscara-el-arcoiris-mundialista-en-zurich-radio-benidorm\/\">Campeonato del Mundo de ciclismo en categor\u00eda J\u00fanior<\/a> se puso en marcha a las 14:15 horas con casi todas las miradas puestas en el tr\u00edo que hace apenas una semana <a href=\"https:\/\/cadenaser.com\/comunitat-valenciana\/2024\/09\/14\/hector-alvarez-subcampeon-de-europa-de-ciclismo-radio-benidorm\/\">complet\u00f3 el podio del Campeonato de Europa (Felix \u00d8rn-Kristoff, H\u00e9ctor \u00c1lvarez y Paul Seixas)<\/a> as\u00ed como en el dan\u00e9s Albert Philipsen, ganador hace un a\u00f1o en Pa\u00edses Bajos y portador, por lo tanto, del dorsal n\u00famero uno.<\/p>   <p>Con casi 130 kil\u00f3metros por delante, los daneses apostaron, como era previsible, por endurecer la carrera desde la misma pancarta del kil\u00f3metro cero para, entre otros objetivos, tratar de desarbolar a Espa\u00f1a, una de las selecciones m\u00e1s fuertes del Mundial y, sobre todo, que m\u00e1s y mejor ha demostrado saber trabajar en equipo a lo largo de toda la temporada.<\/p>   <p>En una situaci\u00f3n que recordaba tremendamente a aquel dantesco Campeonato del Mundo Elite de 2019 en Yorkshire, donde se impuso el dan\u00e9s Mads Pedersen heredando el maillot arco\u00edris de Alejandro Valverde, muchos de los llamados \u2018outsiders\u2019 de la prueba J\u00fanior en Z\u00farich iban vi\u00e9ndose descolgados de los puestos de privilegio al sucumbir sus cuerpos a la dureza del terreno y del propio clima.<\/p>  <p><p>M\u00e1s informaci\u00f3n<\/p><figure><img loading=\"lazy\" decoding=\"async\" src=\"https:\/\/cadenaser.com\/resizer\/v2\/USHOEPUXINCB3HZW7FXOFYIHWM.jpg?auth=2219ca78e839daf7b83e77e73b218a162b59b098883c5d031f6cf7c4f70e498a&amp;quality=70&amp;width=360&amp;height=202&amp;smart=true\" width=\"820\" height=\"621\" \/><\/figure><ul><li><a href=\"https:\/\/cadenaser.com\/comunitat-valenciana\/2024\/09\/14\/hector-alvarez-subcampeon-de-europa-de-ciclismo-radio-benidorm\/\"><span>H\u00e9ctor \u00c1lvarez, subcampe\u00f3n de Europa de ciclismo<\/span><\/a><\/li><\/ul><\/p>   <p>Eso hizo que la selecci\u00f3n de aspirantes al triunfo se hiciera algo antes de lo que habr\u00eda sucedido en circunstancias normales. A falta de algo menos de 80 kil\u00f3metros un nuevo aceler\u00f3n en cabeza provoc\u00f3 que lo que quedaba de pelot\u00f3n saltara por los aires dejando en cabeza un reducido grupo de apenas 15 a 20 unidades en el que Espa\u00f1a, siempre muy atenta, supo meter a su gran baza, <a href=\"https:\/\/cadenaser.com\/tag\/hector_alvarez_martinez\/a\/\">H\u00e9ctor \u00c1lvarez<\/a>, y a su mejor lugarteniente, Adri\u00e0 Pericas.<\/p>   <p>El primero en sacudir el \u00e1rbol fue el italiano Lorenzo Finn que, con 70 kil\u00f3metros de tortura a proa, quiso probarlo en solitario. Por detr\u00e1s, perdido ya para la causa el noruego Kristoff, haciendo la goma constantemente los neerlandeses, descartados los belgas y dando evidentes signos de ir \u2018tostado\u2019 Seixas; se form\u00f3 el grupo del que, ya era m\u00e1s que evidente, iba a salir el nuevo campe\u00f3n del mundo.<\/p>   <p>     .c-w{         max-width:444px;         width:100%;         margin:32px auto;      background:#00755E;         border-radius:4px;         display:flex;         align-items:center;         justify-content:center;     }     .c-w a{         display:flex;         align-items:center;         justify-content:center;         padding:4px 24px;     }     .c-w img{         width:24px;         margin-right:12px;     }     .c-w p{         font:18px\/25px Poppins;         text-align:center;         color:#fff;         margin:0;     }     @media (max-width:444px){         .c-w a{             padding:4px 12px;         }         .c-w img{             width:24px;             margin-right:8px;         }         .c-w p{             font:14px\/25px Poppins;         }     }     @media (max-width:335px){         .c-w p{             font:13px\/25px Poppins;         }     }  <div class=\"c-w\">     <a href=\"https:\/\/www.whatsapp.com\/channel\/0029Va633PF9WtC4l7XUzh1e\" target=\"_blank\" rel=\"noopener\">         <img decoding=\"async\" src=\"https:\/\/cadenaser.com\/estaticos\/recursosgraficos\/responsive\/img\/ico-whatsapp.svg\" alt=\"Whatsapp\">         <p>\u00danete al <b>canal de WhatsApp<\/b> de la SER<\/p>     <\/a> <\/div><\/p>   <p>A Finn le dieron caza pronto, pero el transalpino, lejos de haberse vaciado, pudo aguantar la rueda de sus rivales y recuperar a rueda de un grupito cabecero en el que H\u00e9ctor \u00c1lvarez estaba dando toda la sensaci\u00f3n de tener las cosas muy bajo control, llevando el peso de la carrera en muchos momentos y saltando a cerrar huecos cuando era necesario.<\/p>   <p>Sin embargo, a poco m\u00e1s de 20 kil\u00f3metros para el final el gran favorito, el dan\u00e9s Philipsen, se fue al suelo en una curva quedando durante largo rato tendido en el suelo. Eso dejaba solos en cabeza a Finn y a \u00c1lvarez, que hab\u00eda sufrido lo indecible en el repecho anterior por seguir a rueda de sus dos rivales.<\/p>  <p><p>M\u00e1s informaci\u00f3n<\/p><figure><img loading=\"lazy\" decoding=\"async\" src=\"https:\/\/cadenaser.com\/resizer\/v2\/WC7GXTB7AZD2PGWSWP3AT7TTW4.JPG?auth=04579c1185af0e90c3cf76e469f812947dc0f4b94c480f4d52070fbae6438825&amp;quality=70&amp;width=360&amp;height=202&amp;smart=true\" width=\"820\" height=\"621\" \/><\/figure><ul><li><a href=\"https:\/\/cadenaser.com\/tag\/hector_alvarez_martinez\/a\/\"><span>Todas las noticias de H\u00e9ctor \u00c1lvarez<\/span><\/a><\/li><\/ul><\/p>   <p>Finn, tremendamente generoso, le ped\u00eda relevos a \u00c1lvarez y este, lejos de lo que es habitual en \u00e9l (corredor generoso como pocos), se hac\u00eda el remol\u00f3n y negaba con la cabeza. Aquello era una se\u00f1al de alarma evidente. El de l\u2019Alf\u00e0s del Pi atravesaba una terrible crisis que no le permiti\u00f3 ni tan siquiera disimular con alg\u00fan relevo tonto para cumplir el expediente.<\/p>   <p>Tan cabreado como sorprendido, Finn atac\u00f3 sin que el espa\u00f1ol pudiera hacer nada por responder. \u00c1lvarez hab\u00eda entrado en crisis. Completamente \u2018apajarado\u2019, s\u00f3lo quedaba tratar de salvar los muebles y pelear por una medalla.<\/p>   <p>Primero fue el brit\u00e1nico Sebastian Grindley el que le birl\u00f3 la plata y luego, ya dentro de los dos kil\u00f3metros finales, tambi\u00e9n le superaron el neerland\u00e9s Senna Remijn (bronce), el alem\u00e1n Paul Fietzke y el estadounidense Ashlin Barry.<\/p>   <p>H\u00e9ctor, roto por dentro y por fuera y sin un solo gramo de fuerza m\u00e1s en el cuerpo, cruz\u00f3 la meta en sexta posici\u00f3n a 3:44 del vencedor en la que es una de las mejores actuaciones de la historia del ciclismo espa\u00f1ol en la categor\u00eda tras el oro de Miguel Morr\u00e1s en Quito 1994 (con Eladio Jim\u00e9nez siendo tercero), las cuartas plazas de Iban Mayo (Forl\u00ec 1995) y Jos\u00e9 Joaqu\u00edn Rojas (Hamilton 2003) o el quinto puesto de Gaizka Lejarreta en Novo Mesto 1996.<\/p>   <p>Tras este nuevo top10, en este caso mundialista, H\u00e9ctor \u00c1lvarez pone fin a la etapa J\u00fanior m\u00e1s brillante de un ciclista espa\u00f1ol en la historia y a una de las mejores temporadas de un ciclista juvenil en todo el pelot\u00f3n internacional para embarcarse ahora en una nueva aventura, antesala ya del profesionalismo de m\u00e1ximo nivel, en el equipo filial del Lidl-Trek.<\/p> ","protected":false},"excerpt":{"rendered":"<p>El corredor alfasino sufri\u00f3 una tremenda \u2018p\u00e1jara\u2019 poco m\u00e1s de 20 kil\u00f3metros para meta y se tuvo que conformar con la sexta plaza<\/p>\n","protected":false},"author":0,"featured_media":8793,"comment_status":"open","ping_status":"open","sticky":false,"template":"","format":"standard","meta":{"_acf_changed":false,"footnotes":""},"categories":[16],"tags":[],"class_list":["post-8792","post","type-post","status-publish","format-standard","has-post-thumbnail","hentry","category-deportes"],"acf":{"ser_id":"4635YPCG3JCBNB4RIWTVXG5DHA","ser_url":"https:\/\/cadenaser.com\/comunitat-valenciana\/2024\/09\/26\/el-diluvio-de-zurich-acaba-con-el-sueno-arcoioris-de-hector-alvarez-radio-benidorm\/"},"_links":{"self":[{"href":"https:\/\/serbenidorm.daliisolutions.com\/index.php\/wp-json\/wp\/v2\/posts\/8792","targetHints":{"allow":["GET"]}}],"collection":[{"href":"https:\/\/serbenidorm.daliisolutions.com\/index.php\/wp-json\/wp\/v2\/posts"}],"about":[{"href":"https:\/\/serbenidorm.daliisolutions.com\/index.php\/wp-json\/wp\/v2\/types\/post"}],"replies":[{"embeddable":true,"href":"https:\/\/serbenidorm.daliisolutions.com\/index.php\/wp-json\/wp\/v2\/comments?post=8792"}],"version-history":[{"count":0,"href":"https:\/\/serbenidorm.daliisolutions.com\/index.php\/wp-json\/wp\/v2\/posts\/8792\/revisions"}],"wp:featuredmedia":[{"embeddable":true,"href":"https:\/\/serbenidorm.daliisolutions.com\/index.php\/wp-json\/wp\/v2\/media\/8793"}],"wp:attachment":[{"href":"https:\/\/serbenidorm.daliisolutions.com\/index.php\/wp-json\/wp\/v2\/media?parent=8792"}],"wp:term":[{"taxonomy":"category","embeddable":true,"href":"https:\/\/serbenidorm.daliisolutions.com\/index.php\/wp-json\/wp\/v2\/categories?post=8792"},{"taxonomy":"post_tag","embeddable":true,"href":"https:\/\/serbenidorm.daliisolutions.com\/index.php\/wp-json\/wp\/v2\/tags?post=8792"}],"curies":[{"name":"wp","href":"https:\/\/api.w.org\/{rel}","templated":true}]}}