{"id":8796,"date":"2024-09-26T18:44:58","date_gmt":"2024-09-26T16:44:58","guid":{"rendered":"https:\/\/serbenidorm.daliisolutions.com\/index.php\/2024\/09\/26\/roja-directa-a-la-violencia-62-partidos-de-suspension-por-la-agresion-a-un-arbitro-en-el-finestrat-atletico-callosa\/"},"modified":"2024-09-26T18:44:58","modified_gmt":"2024-09-26T16:44:58","slug":"roja-directa-a-la-violencia-62-partidos-de-suspension-por-la-agresion-a-un-arbitro-en-el-finestrat-atletico-callosa","status":"publish","type":"post","link":"https:\/\/serbenidorm.daliisolutions.com\/index.php\/2024\/09\/26\/roja-directa-a-la-violencia-62-partidos-de-suspension-por-la-agresion-a-un-arbitro-en-el-finestrat-atletico-callosa\/","title":{"rendered":"Roja directa a la violencia: 62 partidos de suspensi\u00f3n por la agresi\u00f3n a un \u00e1rbitro en el Finestrat-Atl\u00e9tico Callosa"},"content":{"rendered":"  <p>Benidorm<\/p>   <p>El pasado fin de semana el campo de La Foia de Finestrat se convirti\u00f3 en el triste escenario de un nuevo episodio de violencia en el deporte cuando, durante un partido que enfrentaba al equipo local con el Atl\u00e9tico Callosa, un jugador de este \u00faltimo se encar\u00f3 primero con el p\u00fablico en la grada (llegando a abandonar el terreno de juego y acceder a la zona de aficionados) y luego, <a href=\"https:\/\/cadenaser.com\/comunitat-valenciana\/2024\/09\/23\/nueva-agresion-en-el-deporte-el-atletico-callosa-expulsa-al-jugador-que-ataco-a-un-arbitro-el-pasado-sabado-radio-benidorm\/\" target=\"_blank\" rel=\"noopener\">agredi\u00f3 al \u00e1rbitro del choque, un joven de s\u00f3lo 23 a\u00f1os, propin\u00e1ndole una fuerte patada en la tibia<\/a>.<\/p>  <p><p>M\u00e1s informaci\u00f3n<\/p><figure><img loading=\"lazy\" decoding=\"async\" src=\"https:\/\/cadenaser.com\/resizer\/v2\/J473223W3NGGNFMATV2E62RLHA.JPG?auth=7d007887b7b4c22fd5d5da31d272b3c06c8fffc6bba900e36f5f80268ef9d3e4&amp;quality=70&amp;width=360&amp;height=202&amp;smart=true\" width=\"820\" height=\"621\" \/><\/figure><ul><li><a href=\"https:\/\/cadenaser.com\/comunitat-valenciana\/2024\/09\/23\/nueva-agresion-en-el-deporte-el-atletico-callosa-expulsa-al-jugador-que-ataco-a-un-arbitro-el-pasado-sabado-radio-benidorm\/\"><span>Nueva agresi\u00f3n en el deporte: el Atl\u00e9tico Callosa expulsa al jugador que atac\u00f3 a un \u00e1rbitro el pasado s\u00e1bado<\/span><\/a><\/li><\/ul><\/p>   <p>El colegiado, incapaz de continuar sobre el terreno de juego tras sufrir ese acto violento, decidi\u00f3 suspender el partido en el minuto 57 de juego con 1-0 a favor de los locales; pero la historia estaba todav\u00eda muy lejos de acabar.<\/p>   <p>El Atl\u00e9tico Callosa, en una reacci\u00f3n ejemplar, emiti\u00f3 dos comunicados en un espacio de apenas 24 horas. En el primero, conden\u00f3 los hechos y pidi\u00f3 disculpas al \u00e1rbitro, a la Federaci\u00f3n y al equipo rival. En el segundo, y sin necesidad de esperar la intervenci\u00f3n de instancias superiores, confirm\u00f3 la expulsi\u00f3n del agresor de su entidad.<\/p>  <p><p>M\u00e1s informaci\u00f3n<\/p><figure><img loading=\"lazy\" decoding=\"async\" src=\"https:\/\/cadenaser.com\/resizer\/v2\/JVCR3QMT6RE2BOUKJTFL25Q7MA.JPG?auth=e2dc8a1076521759169debcc657b502335190ada05156dbfd35771f4ca354693&amp;quality=70&amp;width=360&amp;height=202&amp;smart=true\" width=\"820\" height=\"621\" \/><\/figure><ul><li><a href=\"https:\/\/cadenaser.com\/comunitat-valenciana\/2024\/09\/17\/denuncian-al-portavoz-de-vox-en-la-vila-joiosa-por-romperle-la-nariz-a-un-menor-durante-un-partido-de-balonmano-radio-benidorm\/\"><span>Denuncian al portavoz de Vox en La Vila Joiosa por romperle la nariz a un menor durante un partido de balonmano<\/span><\/a><\/li><\/ul><\/p>   <p>Pero la justicia deportiva ha seguido su cauce y este jueves, seg\u00fan la documentaci\u00f3n a la que ha podido tener acceso <a href=\"https:\/\/cadenaser.com\/radio-benidorm\/\" target=\"_blank\" rel=\"noopener\">Radio Benidorm-SER<\/a>, la Federaci\u00f3n de F\u00fatbol de la Comunitat Valenciana ha tomado la decisi\u00f3n de suspender al jugador por un periodo de 62 partidos, lo que supone que no podr\u00e1 pisar un campo de f\u00fatbol durante los pr\u00f3ximos dos a\u00f1os, aproximadamente.<\/p>   <p>Sin duda, se trata de un castigo ejemplar que deber\u00eda de servir para que no se repitan situaciones similares en el futuro en otros terrenos de juego.<\/p>   <p>     .c-w{         max-width:444px;         width:100%;         margin:32px auto;      background:#00755E;         border-radius:4px;         display:flex;         align-items:center;         justify-content:center;     }     .c-w a{         display:flex;         align-items:center;         justify-content:center;         padding:4px 24px;     }     .c-w img{         width:24px;         margin-right:12px;     }     .c-w p{         font:18px\/25px Poppins;         text-align:center;         color:#fff;         margin:0;     }     @media (max-width:444px){         .c-w a{             padding:4px 12px;         }         .c-w img{             width:24px;             margin-right:8px;         }         .c-w p{             font:14px\/25px Poppins;         }     }     @media (max-width:335px){         .c-w p{             font:13px\/25px Poppins;         }     }  <div class=\"c-w\">     <a href=\"https:\/\/www.whatsapp.com\/channel\/0029Va633PF9WtC4l7XUzh1e\" target=\"_blank\" rel=\"noopener\">         <img decoding=\"async\" src=\"https:\/\/cadenaser.com\/estaticos\/recursosgraficos\/responsive\/img\/ico-whatsapp.svg\" alt=\"Whatsapp\">         <p>\u00danete al <b>canal de WhatsApp<\/b> de la SER<\/p>     <\/a> <\/div><\/p> ","protected":false},"excerpt":{"rendered":"<p>El club callosino ya anunci\u00f3 el pasado lunes su decisi\u00f3n de expulsar al jugador de su estructura<\/p>\n","protected":false},"author":0,"featured_media":8797,"comment_status":"open","ping_status":"open","sticky":false,"template":"","format":"standard","meta":{"_acf_changed":false,"footnotes":""},"categories":[16],"tags":[],"class_list":["post-8796","post","type-post","status-publish","format-standard","has-post-thumbnail","hentry","category-deportes"],"acf":{"ser_id":"HX2CS3ZZLRGQNEW2XABAYRQIFU","ser_url":"https:\/\/cadenaser.com\/comunitat-valenciana\/2024\/09\/26\/roja-directa-a-la-violencia-62-partidos-de-suspension-por-la-agresion-a-un-arbitro-en-el-finestrat-atletico-callosa-radio-benidorm\/"},"_links":{"self":[{"href":"https:\/\/serbenidorm.daliisolutions.com\/index.php\/wp-json\/wp\/v2\/posts\/8796","targetHints":{"allow":["GET"]}}],"collection":[{"href":"https:\/\/serbenidorm.daliisolutions.com\/index.php\/wp-json\/wp\/v2\/posts"}],"about":[{"href":"https:\/\/serbenidorm.daliisolutions.com\/index.php\/wp-json\/wp\/v2\/types\/post"}],"replies":[{"embeddable":true,"href":"https:\/\/serbenidorm.daliisolutions.com\/index.php\/wp-json\/wp\/v2\/comments?post=8796"}],"version-history":[{"count":0,"href":"https:\/\/serbenidorm.daliisolutions.com\/index.php\/wp-json\/wp\/v2\/posts\/8796\/revisions"}],"wp:featuredmedia":[{"embeddable":true,"href":"https:\/\/serbenidorm.daliisolutions.com\/index.php\/wp-json\/wp\/v2\/media\/8797"}],"wp:attachment":[{"href":"https:\/\/serbenidorm.daliisolutions.com\/index.php\/wp-json\/wp\/v2\/media?parent=8796"}],"wp:term":[{"taxonomy":"category","embeddable":true,"href":"https:\/\/serbenidorm.daliisolutions.com\/index.php\/wp-json\/wp\/v2\/categories?post=8796"},{"taxonomy":"post_tag","embeddable":true,"href":"https:\/\/serbenidorm.daliisolutions.com\/index.php\/wp-json\/wp\/v2\/tags?post=8796"}],"curies":[{"name":"wp","href":"https:\/\/api.w.org\/{rel}","templated":true}]}}