{"id":8799,"date":"2024-09-26T19:13:04","date_gmt":"2024-09-26T17:13:04","guid":{"rendered":"https:\/\/serbenidorm.daliisolutions.com\/index.php\/2024\/09\/26\/asi-son-los-tres-mejores-cocteles-de-benidorm\/"},"modified":"2024-09-26T19:13:04","modified_gmt":"2024-09-26T17:13:04","slug":"asi-son-los-tres-mejores-cocteles-de-benidorm","status":"publish","type":"post","link":"https:\/\/serbenidorm.daliisolutions.com\/index.php\/2024\/09\/26\/asi-son-los-tres-mejores-cocteles-de-benidorm\/","title":{"rendered":"As\u00ed son los tres mejores c\u00f3cteles de Benidorm"},"content":{"rendered":"  <p>Benidorm<\/p>   <p>El cocktail \u2018Higo M\u00edtico\u2019 de gastrobar Urban Beach, elaborado por Luis Antonio Cubillana, se ha alzado hoy con el Premio al mejor Cocktail 2024 del III Concurso de Cocktails de Benidorm, la pen\u00faltima actividad del calendario del Benidorm Gastron\u00f3mico de este a\u00f1o. <\/p>   <p>Se da la circunstancia de que su creador y el local ya obtuvieron al m\u00e1ximo galard\u00f3n en la edici\u00f3n del a\u00f1o pasado. La creaci\u00f3n ha sido merecedora del trofeo y diploma acreditativo que se ha entregado hoy en el edificio<a href=\"https:\/\/cadenaser.com\/tag\/benidorm\/a\/\" target=\"_blank\" rel=\"noopener\"> El Torrej\u00f3<\/a>.<\/p>   <p><p>M\u00e1s informaci\u00f3n<\/p><ul><li><a href=\"https:\/\/cadenaser.com\/comunitat-valenciana\/2024\/09\/19\/un-museo-una-bolera-y-tres-empresarios-estos-seran-los-reconocimientos-de-benidorm-en-el-dia-del-turismo-radio-benidorm\/\"><span>Un museo, una bolera y tres empresarios: estos ser\u00e1n los reconocimientos de Benidorm en el D\u00eda del Turismo<\/span><\/a><\/li><\/ul><\/p>   <p>El premio al Mejor Cocktail sin alcohol ha sido para \u2018Diva Fusi\u00f3n\u2019, del establecimiento Diva 15, mientras que la Menci\u00f3n Especial del P\u00fablico al Cocktail m\u00e1s Popular ha reca\u00eddo en \u2018Nemo\u2019 del establecimiento M\u00eda Social Club. <\/p>   <p>Los autores de estas tres bebidas han conversado tras el acto en <a href=\"https:\/\/cadenaser.com\/tag\/comarca_la_marina_baixa\/a\/\" target=\"_blank\" rel=\"noopener\">La Ventana de la Marina Baixa<\/a> sobre las recetas o las ideas que tienen para futuros concursos e incluso se han planteado unirse \u00abalg\u00fan s\u00e1bado\u00bb en un evento en torno a la cocteler\u00eda.<\/p>   <p>Antes de la entrega de premios el representante de Abreca, Alex Frattini, ha destacado la \u201cgran satisfacci\u00f3n\u201d entre los clientes y consumidores, as\u00ed como \u201cel enorme \u00e9xito de esta iniciativa, que ya se ha consolidado\u201d y que este a\u00f1o ha logrado vender m\u00e1s de 2.000 combinados. Frattini tambi\u00e9n ha agradecido a los participantes, al jurado y al padrino su \u201cimplicaci\u00f3n\u201d en este concurso y ha resaltado la presencia de Jos\u00e9 Luis Yzuel en la entrega de premios del evento.<\/p>   <p>     .c-w{         max-width:444px;         width:100%;         margin:32px auto;      background:#00755E;         border-radius:4px;         display:flex;         align-items:center;         justify-content:center;     }     .c-w a{         display:flex;         align-items:center;         justify-content:center;         padding:4px 24px;     }     .c-w img{         width:24px;         margin-right:12px;     }     .c-w p{         font:18px\/25px Poppins;         text-align:center;         color:#fff;         margin:0;     }     @media (max-width:444px){         .c-w a{             padding:4px 12px;         }         .c-w img{             width:24px;             margin-right:8px;         }         .c-w p{             font:14px\/25px Poppins;         }     }     @media (max-width:335px){         .c-w p{             font:13px\/25px Poppins;         }     }  <div class=\"c-w\">     <a href=\"https:\/\/www.whatsapp.com\/channel\/0029Va633PF9WtC4l7XUzh1e\" target=\"_blank\" rel=\"noopener\">         <img decoding=\"async\" src=\"https:\/\/cadenaser.com\/estaticos\/recursosgraficos\/responsive\/img\/ico-whatsapp.svg\" alt=\"Whatsapp\">         <p>\u00danete al <b>canal de WhatsApp<\/b> de la SER<\/p>     <\/a> <\/div><\/p> ","protected":false},"excerpt":{"rendered":"<p>\u2018Higo M\u00edtico\u2019, de Gastrobar Urban Beach, se alza con el premio al mejor cocktail en el III Concurso de Cocktails de Benidorm<\/p>\n","protected":false},"author":0,"featured_media":8800,"comment_status":"open","ping_status":"open","sticky":false,"template":"","format":"standard","meta":{"_acf_changed":false,"footnotes":""},"categories":[1],"tags":[],"class_list":["post-8799","post","type-post","status-publish","format-standard","has-post-thumbnail","hentry","category-sin-categoria"],"acf":{"ser_id":"ZPCKKT5ZORDR3EUSJWLMOC5LIM","ser_url":"https:\/\/cadenaser.com\/comunitat-valenciana\/2024\/09\/26\/asi-con-los-tres-mejores-cocteles-de-benidorm-radio-benidorm\/"},"_links":{"self":[{"href":"https:\/\/serbenidorm.daliisolutions.com\/index.php\/wp-json\/wp\/v2\/posts\/8799","targetHints":{"allow":["GET"]}}],"collection":[{"href":"https:\/\/serbenidorm.daliisolutions.com\/index.php\/wp-json\/wp\/v2\/posts"}],"about":[{"href":"https:\/\/serbenidorm.daliisolutions.com\/index.php\/wp-json\/wp\/v2\/types\/post"}],"replies":[{"embeddable":true,"href":"https:\/\/serbenidorm.daliisolutions.com\/index.php\/wp-json\/wp\/v2\/comments?post=8799"}],"version-history":[{"count":0,"href":"https:\/\/serbenidorm.daliisolutions.com\/index.php\/wp-json\/wp\/v2\/posts\/8799\/revisions"}],"wp:featuredmedia":[{"embeddable":true,"href":"https:\/\/serbenidorm.daliisolutions.com\/index.php\/wp-json\/wp\/v2\/media\/8800"}],"wp:attachment":[{"href":"https:\/\/serbenidorm.daliisolutions.com\/index.php\/wp-json\/wp\/v2\/media?parent=8799"}],"wp:term":[{"taxonomy":"category","embeddable":true,"href":"https:\/\/serbenidorm.daliisolutions.com\/index.php\/wp-json\/wp\/v2\/categories?post=8799"},{"taxonomy":"post_tag","embeddable":true,"href":"https:\/\/serbenidorm.daliisolutions.com\/index.php\/wp-json\/wp\/v2\/tags?post=8799"}],"curies":[{"name":"wp","href":"https:\/\/api.w.org\/{rel}","templated":true}]}}