{"id":8811,"date":"2024-09-27T11:30:34","date_gmt":"2024-09-27T09:30:34","guid":{"rendered":"https:\/\/serbenidorm.daliisolutions.com\/index.php\/2024\/09\/27\/el-balonmano-benidorm-busca-darle-la-vuelta-a-la-historia-en-cuenca-justo-diez-anos-despues\/"},"modified":"2024-09-27T11:30:34","modified_gmt":"2024-09-27T09:30:34","slug":"el-balonmano-benidorm-busca-darle-la-vuelta-a-la-historia-en-cuenca-justo-diez-anos-despues","status":"publish","type":"post","link":"https:\/\/serbenidorm.daliisolutions.com\/index.php\/2024\/09\/27\/el-balonmano-benidorm-busca-darle-la-vuelta-a-la-historia-en-cuenca-justo-diez-anos-despues\/","title":{"rendered":"El Balonmano Benidorm busca darle la vuelta a la historia en Cuenca justo diez a\u00f1os despu\u00e9s"},"content":{"rendered":"  <p>Benidorm<\/p>   <p>La Liga Asobal llega este fin de semana a su tercera jornada y, aunque queda todav\u00eda much\u00edsimo camino por delante, la competici\u00f3n comienza ya a dar respuestas respecto a d\u00f3nde podr\u00e1 estar cada uno de sus 16 equipos en esta temporada. Como siempre, y no hab\u00eda duda alguna de ello, el Bar\u00e7a est\u00e1 varios pelda\u00f1os por encima de todos los dem\u00e1s y, tambi\u00e9n como casi siempre, el <a href=\"https:\/\/cadenaser.com\/tag\/club_balonmano_benidorm\/a\/\">Servigroup Benidorm<\/a>parece estar llamado a ser uno de esos equipos que, a poco bien que le salgan las cosas, pueda estar peleando por cosas muy importantes.<\/p>  <p><p>M\u00e1s informaci\u00f3n<\/p><figure><img loading=\"lazy\" decoding=\"async\" src=\"https:\/\/cadenaser.com\/resizer\/v2\/MLI35A2MWNE7ZJMR4RTW3ATLCM.JPG?auth=64abb52c76b934d546ba5acdabd485355967935e4ad1905a24074ec5260b07e3&amp;quality=70&amp;width=360&amp;height=202&amp;smart=true\" width=\"820\" height=\"621\" \/><\/figure><ul><li><a href=\"https:\/\/cadenaser.com\/comunitat-valenciana\/2024\/09\/25\/la-barra-libre-la-derrota-en-granollers-no-empana-el-buen-arranque-del-balonmano-benidorm-radio-benidorm\/\"><span>La Barra Libre: La derrota en Granollers no empa\u00f1a el buen arranque del Balonmano Benidorm<\/span><\/a><\/li><\/ul><\/p>   <p>Tras lograr <a href=\"https:\/\/cadenaser.com\/comunitat-valenciana\/2024\/09\/15\/el-servigroup-benidorm-vence-y-convence-en-su-debut-liguero-radio-benidorm\/\">un ilusionante triunfo frente al Guadalajara<\/a> en la primera jornada y transmitir muy buenas sensaciones en la segunda pese a <a href=\"https:\/\/cadenaser.com\/comunitat-valenciana\/2024\/09\/22\/al-balonmano-benidorm-se-le-hizo-largo-el-partido-ante-granollers-radio-benidorm\/\">la derrota sufrida en Granollers<\/a>, los de Sergio Carballeira viajan este viernes hasta El Sargal para v\u00e9rselas con el Cuenca (20:30 horas), uno de los \u00fanicos cuatro equipos que han hecho pleno de victorias en las dos primeras fechas (junto a Bar\u00e7a, Ademar de Le\u00f3n y Torrelavega).<\/p>   <p>En contra de los intereses de los del Palau d\u2019Esports juega la historia ya que en las nueve ocasiones anteriores que han visitado la ciudad de las casas colgadas, s\u00f3lo han podido ganar en una ocasi\u00f3n y de eso hace hoy exactamente diez a\u00f1os. Desde entonces, dos empates y seis derrotas conforman la din\u00e1mica que este viernes se busca romper.<\/p>  <p><p>M\u00e1s informaci\u00f3n<\/p><figure><img loading=\"lazy\" decoding=\"async\" src=\"https:\/\/cadenaser.com\/resizer\/v2\/254KOTW5EZFQZGGFBUNJ4V5BKE.jpg?auth=872d49b4de983c5627021da03823b3c91d2ac1fd8c5e3d0465202619d7ebb13a&amp;quality=70&amp;width=360&amp;height=202&amp;smart=true\" width=\"820\" height=\"621\" \/><\/figure><ul><li><a href=\"https:\/\/cadenaser.com\/comunitat-valenciana\/2024\/08\/08\/todos-los-partidos-horarios-y-resultados-del-balonmano-servigroup-benidorm-radio-benidorm\/\"><span>Todos los partidos, horarios y resultados del Balonmano Servigroup Benidorm<\/span><\/a><\/li><\/ul><\/p>   <p>En el seno de la plantilla reina el optimismo ya que, pese a la derrota sufrida en Granollers, las sensaciones fueron all\u00ed muy buenas y el juego desplegado por el equipo fue lo suficientemente brillante como para confiar en que, si no se cometen los errores puntuales que se vieron en Catalu\u00f1a, se puede optar a vencer a cualquier equipo (con permiso del Bar\u00e7a) de esta <a href=\"https:\/\/cadenaser.com\/tag\/liga_asobal\/a\/\">Liga Asobal<\/a>.<\/p>   <p>La m\u00e1xima preocupaci\u00f3n del Servigroup Benidorm volver\u00e1 a estar centrada en las lesiones y molestias de su plantilla. Con las bajas de Leo Alonso (para toda la temporada) y Mirko Durovic, cualquier otra baja o jugador que tenga que comparecer sin estar al cien por cien, puede comprometer mucho la capacidad del equipo.<\/p>   <p>     .c-w{         max-width:444px;         width:100%;         margin:32px auto;      background:#00755E;         border-radius:4px;         display:flex;         align-items:center;         justify-content:center;     }     .c-w a{         display:flex;         align-items:center;         justify-content:center;         padding:4px 24px;     }     .c-w img{         width:24px;         margin-right:12px;     }     .c-w p{         font:18px\/25px Poppins;         text-align:center;         color:#fff;         margin:0;     }     @media (max-width:444px){         .c-w a{             padding:4px 12px;         }         .c-w img{             width:24px;             margin-right:8px;         }         .c-w p{             font:14px\/25px Poppins;         }     }     @media (max-width:335px){         .c-w p{             font:13px\/25px Poppins;         }     }  <div class=\"c-w\">     <a href=\"https:\/\/www.whatsapp.com\/channel\/0029Va633PF9WtC4l7XUzh1e\" target=\"_blank\" rel=\"noopener\">         <img decoding=\"async\" src=\"https:\/\/cadenaser.com\/estaticos\/recursosgraficos\/responsive\/img\/ico-whatsapp.svg\" alt=\"Whatsapp\">         <p>\u00danete al <b>canal de WhatsApp<\/b> de la SER<\/p>     <\/a> <\/div><\/p> ","protected":false},"excerpt":{"rendered":"<p>Los de Sergio Carballeira han visitado nueve veces El Sargal y s\u00f3lo han logrado una victoria all\u00ed<\/p>\n","protected":false},"author":0,"featured_media":8812,"comment_status":"open","ping_status":"open","sticky":false,"template":"","format":"standard","meta":{"_acf_changed":false,"footnotes":""},"categories":[16],"tags":[],"class_list":["post-8811","post","type-post","status-publish","format-standard","has-post-thumbnail","hentry","category-deportes"],"acf":{"ser_id":"YY6JK53SZRBFBL7DXSPAEPGATM","ser_url":"https:\/\/cadenaser.com\/comunitat-valenciana\/2024\/09\/27\/el-balonmano-benidorm-busca-darle-la-vuelta-a-la-historia-en-cuenca-justo-diez-anos-despues-radio-benidorm\/"},"_links":{"self":[{"href":"https:\/\/serbenidorm.daliisolutions.com\/index.php\/wp-json\/wp\/v2\/posts\/8811","targetHints":{"allow":["GET"]}}],"collection":[{"href":"https:\/\/serbenidorm.daliisolutions.com\/index.php\/wp-json\/wp\/v2\/posts"}],"about":[{"href":"https:\/\/serbenidorm.daliisolutions.com\/index.php\/wp-json\/wp\/v2\/types\/post"}],"replies":[{"embeddable":true,"href":"https:\/\/serbenidorm.daliisolutions.com\/index.php\/wp-json\/wp\/v2\/comments?post=8811"}],"version-history":[{"count":0,"href":"https:\/\/serbenidorm.daliisolutions.com\/index.php\/wp-json\/wp\/v2\/posts\/8811\/revisions"}],"wp:featuredmedia":[{"embeddable":true,"href":"https:\/\/serbenidorm.daliisolutions.com\/index.php\/wp-json\/wp\/v2\/media\/8812"}],"wp:attachment":[{"href":"https:\/\/serbenidorm.daliisolutions.com\/index.php\/wp-json\/wp\/v2\/media?parent=8811"}],"wp:term":[{"taxonomy":"category","embeddable":true,"href":"https:\/\/serbenidorm.daliisolutions.com\/index.php\/wp-json\/wp\/v2\/categories?post=8811"},{"taxonomy":"post_tag","embeddable":true,"href":"https:\/\/serbenidorm.daliisolutions.com\/index.php\/wp-json\/wp\/v2\/tags?post=8811"}],"curies":[{"name":"wp","href":"https:\/\/api.w.org\/{rel}","templated":true}]}}