{"id":8813,"date":"2024-09-27T12:06:26","date_gmt":"2024-09-27T10:06:26","guid":{"rendered":"https:\/\/serbenidorm.daliisolutions.com\/index.php\/2024\/09\/27\/el-club-voleibol-playas-de-benidorm-puede-sumar-su-primer-titulo-de-la-temporada\/"},"modified":"2024-09-27T12:06:26","modified_gmt":"2024-09-27T10:06:26","slug":"el-club-voleibol-playas-de-benidorm-puede-sumar-su-primer-titulo-de-la-temporada","status":"publish","type":"post","link":"https:\/\/serbenidorm.daliisolutions.com\/index.php\/2024\/09\/27\/el-club-voleibol-playas-de-benidorm-puede-sumar-su-primer-titulo-de-la-temporada\/","title":{"rendered":"El Club Voleibol Playas de Benidorm puede sumar su primer t\u00edtulo de la temporada"},"content":{"rendered":"  <p>Benidorm<\/p>   <p>Durante las dos \u00faltimas temporadas el <a href=\"https:\/\/cadenaser.com\/tag\/club_voleibol_playas_benidorm\/a\/\">Club Voleibol Playas de Benidorm<\/a> se alz\u00f3 con el t\u00edtulo de campe\u00f3n de la Copa Comunitat en su categor\u00eda femenina. Esa hegemon\u00eda de las chicas que este a\u00f1o entrena Noelia Santacreu qued\u00f3 truncada la pasada semana cuando cayeron eliminadas en la semifinal de esa competici\u00f3n a manos del Paterna-Liceo, un reci\u00e9n ascendido a la Superliga 2 que tambi\u00e9n se carg\u00f3 al Medsur-Finestrat en cuartos de final y parece confirmarse como un potente aspirante a todo en la categor\u00eda de plata.<\/p>   <p>Pese a ese tropiezo, la entidad del pabell\u00f3n Ra\u00fal Mesa aspira a seguir con esa buena racha en la competici\u00f3n auton\u00f3mica aunque, esta vez, con su equipo masculino. El Servigroup Benidorm viaja este domingo a Petrer para v\u00e9rselas all\u00ed con el Val\u00e8ncia-Conqueridor (12:30 horas), su verdugo en la pasada temporada y equipo de la Superliga.<\/p>  <p><p>M\u00e1s informaci\u00f3n<\/p><figure><img loading=\"lazy\" decoding=\"async\" src=\"https:\/\/cadenaser.com\/resizer\/v2\/OKT5SKQJCRGJRGZFDILTTFUPL4.JPG?auth=d9657f4a00139b4c0046c13675b634252a6604ed9893f82d2b06800ef7197607&amp;quality=70&amp;width=360&amp;height=202&amp;smart=true\" width=\"820\" height=\"621\" \/><\/figure><ul><li><a href=\"https:\/\/cadenaser.com\/comunitat-valenciana\/2024\/09\/02\/todos-los-partidos-horarios-y-resultados-del-voleibol-radio-benidorm\/\"><span>Todos los partidos, horarios y resultados del voleibol<\/span><\/a><\/li><\/ul><\/p>   <p>Ser\u00e1 la segunda vez que las dos escuadras se midan en la gran final de la Copa. La primera vez fue hace ahora dos a\u00f1os, en 2022, cuando los de Benidorm, entrenados entonces por Ra\u00fal Mesa, cayeron en el choque disputado en La Nuc\u00eda.<\/p>   <p>Pese al favoritismo valenciano, el optimismo reina en el seno de la escuadra de Adriano Lamb tras <a href=\"https:\/\/cadenaser.com\/comunitat-valenciana\/2024\/09\/22\/los-chicos-del-voleibol-playas-de-benidorm-disputaran-la-final-de-la-copa-comunitat-radio-benidorm\/\">los dos partidos ya disputados (el \u00faltimo, en casa)<\/a> y a la buena imagen dada en ambos. De hecho, desde el club se considera que el equipo est\u00e1 ahora m\u00e1s preparado que nunca para plantar cara a su oponente.<\/p>   <p>En la competici\u00f3n liguera que arrancar\u00e1 la pr\u00f3xima semana, se han marcado <a href=\"https:\/\/cadenaser.com\/comunitat-valenciana\/2024\/09\/19\/el-club-voleibol-playas-de-benidorm-luchara-por-todo-esta-temporada-radio-benidorm\/\">el objetivo claro de luchar por el ascenso y clasificarse para la Copa Pr\u00edncipe<\/a>y para ello ha reforzado su plantilla con los fichajes de Rafa Gonz\u00e1lez, Luca Cuminetti y Juan Contreras, jugadores llamados a complementar una plantilla muy compensada en todas sus l\u00edneas y marcar la diferencia en esta nueva temporada.<\/p>   <p>     .c-w{         max-width:444px;         width:100%;         margin:32px auto;      background:#00755E;         border-radius:4px;         display:flex;         align-items:center;         justify-content:center;     }     .c-w a{         display:flex;         align-items:center;         justify-content:center;         padding:4px 24px;     }     .c-w img{         width:24px;         margin-right:12px;     }     .c-w p{         font:18px\/25px Poppins;         text-align:center;         color:#fff;         margin:0;     }     @media (max-width:444px){         .c-w a{             padding:4px 12px;         }         .c-w img{             width:24px;             margin-right:8px;         }         .c-w p{             font:14px\/25px Poppins;         }     }     @media (max-width:335px){         .c-w p{             font:13px\/25px Poppins;         }     }  <div class=\"c-w\">     <a href=\"https:\/\/www.whatsapp.com\/channel\/0029Va633PF9WtC4l7XUzh1e\" target=\"_blank\" rel=\"noopener\">         <img decoding=\"async\" src=\"https:\/\/cadenaser.com\/estaticos\/recursosgraficos\/responsive\/img\/ico-whatsapp.svg\" alt=\"Whatsapp\">         <p>\u00danete al <b>canal de WhatsApp<\/b> de la SER<\/p>     <\/a> <\/div><\/p>   <p>Con estos ingredientes, el domingo se espera un emocionante encuentro donde el Servigroup Benidorm tratar\u00e1 de dar la sorpresa y alzarse con el t\u00edtulo ante el conjunto m\u00e1s potente del panorama auton\u00f3mico.<\/p> ","protected":false},"excerpt":{"rendered":"<p>Los de Adriano Lamb se miden al Val\u00e8ncia-Conqueridor en la final de la Copa Comunitat<\/p>\n","protected":false},"author":0,"featured_media":8814,"comment_status":"open","ping_status":"open","sticky":false,"template":"","format":"standard","meta":{"_acf_changed":false,"footnotes":""},"categories":[16],"tags":[],"class_list":["post-8813","post","type-post","status-publish","format-standard","has-post-thumbnail","hentry","category-deportes"],"acf":{"ser_id":"33ZRBBOEGVCCHLADXYUXSWD45Y","ser_url":"https:\/\/cadenaser.com\/comunitat-valenciana\/2024\/09\/27\/el-club-voleibol-playas-de-benidorm-puede-sumar-su-primer-titulo-de-la-temporada-radio-benidorm\/"},"_links":{"self":[{"href":"https:\/\/serbenidorm.daliisolutions.com\/index.php\/wp-json\/wp\/v2\/posts\/8813","targetHints":{"allow":["GET"]}}],"collection":[{"href":"https:\/\/serbenidorm.daliisolutions.com\/index.php\/wp-json\/wp\/v2\/posts"}],"about":[{"href":"https:\/\/serbenidorm.daliisolutions.com\/index.php\/wp-json\/wp\/v2\/types\/post"}],"replies":[{"embeddable":true,"href":"https:\/\/serbenidorm.daliisolutions.com\/index.php\/wp-json\/wp\/v2\/comments?post=8813"}],"version-history":[{"count":0,"href":"https:\/\/serbenidorm.daliisolutions.com\/index.php\/wp-json\/wp\/v2\/posts\/8813\/revisions"}],"wp:featuredmedia":[{"embeddable":true,"href":"https:\/\/serbenidorm.daliisolutions.com\/index.php\/wp-json\/wp\/v2\/media\/8814"}],"wp:attachment":[{"href":"https:\/\/serbenidorm.daliisolutions.com\/index.php\/wp-json\/wp\/v2\/media?parent=8813"}],"wp:term":[{"taxonomy":"category","embeddable":true,"href":"https:\/\/serbenidorm.daliisolutions.com\/index.php\/wp-json\/wp\/v2\/categories?post=8813"},{"taxonomy":"post_tag","embeddable":true,"href":"https:\/\/serbenidorm.daliisolutions.com\/index.php\/wp-json\/wp\/v2\/tags?post=8813"}],"curies":[{"name":"wp","href":"https:\/\/api.w.org\/{rel}","templated":true}]}}