{"id":8816,"date":"2024-09-27T12:32:27","date_gmt":"2024-09-27T10:32:27","guid":{"rendered":"https:\/\/serbenidorm.daliisolutions.com\/index.php\/2024\/09\/27\/el-sporting-la-nucia-tratara-de-puntuar-en-casa-del-alzira\/"},"modified":"2024-09-27T12:32:27","modified_gmt":"2024-09-27T10:32:27","slug":"el-sporting-la-nucia-tratara-de-puntuar-en-casa-del-alzira","status":"publish","type":"post","link":"https:\/\/serbenidorm.daliisolutions.com\/index.php\/2024\/09\/27\/el-sporting-la-nucia-tratara-de-puntuar-en-casa-del-alzira\/","title":{"rendered":"El Sporting La Nuc\u00eda tratar\u00e1 de puntuar en casa del Alzira"},"content":{"rendered":"  <p>Benidorm<\/p>   <p>El Sporting La Nuc\u00eda viajar\u00e1 este s\u00e1bado (18:30 horas) para afrontar la segunda jornada de competici\u00f3n en la categor\u00eda de plata del f\u00fatbol sala nacional tras <a href=\"https:\/\/cadenaser.com\/comunitat-valenciana\/2024\/09\/22\/escaso-premio-para-el-sporting-la-nucia-en-su-debut-radio-benidorm\/\">el valioso empate cosechado hace ahora una semana en el Camilo Cano ante el Melistar (2-2)<\/a>.<\/p>   <p>David \u2018Dada\u2019 Valverde reconoc\u00eda tras esa primera experiencia en la Segunda Divisi\u00f3n que a su equipo todav\u00eda le quedaba mucho margen de progresi\u00f3n y lamentaba, sobre todo, que hubiera dado excesivas facilidades a los melillenses para poder llegar a la porter\u00eda.<\/p>  <p><p>M\u00e1s informaci\u00f3n<\/p><figure><img loading=\"lazy\" decoding=\"async\" src=\"https:\/\/cadenaser.com\/resizer\/v2\/UEICKDO2ABBXBD2DL7RCVH2ICA.jpg?auth=877ce55142a5221260479ea42199a2c29b05a9d9e48abfcb1ccd6f654d18f5f0&amp;quality=70&amp;width=360&amp;height=202&amp;smart=true\" width=\"820\" height=\"621\" \/><\/figure><ul><li><a href=\"https:\/\/cadenaser.com\/comunitat-valenciana\/2024\/09\/04\/todos-los-partidos-horarios-y-resultados-del-sporting-futbol-sala-la-nucia-radio-benidorm\/\"><span>Todos los partidos, horarios y resultados del Sporting F\u00fatbol Sala La Nuc\u00eda<\/span><\/a><\/li><\/ul><\/p>   <p>Por ello, el t\u00e9cnico de los del Camilo Cano insist\u00eda que, antes de poder alcanzar su velocidad de crucero en la nueva categor\u00eda, el <a href=\"https:\/\/cadenaser.com\/tag\/sporting_futbol_sala_la_nucia\/a\/\" target=\"_blank\" rel=\"noopener\">Sporting La Nuc\u00eda<\/a> todav\u00eda ten\u00eda muchas cosas que pulir.<\/p>   <p>Si durante los \u00faltimos siete d\u00edas los nucieros han podido dar alg\u00fan pasito en ese sentido lo sabremos este s\u00e1bado, cuando visiten la complicada cancha de un Alzira que debutaba con derrota ante el Entrerr\u00edos Zaragoza y que, por lo tanto, necesita un triunfo para salir de la zona baja de la tabla.<\/p> ","protected":false},"excerpt":{"rendered":"<p>Tras el empate de la primera jornada, los de Dada quieren mantenerse invictos en Segunda<\/p>\n","protected":false},"author":0,"featured_media":8817,"comment_status":"open","ping_status":"open","sticky":false,"template":"","format":"standard","meta":{"_acf_changed":false,"footnotes":""},"categories":[16],"tags":[],"class_list":["post-8816","post","type-post","status-publish","format-standard","has-post-thumbnail","hentry","category-deportes"],"acf":{"ser_id":"WTM2M73XAJANRKBJ6XRVDH5CHA","ser_url":"https:\/\/cadenaser.com\/comunitat-valenciana\/2024\/09\/27\/el-sporting-la-nucia-tratara-de-puntuar-en-casa-del-alzira-radio-benidorm\/"},"_links":{"self":[{"href":"https:\/\/serbenidorm.daliisolutions.com\/index.php\/wp-json\/wp\/v2\/posts\/8816","targetHints":{"allow":["GET"]}}],"collection":[{"href":"https:\/\/serbenidorm.daliisolutions.com\/index.php\/wp-json\/wp\/v2\/posts"}],"about":[{"href":"https:\/\/serbenidorm.daliisolutions.com\/index.php\/wp-json\/wp\/v2\/types\/post"}],"replies":[{"embeddable":true,"href":"https:\/\/serbenidorm.daliisolutions.com\/index.php\/wp-json\/wp\/v2\/comments?post=8816"}],"version-history":[{"count":0,"href":"https:\/\/serbenidorm.daliisolutions.com\/index.php\/wp-json\/wp\/v2\/posts\/8816\/revisions"}],"wp:featuredmedia":[{"embeddable":true,"href":"https:\/\/serbenidorm.daliisolutions.com\/index.php\/wp-json\/wp\/v2\/media\/8817"}],"wp:attachment":[{"href":"https:\/\/serbenidorm.daliisolutions.com\/index.php\/wp-json\/wp\/v2\/media?parent=8816"}],"wp:term":[{"taxonomy":"category","embeddable":true,"href":"https:\/\/serbenidorm.daliisolutions.com\/index.php\/wp-json\/wp\/v2\/categories?post=8816"},{"taxonomy":"post_tag","embeddable":true,"href":"https:\/\/serbenidorm.daliisolutions.com\/index.php\/wp-json\/wp\/v2\/tags?post=8816"}],"curies":[{"name":"wp","href":"https:\/\/api.w.org\/{rel}","templated":true}]}}