{"id":8822,"date":"2024-09-27T13:03:40","date_gmt":"2024-09-27T11:03:40","guid":{"rendered":"https:\/\/serbenidorm.daliisolutions.com\/index.php\/2024\/09\/27\/el-festival-de-la-vendimia-de-benidorm-cumple-30-anos\/"},"modified":"2024-09-27T13:03:40","modified_gmt":"2024-09-27T11:03:40","slug":"el-festival-de-la-vendimia-de-benidorm-cumple-30-anos","status":"publish","type":"post","link":"https:\/\/serbenidorm.daliisolutions.com\/index.php\/2024\/09\/27\/el-festival-de-la-vendimia-de-benidorm-cumple-30-anos\/","title":{"rendered":"El Festival de la Vendimia de Benidorm cumple 30 a\u00f1os"},"content":{"rendered":"  <p>Benidorm<\/p>   <p>Dicen los que conocen y trabajan la tierra que ninguna vendimia es igual que la anterior y algo parecido ocurre con el festival de la Casa de La Mancha que cumple 30 a\u00f1os conectando Benidorm y la Marina Baixa con las ra\u00edces de tantos manchegos que residen en la capital tur\u00edstica.<\/p>   <p>Cada septiembre esta asociaci\u00f3n renueva a su corte de honor y a su reina. Una fecha marcada en rojo en el calendario que este 2024 tiene un significado, si cabe, m\u00e1s especial. El festival, que<a href=\"https:\/\/cadenaser.com\/tag\/benidorm\/a\/\" target=\"_blank\" rel=\"noopener\"> tendr\u00e1 lugar este s\u00e1bado a las 18:30 h. en el sal\u00f3n de actos del Ayuntamiento<\/a>, estar\u00e1 precedido por un pasacalles que recorrer\u00e1 las calles del centro amenizado por el grupo de folclore Albatros.<\/p>  <p><p>M\u00e1s informaci\u00f3n<\/p><figure><img loading=\"lazy\" decoding=\"async\" src=\"https:\/\/cadenaser.com\/resizer\/v2\/MEIIYP5SBJDCPHLQUSZSOKGCNI.JPG?auth=baab58309fe57aa57483065ddbf6ec6816729c016cc934aa7301e01a0d9b7b06&amp;quality=70&amp;width=360&amp;height=202&amp;smart=true\" width=\"820\" height=\"621\" \/><\/figure><ul><li><a href=\"https:\/\/cadenaser.com\/comunitat-valenciana\/2024\/04\/12\/gachas-migas-y-gazpachos-manchegos-en-el-corazon-de-benidorm-radio-benidorm\/\"><span>Gachas, migas y gazpachos manchegos en el coraz\u00f3n de Benidorm<\/span><\/a><\/li><\/ul><\/p>   <p>Un acto que en esta edici\u00f3n quiere homenajear esta tarde a la mujer manchega \u00absin\u00f3nimo de experiencia, de la experiencia de las madres que han sabido transmitir a sus hijas el significado de un origen\u00bb.<\/p>   <p>La reina saliente, Alba Jim\u00e9nez, ceder\u00e1 la corona a su madre, Yolanda Marcos, y ambas han compartido un rato este jueves en <a href=\"https:\/\/cadenaser.com\/tag\/comarca_la_marina_baixa\/a\/\" target=\"_blank\" rel=\"noopener\">La Ventana de La Marina Baixa<\/a>. A la nueva reina le acompa\u00f1ar\u00e1n en la corte Sandra Alarc\u00f3n, Aitana Galiana, Isabel Torres o Lorena Balbas, as\u00ed como Elisa Sampedro y Elisa Choza, tambi\u00e9n madre e hija.<\/p>   <p>El alcalde de Casasimarro (Cuenca) \u00d3scar Pinar ser\u00e1 en esta ocasi\u00f3n el mantenedor de la ceremonia, a la que seguir\u00e1 una cena de hermanamiento de los socios de la Casa de La Mancha en Benidorm y comarca.<\/p>   <p>     .c-w{         max-width:444px;         width:100%;         margin:32px auto;      background:#00755E;         border-radius:4px;         display:flex;         align-items:center;         justify-content:center;     }     .c-w a{         display:flex;         align-items:center;         justify-content:center;         padding:4px 24px;     }     .c-w img{         width:24px;         margin-right:12px;     }     .c-w p{         font:18px\/25px Poppins;         text-align:center;         color:#fff;         margin:0;     }     @media (max-width:444px){         .c-w a{             padding:4px 12px;         }         .c-w img{             width:24px;             margin-right:8px;         }         .c-w p{             font:14px\/25px Poppins;         }     }     @media (max-width:335px){         .c-w p{             font:13px\/25px Poppins;         }     }  <div class=\"c-w\">     <a href=\"https:\/\/www.whatsapp.com\/channel\/0029Va633PF9WtC4l7XUzh1e\" target=\"_blank\" rel=\"noopener\">         <img decoding=\"async\" src=\"https:\/\/cadenaser.com\/estaticos\/recursosgraficos\/responsive\/img\/ico-whatsapp.svg\" alt=\"Whatsapp\">         <p>\u00danete al <b>canal de WhatsApp<\/b> de la SER<\/p>     <\/a> <\/div><\/p> ","protected":false},"excerpt":{"rendered":"<p>La Casa de La Mancha en Benidorm y comarca coronar\u00e1 a su nueva reina este s\u00e1bado<\/p>\n","protected":false},"author":0,"featured_media":8823,"comment_status":"open","ping_status":"open","sticky":false,"template":"","format":"standard","meta":{"_acf_changed":false,"footnotes":""},"categories":[1],"tags":[],"class_list":["post-8822","post","type-post","status-publish","format-standard","has-post-thumbnail","hentry","category-sin-categoria"],"acf":{"ser_id":"D4GVFIRGRVBWZJE4CJ27FUGUPI","ser_url":"https:\/\/cadenaser.com\/comunitat-valenciana\/2024\/09\/27\/el-festival-de-la-vendimia-de-benidorm-cumple-30-anos-radio-benidorm\/"},"_links":{"self":[{"href":"https:\/\/serbenidorm.daliisolutions.com\/index.php\/wp-json\/wp\/v2\/posts\/8822","targetHints":{"allow":["GET"]}}],"collection":[{"href":"https:\/\/serbenidorm.daliisolutions.com\/index.php\/wp-json\/wp\/v2\/posts"}],"about":[{"href":"https:\/\/serbenidorm.daliisolutions.com\/index.php\/wp-json\/wp\/v2\/types\/post"}],"replies":[{"embeddable":true,"href":"https:\/\/serbenidorm.daliisolutions.com\/index.php\/wp-json\/wp\/v2\/comments?post=8822"}],"version-history":[{"count":0,"href":"https:\/\/serbenidorm.daliisolutions.com\/index.php\/wp-json\/wp\/v2\/posts\/8822\/revisions"}],"wp:featuredmedia":[{"embeddable":true,"href":"https:\/\/serbenidorm.daliisolutions.com\/index.php\/wp-json\/wp\/v2\/media\/8823"}],"wp:attachment":[{"href":"https:\/\/serbenidorm.daliisolutions.com\/index.php\/wp-json\/wp\/v2\/media?parent=8822"}],"wp:term":[{"taxonomy":"category","embeddable":true,"href":"https:\/\/serbenidorm.daliisolutions.com\/index.php\/wp-json\/wp\/v2\/categories?post=8822"},{"taxonomy":"post_tag","embeddable":true,"href":"https:\/\/serbenidorm.daliisolutions.com\/index.php\/wp-json\/wp\/v2\/tags?post=8822"}],"curies":[{"name":"wp","href":"https:\/\/api.w.org\/{rel}","templated":true}]}}