{"id":8824,"date":"2024-09-27T13:14:55","date_gmt":"2024-09-27T11:14:55","guid":{"rendered":"https:\/\/serbenidorm.daliisolutions.com\/index.php\/2024\/09\/27\/doblete-de-lideres-para-el-c-f-benidorm-y-c-f-la-nucia\/"},"modified":"2024-09-27T13:14:55","modified_gmt":"2024-09-27T11:14:55","slug":"doblete-de-lideres-para-el-c-f-benidorm-y-c-f-la-nucia","status":"publish","type":"post","link":"https:\/\/serbenidorm.daliisolutions.com\/index.php\/2024\/09\/27\/doblete-de-lideres-para-el-c-f-benidorm-y-c-f-la-nucia\/","title":{"rendered":"Doblete de l\u00edderes para el C.F. Benidorm y C.F. La Nuc\u00eda"},"content":{"rendered":"  <p>Benidorm<\/p>   <p>La Tercera RFEF llega este fin de semana a su cuarta jornada y lo hace con los dos equipos de la comarca de la Marina Baixa afrontando un reto igual de exigente: medirse con sendos rivales que, por ahora, no conocen la derrota.<\/p>   <p>Sobre el papel, y s\u00f3lo por aquello de la ligera ventaja que puede dar jugar como local, el <a href=\"https:\/\/cadenaser.com\/tag\/club_futbol_benidorm\/a\/\">C.F. Benidorm<\/a>parte con algo m\u00e1s de ventaja que los rojillos. Los de Miguel \u00c1ngel Mart\u00ednez recibir\u00e1n este domingo (12:00 horas), <a href=\"https:\/\/cadenaser.com\/comunitat-valenciana\/2024\/09\/24\/el-cf-benidorm-volvera-a-jugar-en-el-nou-pla-una-semana-mas-radio-benidorm\/\">todav\u00eda en el Nou Pla de La Vila Joiosa<\/a>, al Jove Espa\u00f1ol, un equipo se\u00f1alado desde el principio para estar peleando por los puestos de ascenso y que, hasta el momento, ya ha superado a Atzeneta y Roda y ha empatado con el Villarreal C.<\/p>   <p>Esos n\u00fameros han dejado a los de San Vicente del Raspeig con siete puntos y ocupando el coliderato de la tabla clasificatoria con dos puntos de renta sobre el C.F. Benidorm.<\/p>   <p>Los de Miguel \u00c1ngel Mart\u00ednez optan este domingo (aunque no depende \u00fanicamente de s\u00ed mismos para ello), a asaltar el liderato, incluso, en solitario. Para ello, ser\u00e1 fundamental sumar los tres puntos en el Nou Pla infligiendo la primera derrota del a\u00f1o a su rival y, a la vez, esperar las derrotas de Castellonense y Atl\u00e9tico Saguntino as\u00ed como los tropiezos de Utiel y Atl\u00e9tico Levante.<\/p>  <p><p>M\u00e1s informaci\u00f3n<\/p><figure><img loading=\"lazy\" decoding=\"async\" src=\"https:\/\/cadenaser.com\/resizer\/v2\/RY3IURRBCFBBHNEJFWMX3HUUUU.jpg?auth=e5be518d2eb84ccdbbdcc7b6917476a4a217cdc9bb698fa46d3435891fb2f4b5&amp;quality=70&amp;width=360&amp;height=202&amp;smart=true\" width=\"820\" height=\"621\" \/><\/figure><ul><li><a href=\"https:\/\/cadenaser.com\/comunitat-valenciana\/2024\/09\/02\/todos-los-partidos-horarios-y-resultados-del-cf-benidorm-y-cf-la-nucia-radio-benidorm\/\"><span>Todos los partidos, horarios y resultados del C.F. Benidorm y C.F. La Nuc\u00eda<\/span><\/a><\/li><\/ul><\/p>   <p>En ese objetivo puede ser un importante aliado su vecino del Camilo Cano, el <a href=\"https:\/\/cadenaser.com\/tag\/club_futbol_la_nucia\/a\/\">C.F. La Nuc\u00eda<\/a>, que tambi\u00e9n el domingo (17:30 horas) viaja, precisamente, al campo del Atl\u00e9tico Saguntino, uno de los equipos que los benidormenses necesitan que no punt\u00fae para poder so\u00f1ar con el liderato.<\/p>   <p>     .c-w{         max-width:444px;         width:100%;         margin:32px auto;      background:#00755E;         border-radius:4px;         display:flex;         align-items:center;         justify-content:center;     }     .c-w a{         display:flex;         align-items:center;         justify-content:center;         padding:4px 24px;     }     .c-w img{         width:24px;         margin-right:12px;     }     .c-w p{         font:18px\/25px Poppins;         text-align:center;         color:#fff;         margin:0;     }     @media (max-width:444px){         .c-w a{             padding:4px 12px;         }         .c-w img{             width:24px;             margin-right:8px;         }         .c-w p{             font:14px\/25px Poppins;         }     }     @media (max-width:335px){         .c-w p{             font:13px\/25px Poppins;         }     }  <div class=\"c-w\">     <a href=\"https:\/\/www.whatsapp.com\/channel\/0029Va633PF9WtC4l7XUzh1e\" target=\"_blank\" rel=\"noopener\">         <img decoding=\"async\" src=\"https:\/\/cadenaser.com\/estaticos\/recursosgraficos\/responsive\/img\/ico-whatsapp.svg\" alt=\"Whatsapp\">         <p>\u00danete al <b>canal de WhatsApp<\/b> de la SER<\/p>     <\/a> <\/div><\/p>   <p>Los valencianos comenzaron la competici\u00f3n empatando con el Castell\u00f3n B para, posteriormente, imponerse a Soneja y Rayo Ibense en la segunda y tercera jornada, respectivamente. El C.F. La Nuc\u00eda, por su parte, parece estar yendo de menos a m\u00e1s despu\u00e9s de haber ca\u00eddo derrotado en esa primera jornada en la que, adem\u00e1s, sufrieron la baja de larga duraci\u00f3n de Brian para, una semana despu\u00e9s, empatar en casa del Ontinyent y <a href=\"https:\/\/cadenaser.com\/comunitat-valenciana\/2024\/09\/22\/alivio-para-el-cf-la-nucia-tras-su-primera-victoria-liguera-radio-benidorm\/\">ganar, hace ahora una semana, en el Camilo Cano ante el Crevillent Deportivo<\/a>.<\/p>   <p>Los nucieros saben que el arranque de la temporada, tras renovar a la totalidad de su plantilla, puede hac\u00e9rseles muy cuesta arriba, pero tambi\u00e9n son conscientes de la importancia de no dejarse muchos puntos por el camino para aspirar a ese objetivo de volver el a\u00f1o que viene a la Segunda RFEF, por lo que este choque ante el Atl\u00e9tico Saguntino ser\u00e1 un gran term\u00f3metro para conocer el potencial real de los rojillos.<\/p> ","protected":false},"excerpt":{"rendered":"<p>Los benidormenses actuar\u00e1n como locales en el Nou Pla de La Vila Joiosa<\/p>\n","protected":false},"author":0,"featured_media":8825,"comment_status":"open","ping_status":"open","sticky":false,"template":"","format":"standard","meta":{"_acf_changed":false,"footnotes":""},"categories":[16],"tags":[],"class_list":["post-8824","post","type-post","status-publish","format-standard","has-post-thumbnail","hentry","category-deportes"],"acf":{"ser_id":"C3DJBLPBEJGSBMONV4BPJGJKNM","ser_url":"https:\/\/cadenaser.com\/comunitat-valenciana\/2024\/09\/27\/doblete-de-lideres-para-el-cf-benidorm-y-cf-la-nucia-radio-benidorm\/"},"_links":{"self":[{"href":"https:\/\/serbenidorm.daliisolutions.com\/index.php\/wp-json\/wp\/v2\/posts\/8824","targetHints":{"allow":["GET"]}}],"collection":[{"href":"https:\/\/serbenidorm.daliisolutions.com\/index.php\/wp-json\/wp\/v2\/posts"}],"about":[{"href":"https:\/\/serbenidorm.daliisolutions.com\/index.php\/wp-json\/wp\/v2\/types\/post"}],"replies":[{"embeddable":true,"href":"https:\/\/serbenidorm.daliisolutions.com\/index.php\/wp-json\/wp\/v2\/comments?post=8824"}],"version-history":[{"count":0,"href":"https:\/\/serbenidorm.daliisolutions.com\/index.php\/wp-json\/wp\/v2\/posts\/8824\/revisions"}],"wp:featuredmedia":[{"embeddable":true,"href":"https:\/\/serbenidorm.daliisolutions.com\/index.php\/wp-json\/wp\/v2\/media\/8825"}],"wp:attachment":[{"href":"https:\/\/serbenidorm.daliisolutions.com\/index.php\/wp-json\/wp\/v2\/media?parent=8824"}],"wp:term":[{"taxonomy":"category","embeddable":true,"href":"https:\/\/serbenidorm.daliisolutions.com\/index.php\/wp-json\/wp\/v2\/categories?post=8824"},{"taxonomy":"post_tag","embeddable":true,"href":"https:\/\/serbenidorm.daliisolutions.com\/index.php\/wp-json\/wp\/v2\/tags?post=8824"}],"curies":[{"name":"wp","href":"https:\/\/api.w.org\/{rel}","templated":true}]}}