{"id":8826,"date":"2024-09-27T14:02:30","date_gmt":"2024-09-27T12:02:30","guid":{"rendered":"https:\/\/serbenidorm.daliisolutions.com\/index.php\/2024\/09\/27\/fallece-por-paro-cardiaco-un-joven-de-20-anos-en-la-vila-joiosa-cuando-se-dirigia-a-trabajar\/"},"modified":"2024-09-27T14:02:30","modified_gmt":"2024-09-27T12:02:30","slug":"fallece-por-paro-cardiaco-un-joven-de-20-anos-en-la-vila-joiosa-cuando-se-dirigia-a-trabajar","status":"publish","type":"post","link":"https:\/\/serbenidorm.daliisolutions.com\/index.php\/2024\/09\/27\/fallece-por-paro-cardiaco-un-joven-de-20-anos-en-la-vila-joiosa-cuando-se-dirigia-a-trabajar\/","title":{"rendered":"Fallece por paro card\u00edaco un joven de 20 a\u00f1os en La Vila Joiosa cuando se dirig\u00eda a trabajar"},"content":{"rendered":"  <p>Villajoyosa<\/p>   <p>Un joven de 20 a\u00f1os ha fallecido esta ma\u00f1ana en La Vila Joiosa cuando se dirig\u00eda a su lugar de trabajo, v\u00edctima de un paro cardiaco. Seg\u00fan fuentes del Centro de Informaci\u00f3n y Coordinaci\u00f3n de Urgencias sobre las seis de la ma\u00f1ana ha recibido un aviso para asistir a un joven que se hab\u00eda desplomado en al calle Pizarro y se encontraba inconsciente.<\/p>   <p>Hasta el lugar se desplazaba un equipo m\u00e9dico de Atenci\u00f3n Primaria y una  unidad del SAMU, adem\u00e1s de agentes de la Polic\u00eda Local de La Vila  Joiosa y la Guardia Civil. A pesar de los esfuerzos del equipo m\u00e9dico por practicar al joven la reanimaci\u00f3n cardiopulmonar avanzada y otras t\u00e9cnicas de recuperaci\u00f3n, \u00e9ste no respondi\u00f3 y solo se pudo confirmar su fallecimiento.<\/p>   <p>Seg\u00fan relatan a <a href=\"https:\/\/cadenaser.com\/tag\/vila_joiosa\/a\/\" target=\"_blank\" rel=\"noopener\">Radio Benidorm<\/a> fuentes de la Polic\u00eda Local, el joven, oriundo de La Vila Joiosa, \u201cse dirig\u00eda a su lugar de trabajo pero antes hab\u00eda quedado con un grupo de amigos en un bar cercano para desayunar\u201d. Las mismas fuentes indican que, en un momento determinado,  el joven decidi\u00f3 acercarse hasta un cajero autom\u00e1tico de una entidad bancaria ubicada en la misma calle cuando una testigo presencial \u201clo vio desplomarse en plena calle y dio la voz de alarma\u201d, para que acudiera la Polic\u00eda como los amigos que se encontraban en el bar.<\/p>  <p><p>M\u00e1s informaci\u00f3n<\/p><figure><img loading=\"lazy\" decoding=\"async\" src=\"https:\/\/cadenaser.com\/resizer\/v2\/7FZQIZRIGBGILMYKBXZFFR6TDU.jpeg?auth=9b82d7a593febf1e0a57f7d1fac00ebc18b44ce4c60f23260db9ebe49e07750b&amp;quality=70&amp;width=360&amp;height=202&amp;smart=true\" width=\"820\" height=\"621\" \/><\/figure><ul><li><a href=\"https:\/\/cadenaser.com\/comunitat-valenciana\/2024\/09\/26\/este-es-el-calendario-de-mejoras-en-la-depuradora-de-la-vila-joiosa-radio-benidorm\/\"><span>Este es el calendario de mejoras en la depuradora de La Vila Joiosa<\/span><\/a><\/li><\/ul><\/p>   <p>Desde la Polic\u00eda Local indican que, a falta de la autopsia que termine de confirmar la causa del fallecimiento, todo indica que \u201cpodr\u00eda tratarse de una muerte s\u00fabita por paro cardio respiratorio\u201d.<\/p>   <p>El intendente jefe de la Polic\u00eda, Jos\u00e9 \u00c1lvarez, ha relatado a esta redacci\u00f3n que en el propio cuerpo tambi\u00e9n est\u00e1n muy afectados puesto que el fallecido era familiar de uno de los agentes y que \u201ctodo el mundo en el municipio lo ha lamentado mucho porque era un chaval muy joven que hab\u00eda cumplido los 20 a\u00f1os este mismo mes\u201d.<\/p>   <p>     .c-w{         max-width:444px;         width:100%;         margin:32px auto;      background:#00755E;         border-radius:4px;         display:flex;         align-items:center;         justify-content:center;     }     .c-w a{         display:flex;         align-items:center;         justify-content:center;         padding:4px 24px;     }     .c-w img{         width:24px;         margin-right:12px;     }     .c-w p{         font:18px\/25px Poppins;         text-align:center;         color:#fff;         margin:0;     }     @media (max-width:444px){         .c-w a{             padding:4px 12px;         }         .c-w img{             width:24px;             margin-right:8px;         }         .c-w p{             font:14px\/25px Poppins;         }     }     @media (max-width:335px){         .c-w p{             font:13px\/25px Poppins;         }     }  <div class=\"c-w\">     <a href=\"https:\/\/www.whatsapp.com\/channel\/0029Va633PF9WtC4l7XUzh1e\" target=\"_blank\" rel=\"noopener\">         <img decoding=\"async\" src=\"https:\/\/cadenaser.com\/estaticos\/recursosgraficos\/responsive\/img\/ico-whatsapp.svg\" alt=\"Whatsapp\">         <p>\u00danete al <b>canal de WhatsApp<\/b> de la SER<\/p>     <\/a> <\/div><\/p>   <p>En este sentido se\u00f1ala que el Ayuntamiento ha activado de inmediato su protocolo de Servicios Sociales para prestar atenci\u00f3n psicol\u00f3gica a los familiares del fallecido y ponerse a su disposici\u00f3n.<\/p>   <p>Por su parte el edil de Seguridad, Jaime Santamar\u00eda, ha informado a <a href=\"https:\/\/cadenaser.com\/tag\/benidorm\/a\/\" target=\"_blank\" rel=\"noopener\">Radio Benidorm<\/a> que esta tarde a las 20:00 horas est\u00e1 previsto que se guarde un minuto de silencio en la plaza del reloj del barrio de La Ermita que est\u00e1 celebrando sus fiestas.<\/p> ","protected":false},"excerpt":{"rendered":"<p>A primera hora de la ma\u00f1ana de este viernes<\/p>\n","protected":false},"author":0,"featured_media":8827,"comment_status":"open","ping_status":"open","sticky":false,"template":"","format":"standard","meta":{"_acf_changed":false,"footnotes":""},"categories":[1],"tags":[],"class_list":["post-8826","post","type-post","status-publish","format-standard","has-post-thumbnail","hentry","category-sin-categoria"],"acf":{"ser_id":"OYRMUT7ZQRCWZNWKOEZJTIZ4N4","ser_url":"https:\/\/cadenaser.com\/comunitat-valenciana\/2024\/09\/27\/fallece-por-paro-cardiaco-un-joven-de-20-anos-en-la-vila-joiosa-cuando-se-dirigia-a-trabajar-radio-benidorm\/"},"_links":{"self":[{"href":"https:\/\/serbenidorm.daliisolutions.com\/index.php\/wp-json\/wp\/v2\/posts\/8826","targetHints":{"allow":["GET"]}}],"collection":[{"href":"https:\/\/serbenidorm.daliisolutions.com\/index.php\/wp-json\/wp\/v2\/posts"}],"about":[{"href":"https:\/\/serbenidorm.daliisolutions.com\/index.php\/wp-json\/wp\/v2\/types\/post"}],"replies":[{"embeddable":true,"href":"https:\/\/serbenidorm.daliisolutions.com\/index.php\/wp-json\/wp\/v2\/comments?post=8826"}],"version-history":[{"count":0,"href":"https:\/\/serbenidorm.daliisolutions.com\/index.php\/wp-json\/wp\/v2\/posts\/8826\/revisions"}],"wp:featuredmedia":[{"embeddable":true,"href":"https:\/\/serbenidorm.daliisolutions.com\/index.php\/wp-json\/wp\/v2\/media\/8827"}],"wp:attachment":[{"href":"https:\/\/serbenidorm.daliisolutions.com\/index.php\/wp-json\/wp\/v2\/media?parent=8826"}],"wp:term":[{"taxonomy":"category","embeddable":true,"href":"https:\/\/serbenidorm.daliisolutions.com\/index.php\/wp-json\/wp\/v2\/categories?post=8826"},{"taxonomy":"post_tag","embeddable":true,"href":"https:\/\/serbenidorm.daliisolutions.com\/index.php\/wp-json\/wp\/v2\/tags?post=8826"}],"curies":[{"name":"wp","href":"https:\/\/api.w.org\/{rel}","templated":true}]}}