{"id":8832,"date":"2024-09-27T15:20:58","date_gmt":"2024-09-27T13:20:58","guid":{"rendered":"https:\/\/serbenidorm.daliisolutions.com\/index.php\/2024\/09\/27\/turismo-y-paz-benidorm-celebra-el-dia-de-su-principal-industria\/"},"modified":"2024-09-27T15:20:58","modified_gmt":"2024-09-27T13:20:58","slug":"turismo-y-paz-benidorm-celebra-el-dia-de-su-principal-industria","status":"publish","type":"post","link":"https:\/\/serbenidorm.daliisolutions.com\/index.php\/2024\/09\/27\/turismo-y-paz-benidorm-celebra-el-dia-de-su-principal-industria\/","title":{"rendered":"\u00abTurismo y paz\u00bb: Benidorm celebra el d\u00eda de su principal industria"},"content":{"rendered":"  <p>Benidorm<\/p>   <p>El Museo del Prado ha recibido este viernes el <a href=\"https:\/\/cadenaser.com\/tag\/benidorm\/a\/\" target=\"_blank\" rel=\"noopener\">Premio de Turismo \u2018Ciudad de Benidorm\u2019<\/a> que anualmente entrega el Ayuntamiento de Benidorm con motivo del D\u00eda Mundial del Turismo. La primera pinacoteca de Espa\u00f1a recibe el premio en la categor\u00eda internacional por ser el mayor atractivo cultural de nuestro pa\u00eds y por su enorme proyecci\u00f3n dentro y fuera de nuestras fronteras.<\/p>   <p>Igualmente, el empresario hotelero Jos\u00e9 Mar\u00eda Caball\u00e9, fundador de la cadena Servigroup, ha recibido la \u2018Menci\u00f3n Especial\u2019 de estos premios; mientras que el hostelero Jos\u00e9 Luis Yzuel, el empresario Miguel \u00c1ngel Sotillos y la empresa Bowling Benidorm, han sido reconocidos en las categor\u00edas nacional, auton\u00f3mica y local, respectivamente.<\/p>  <p><p>M\u00e1s informaci\u00f3n<\/p><figure><img loading=\"lazy\" decoding=\"async\" src=\"https:\/\/cadenaser.com\/resizer\/v2\/ZDU5L4EGVQPLOQVF2W5MKPO2UA.jpg?auth=f4cfcc4e6169902c25656bcf0e9ef0bb425920507fa81ddc72c2ec0f20a27483&amp;quality=70&amp;width=360&amp;height=202&amp;smart=true\" width=\"820\" height=\"621\" \/><\/figure><ul><li><a href=\"https:\/\/cadenaser.com\/comunitat-valenciana\/2024\/09\/24\/benidorm-entre-las-seis-ciudades-finalistas-del-premio-de-turismo-inteligente-de-la-comision-europea-radio-benidorm\/\"><span>Benidorm, entre las seis ciudades finalistas del premio de Turismo Inteligente de la Comisi\u00f3n Europea<\/span><\/a><\/li><\/ul><\/p>   <p>El galard\u00f3n del Museo del Prado ha sido recogido por su directora adjunta Marina Chinchilla, quien ha se\u00f1alado que el museo \u201ccomparte con Benidorm el compromiso con la calidad\u201d al tiempo que agradec\u00eda a los visitantes \u201cporque sin esos millones no ser\u00edamos El Prado\u201d.<\/p>   <p>En categor\u00eda nacional, el premio \u2018Ciudad de Benidorm\u2019 lo ha recibido el presidente de la patronal de hosteler\u00eda espa\u00f1ola, Jos\u00e9 Luis Yzuel. Tras recibir la distinci\u00f3n, Yzuel ha dicho que el reconocimiento \u201cme hace especial ilusi\u00f3n por el momento agridulce que estoy pasando\u201d y \u201cpor venir de Benidorm, una ciudad en la que he sido muy feliz\u201d. El premiado ha afirmado que \u201cBenidorm ha ense\u00f1ado a muchos lo que es el turismo, es la envidia del mundo como tambi\u00e9n lo es la hosteler\u00eda\u201d.<\/p>  <p><p class=\"tit\"><span>Hora 14 Benidorm (27\/09\/2024)<\/span><\/p> <p class=\"emb\"><iframe loading=\"lazy\" src=\"https:\/\/cadenaser.com\/embed\/audio\/460\/cadenaser_benidorm_hora14benidorm_20240927_141700_143000\/\" width=\"100%\" height=\"360\" frameborder=\"0\" allowfullscreen><\/iframe><\/p><\/p>   <p>El premio en categor\u00eda auton\u00f3mica lo ha recibido el empresario Miguel \u00c1ngel Sotillos. El premiado ha agradecido el premio y ha tenido un recuerdo \u201cpara mis padres por ense\u00f1arme a trabajar en lo que me gusta y para todos los compa\u00f1eros de viaje que he tenido\u201d.<\/p>   <p>     .c-w{         max-width:444px;         width:100%;         margin:32px auto;      background:#00755E;         border-radius:4px;         display:flex;         align-items:center;         justify-content:center;     }     .c-w a{         display:flex;         align-items:center;         justify-content:center;         padding:4px 24px;     }     .c-w img{         width:24px;         margin-right:12px;     }     .c-w p{         font:18px\/25px Poppins;         text-align:center;         color:#fff;         margin:0;     }     @media (max-width:444px){         .c-w a{             padding:4px 12px;         }         .c-w img{             width:24px;             margin-right:8px;         }         .c-w p{             font:14px\/25px Poppins;         }     }     @media (max-width:335px){         .c-w p{             font:13px\/25px Poppins;         }     }  <div class=\"c-w\">     <a href=\"https:\/\/www.whatsapp.com\/channel\/0029Va633PF9WtC4l7XUzh1e\" target=\"_blank\" rel=\"noopener\">         <img decoding=\"async\" src=\"https:\/\/cadenaser.com\/estaticos\/recursosgraficos\/responsive\/img\/ico-whatsapp.svg\" alt=\"Whatsapp\">         <p>\u00danete al <b>canal de WhatsApp<\/b> de la SER<\/p>     <\/a> <\/div><\/p>   <p>El \u2018Ciudad de Benidorm\u2019 en categor\u00eda local ha reca\u00eddo en el Bowling Center Benidorm, coincidiendo tambi\u00e9n con su 50 aniversario. La empresa abri\u00f3 sus puertas en junio de 1974, en la avenida del Mediterr\u00e1neo, siendo una de las primeras boleras americanas en Espa\u00f1a. Ha recogido el premio Pepita Escobedo.<\/p>   <p>Menci\u00f3n especial<\/p>   <p>Por \u00faltimo, se ha entregado la Menci\u00f3n Especial de los Premios Turismo \u2018Ciudad de Benidorm\u2019 al empresario hotelero Jos\u00e9 Mar\u00eda Caball\u00e9, que se inici\u00f3 en la hosteler\u00eda con apenas 18 a\u00f1os en el hotel Goya de Calella. Fue el director de hotel m\u00e1s joven de Espa\u00f1a con 20 a\u00f1os y lleg\u00f3 a Benidorm en 1969, convirtiendo la ciudad en el epicentro de su actividad y fundando Servihotel, embri\u00f3n del actual Hoteles Servigroup. <\/p>   <p>Caball\u00e9, muy agradecido por el premio, ha realizado un repaso de su trayectoria empresarial con algunas an\u00e9cdotas de su vida profesional, adem\u00e1s de mostrar \u201cla gran satisfacci\u00f3n y orgullo que supone recibir esta distinci\u00f3n\u201d. Caball\u00e9 ha precisado que sus empresas alcanzar\u00e1n este a\u00f1o 150 millones de facturaci\u00f3n, m\u00e1s de 2,3 millones de estancias, con 1.600 empleados y una treintena de ejecutivos. \u201cPero nuestro objetivo no es la ocupaci\u00f3n, sino la satisfacci\u00f3n de los visitantes\u201d ha afirmado antes de resaltar que Servigroup es \u201cla \u00fanica cadena con todos los servicios centralizados, lo, que asegura la mejor prestaci\u00f3n y calidad\u201d.<\/p>   <p>El alcalde Toni P\u00e9rez ha clausurado el acto y ha asegurado que Benidorm es \u201cuna ciudad que se levanta cada ma\u00f1ana con la ilusi\u00f3n de hacer felices a los dem\u00e1s, porque eso es el turismo\u201d. El primer edil ha elogiado el lema \u2018Turismo y Paz\u2019 elegido por la OMT este a\u00f1o y ha opinado que \u201ces muy dif\u00edcil que haya turismo sin paz\u201d. No obstante, ha abogado por que la OMT \u201cjuegue un rol clave para construir sociedades m\u00e1s inclusivas y abiertas\u201d.<\/p>   <p>Premios SICTED<\/p>   <p>Como es habitual, durante el acto del D\u00eda Mundial del Turismo se han entregado las distinciones SICTED que reconocen la apuesta por la calidad y la mejora continua y que promueve la Secretar\u00eda de Estado de Turismo. Este a\u00f1o, once empresas reciben el distintivo por primera vez y 73 lo han renovado. <\/p>   <p>Un a\u00f1o en el que se ha incorporado un oficio nuevo, \u2018Espacios esc\u00e9nicos permanentes\u2019, con la empresa Benidorm Palace. Tambi\u00e9n se ha incorporado un nuevo servicio municipal, el yacimiento arqueol\u00f3gico del Tossal de La Cala. As\u00ed, de los 37 oficios que abarca el SICTED, en Benidorm hay representados 18.<\/p> ","protected":false},"excerpt":{"rendered":"<p>Benidorm reconoce al Museo del Prado, al empresario Jos\u00e9 Mar\u00eda Caball\u00e9 y a Jos\u00e9 Luis Yzuel, Miguel \u00c1ngel Sotillos y Bowling Benidorm en las categor\u00edas nacional, auton\u00f3mica y local<\/p>\n","protected":false},"author":0,"featured_media":8833,"comment_status":"open","ping_status":"open","sticky":false,"template":"","format":"standard","meta":{"_acf_changed":false,"footnotes":""},"categories":[1],"tags":[],"class_list":["post-8832","post","type-post","status-publish","format-standard","has-post-thumbnail","hentry","category-sin-categoria"],"acf":{"ser_id":"XFLXC5EVC5G3NBEDHYMPHBIQEQ","ser_url":"https:\/\/cadenaser.com\/comunitat-valenciana\/2024\/09\/27\/turismo-y-paz-benidorm-celebra-el-dia-de-su-principal-industria-radio-benidorm\/"},"_links":{"self":[{"href":"https:\/\/serbenidorm.daliisolutions.com\/index.php\/wp-json\/wp\/v2\/posts\/8832","targetHints":{"allow":["GET"]}}],"collection":[{"href":"https:\/\/serbenidorm.daliisolutions.com\/index.php\/wp-json\/wp\/v2\/posts"}],"about":[{"href":"https:\/\/serbenidorm.daliisolutions.com\/index.php\/wp-json\/wp\/v2\/types\/post"}],"replies":[{"embeddable":true,"href":"https:\/\/serbenidorm.daliisolutions.com\/index.php\/wp-json\/wp\/v2\/comments?post=8832"}],"version-history":[{"count":0,"href":"https:\/\/serbenidorm.daliisolutions.com\/index.php\/wp-json\/wp\/v2\/posts\/8832\/revisions"}],"wp:featuredmedia":[{"embeddable":true,"href":"https:\/\/serbenidorm.daliisolutions.com\/index.php\/wp-json\/wp\/v2\/media\/8833"}],"wp:attachment":[{"href":"https:\/\/serbenidorm.daliisolutions.com\/index.php\/wp-json\/wp\/v2\/media?parent=8832"}],"wp:term":[{"taxonomy":"category","embeddable":true,"href":"https:\/\/serbenidorm.daliisolutions.com\/index.php\/wp-json\/wp\/v2\/categories?post=8832"},{"taxonomy":"post_tag","embeddable":true,"href":"https:\/\/serbenidorm.daliisolutions.com\/index.php\/wp-json\/wp\/v2\/tags?post=8832"}],"curies":[{"name":"wp","href":"https:\/\/api.w.org\/{rel}","templated":true}]}}