{"id":8839,"date":"2024-09-27T17:50:34","date_gmt":"2024-09-27T15:50:34","guid":{"rendered":"https:\/\/serbenidorm.daliisolutions.com\/index.php\/2024\/09\/27\/el-prado-de-visita-en-benidorm-se-ven-los-cuadros-mejor-que-en-el-museo\/"},"modified":"2024-09-27T17:50:34","modified_gmt":"2024-09-27T15:50:34","slug":"el-prado-de-visita-en-benidorm-se-ven-los-cuadros-mejor-que-en-el-museo","status":"publish","type":"post","link":"https:\/\/serbenidorm.daliisolutions.com\/index.php\/2024\/09\/27\/el-prado-de-visita-en-benidorm-se-ven-los-cuadros-mejor-que-en-el-museo\/","title":{"rendered":"El Prado, de visita en Benidorm: \u00abSe ven los cuadros mejor que en el museo\u00bb"},"content":{"rendered":"  <p>Benidorm<\/p>   <p>Francisco de Goya y Diego Vel\u00e1zquez discutiendo en una de las principales arterias de Benidorm frente a una r\u00e9plica de \u00abEl triunfo de Baco\u00bb, obra del segundo. Es una de las estampas que ha dejado la inauguraci\u00f3n este viernes en la capital tur\u00edstica de la exposici\u00f3n \u00abEl Prado en las calles\u00bb.<\/p>   <p>La muestra re\u00fane las obras m\u00e1s relevantes de la pinacoteca m\u00e1s importante de Espa\u00f1a <a href=\"https:\/\/cadenaser.com\/tag\/benidorm\/a\/\" target=\"_blank\" rel=\"noopener\">en la avenida del Mediterr\u00e1neo hasta el 27 de octubre<\/a>. Entre ellas se pueden ver creaciones de Goya, Vel\u00e1zquez, Rubens, Durero, Rembrandt, El Greco o Caravaggio, entre otros.<\/p>  <p><p>M\u00e1s informaci\u00f3n<\/p><figure><img loading=\"lazy\" decoding=\"async\" src=\"https:\/\/cadenaser.com\/resizer\/v2\/TAAISIJ6IZHUTCUIK3N6PL4Y5E.jpg?auth=8fc4793880bc3d83a2e279d655304e09e060ad4201702f13f760beb625e1892e&amp;quality=70&amp;width=360&amp;height=202&amp;smart=true\" width=\"820\" height=\"621\" \/><\/figure><ul><li><a href=\"https:\/\/cadenaser.com\/comunitat-valenciana\/2024\/09\/27\/turismo-y-paz-benidorm-celebra-el-dia-de-su-principal-industria-radio-benidorm\/\"><span>\u00abTurismo y paz\u00bb: Benidorm celebra el d\u00eda de su principal industria<\/span><\/a><\/li><\/ul><\/p>   <p>Todo presidido por \u2018El jard\u00edn de las delicias\u2019 de El Bosco, pintura elegida para anunciar la llegada del museo a la Comunitat Valenciana y es que Benidorm es la primera parada de su gira por las tres provincias.<\/p>   <p>\u00abSe ven los cuadros mucho mejor que en el Prado porque all\u00ed tenemos unas condiciones de seguridad, cordones, una iluminaci\u00f3n muy controlada; aqu\u00ed puedes tocar los cuadros, invitamos a la gente a que se haga una foto con ellos y se lleve el recuerdo\u00bb, ha explicado en <a href=\"https:\/\/cadenaser.com\/tag\/comarca_la_marina_baixa\/a\/\" target=\"_blank\" rel=\"noopener\">La Ventana de la Marina Baixa<\/a> el t\u00e9cnico del museo Fernando P\u00e9rez.<\/p>   <p><\/p>   <p>Para completar la experiencia, adem\u00e1s, los citados personajes de Goya y Vel\u00e1zquez realizar\u00e1n una visita teatralizada por la exposici\u00f3n en varios turnos durante los fines de semana que estas obras tan representativas de la historia del arte universal permanezcan en Benidorm.<\/p>   <p>     .c-w{         max-width:444px;         width:100%;         margin:32px auto;      background:#00755E;         border-radius:4px;         display:flex;         align-items:center;         justify-content:center;     }     .c-w a{         display:flex;         align-items:center;         justify-content:center;         padding:4px 24px;     }     .c-w img{         width:24px;         margin-right:12px;     }     .c-w p{         font:18px\/25px Poppins;         text-align:center;         color:#fff;         margin:0;     }     @media (max-width:444px){         .c-w a{             padding:4px 12px;         }         .c-w img{             width:24px;             margin-right:8px;         }         .c-w p{             font:14px\/25px Poppins;         }     }     @media (max-width:335px){         .c-w p{             font:13px\/25px Poppins;         }     }  <div class=\"c-w\">     <a href=\"https:\/\/www.whatsapp.com\/channel\/0029Va633PF9WtC4l7XUzh1e\" target=\"_blank\" rel=\"noopener\">         <img decoding=\"async\" src=\"https:\/\/cadenaser.com\/estaticos\/recursosgraficos\/responsive\/img\/ico-whatsapp.svg\" alt=\"Whatsapp\">         <p>\u00danete al <b>canal de WhatsApp<\/b> de la SER<\/p>     <\/a> <\/div><\/p> ","protected":false},"excerpt":{"rendered":"<p>Una muestra de las obras m\u00e1s representativas de Goya, Vel\u00e1zquez, Rubens o El Bosco en la avenida Mediterr\u00e1neo<\/p>\n","protected":false},"author":0,"featured_media":8840,"comment_status":"open","ping_status":"open","sticky":false,"template":"","format":"standard","meta":{"_acf_changed":false,"footnotes":""},"categories":[1],"tags":[],"class_list":["post-8839","post","type-post","status-publish","format-standard","has-post-thumbnail","hentry","category-sin-categoria"],"acf":{"ser_id":"Q4F6FPMQLJBHXBH4DDOU3LVGSQ","ser_url":"https:\/\/cadenaser.com\/comunitat-valenciana\/2024\/09\/27\/el-prado-de-visita-en-benidorm-se-ven-los-cuadros-mucho-mejor-que-en-el-museo-radio-benidorm\/"},"_links":{"self":[{"href":"https:\/\/serbenidorm.daliisolutions.com\/index.php\/wp-json\/wp\/v2\/posts\/8839","targetHints":{"allow":["GET"]}}],"collection":[{"href":"https:\/\/serbenidorm.daliisolutions.com\/index.php\/wp-json\/wp\/v2\/posts"}],"about":[{"href":"https:\/\/serbenidorm.daliisolutions.com\/index.php\/wp-json\/wp\/v2\/types\/post"}],"replies":[{"embeddable":true,"href":"https:\/\/serbenidorm.daliisolutions.com\/index.php\/wp-json\/wp\/v2\/comments?post=8839"}],"version-history":[{"count":0,"href":"https:\/\/serbenidorm.daliisolutions.com\/index.php\/wp-json\/wp\/v2\/posts\/8839\/revisions"}],"wp:featuredmedia":[{"embeddable":true,"href":"https:\/\/serbenidorm.daliisolutions.com\/index.php\/wp-json\/wp\/v2\/media\/8840"}],"wp:attachment":[{"href":"https:\/\/serbenidorm.daliisolutions.com\/index.php\/wp-json\/wp\/v2\/media?parent=8839"}],"wp:term":[{"taxonomy":"category","embeddable":true,"href":"https:\/\/serbenidorm.daliisolutions.com\/index.php\/wp-json\/wp\/v2\/categories?post=8839"},{"taxonomy":"post_tag","embeddable":true,"href":"https:\/\/serbenidorm.daliisolutions.com\/index.php\/wp-json\/wp\/v2\/tags?post=8839"}],"curies":[{"name":"wp","href":"https:\/\/api.w.org\/{rel}","templated":true}]}}