{"id":8856,"date":"2024-09-28T07:02:00","date_gmt":"2024-09-28T05:02:00","guid":{"rendered":"https:\/\/serbenidorm.daliisolutions.com\/index.php\/2024\/09\/28\/el-servigroup-balonmano-benidorm-reconquista-el-sargal-diez-anos-despues\/"},"modified":"2024-09-28T07:02:00","modified_gmt":"2024-09-28T05:02:00","slug":"el-servigroup-balonmano-benidorm-reconquista-el-sargal-diez-anos-despues","status":"publish","type":"post","link":"https:\/\/serbenidorm.daliisolutions.com\/index.php\/2024\/09\/28\/el-servigroup-balonmano-benidorm-reconquista-el-sargal-diez-anos-despues\/","title":{"rendered":"El Servigroup Balonmano Benidorm reconquista El Sargal diez a\u00f1os despu\u00e9s"},"content":{"rendered":"  <p>Benidorm<\/p>   <p>Que el <a href=\"https:\/\/cadenaser.com\/tag\/club_balonmano_benidorm\/a\/\">Servigroup Balonmano Benidorm<\/a> iba a tener que jugar un partido pr\u00e1cticamente perfecto para poder superar al, hasta este viernes, Cuenca en El Sargal <a href=\"https:\/\/cadenaser.com\/comunitat-valenciana\/2024\/09\/25\/la-barra-libre-la-derrota-en-granollers-no-empana-el-buen-arranque-del-balonmano-benidorm-radio-benidorm\/\">era algo de lo que todos, locales y visitantes, estaban m\u00e1s que avisados<\/a>. Que el Servigroup Balonmano Benidorm ven\u00eda de haber dado muy buenas sensaciones en sus dos primeras comparecencias ligueras de la temporada era algo que cualquiera que hubiera visto sus choques <a href=\"https:\/\/cadenaser.com\/comunitat-valenciana\/2024\/09\/15\/el-servigroup-benidorm-vence-y-convence-en-su-debut-liguero-radio-benidorm\/\">ante Guadalajara<\/a> y Granollers, sab\u00eda. Y que <a href=\"https:\/\/cadenaser.com\/comunitat-valenciana\/2024\/09\/27\/el-balonmano-benidorm-busca-darle-la-vuelta-a-la-historia-en-cuenca-justo-diez-anos-despues-radio-benidorm\/\">el 27 de septiembre es la fecha id\u00f3nea para que el Servigroup Balonmano Benidorm visite la ciudad de las casas colgadas<\/a> es algo que ahora ha quedado meridianamente claro.<\/p>   <p>Los de Sergio Carballeira completaron un partido sublime para imponerse por 29-32 a un Cuenca que \u00fanicamente inquiet\u00f3 de manera seria a los benidormenses en el tramo final de la primera mitad, cuando fue capaz de sobreponerse a una desventaja de seis tantos (5-11) para irse al descanso con una diferencia de s\u00f3lo un gol (13-14).<\/p>  <p><p>M\u00e1s informaci\u00f3n<\/p><figure><img loading=\"lazy\" decoding=\"async\" src=\"https:\/\/cadenaser.com\/resizer\/v2\/MLI35A2MWNE7ZJMR4RTW3ATLCM.JPG?auth=64abb52c76b934d546ba5acdabd485355967935e4ad1905a24074ec5260b07e3&amp;quality=70&amp;width=360&amp;height=202&amp;smart=true\" width=\"820\" height=\"621\" \/><\/figure><ul><li><a href=\"https:\/\/cadenaser.com\/comunitat-valenciana\/2024\/08\/08\/todos-los-partidos-horarios-y-resultados-del-balonmano-servigroup-benidorm-radio-benidorm\/\"><span>Todos los partidos, horarios y resultados del Balonmano Servigroup Benidorm<\/span><\/a><\/li><\/ul><\/p>   <p>En esa resurrecci\u00f3n del Cuenca fue clave la aparici\u00f3n estelar de David Mach, que salt\u00f3 al 40&#215;20 en sustituci\u00f3n de un muy desdibujado Tonicher solventando el coladero en el que se hab\u00eda convertido la porter\u00eda local en contraposici\u00f3n con, una vez m\u00e1s (y ya es costumbre), el seguro bajo palos en el que se ha erigido Roberto Domenech en el marco benidormense.<\/p>   <p>La aportaci\u00f3n del cancerbero fue clave, como tambi\u00e9n lo fue un trabajo defensivo espectacular por parte de la pareja de pivotes formada por Zhukov y Moscariello y una efectividad ofensiva fuera de toda duda bajo la batuta magistral, una semana m\u00e1s, de un excelso Nacho Valles.<\/p>   <p>Sin embargo, y con el recuerdo de Granollers todav\u00eda muy presente en la memoria, esa remontada local en los \u00faltimos diez minutos de la primera mitad encendi\u00f3 todas las alarmas en el vestuario del <a href=\"https:\/\/cadenaser.com\/tag\/club_balonmano_benidorm\/a\/\">Servigroup Balonmano Benidorm<\/a>.<\/p>   <p>     .c-w{         max-width:444px;         width:100%;         margin:32px auto;      background:#00755E;         border-radius:4px;         display:flex;         align-items:center;         justify-content:center;     }     .c-w a{         display:flex;         align-items:center;         justify-content:center;         padding:4px 24px;     }     .c-w img{         width:24px;         margin-right:12px;     }     .c-w p{         font:18px\/25px Poppins;         text-align:center;         color:#fff;         margin:0;     }     @media (max-width:444px){         .c-w a{             padding:4px 12px;         }         .c-w img{             width:24px;             margin-right:8px;         }         .c-w p{             font:14px\/25px Poppins;         }     }     @media (max-width:335px){         .c-w p{             font:13px\/25px Poppins;         }     }  <div class=\"c-w\">     <a href=\"https:\/\/www.whatsapp.com\/channel\/0029Va633PF9WtC4l7XUzh1e\" target=\"_blank\" rel=\"noopener\">         <img decoding=\"async\" src=\"https:\/\/cadenaser.com\/estaticos\/recursosgraficos\/responsive\/img\/ico-whatsapp.svg\" alt=\"Whatsapp\">         <p>\u00danete al <b>canal de WhatsApp<\/b> de la SER<\/p>     <\/a> <\/div><\/p>  <p><p>M\u00e1s informaci\u00f3n<\/p><figure><img loading=\"lazy\" decoding=\"async\" src=\"https:\/\/cadenaser.com\/resizer\/v2\/QAHGDHAWBFFOJGI4VMNSCU2X6A.jpg?auth=2213fdb057e227f805c7b3dd617b1e135321510f39355e533f2a9e43498c58cf&amp;quality=70&amp;width=360&amp;height=202&amp;smart=true\" width=\"820\" height=\"621\" \/><\/figure><ul><li><a href=\"https:\/\/cadenaser.com\/tag\/club_balonmano_benidorm\/a\/\"><span>Todas las noticias del Servigroup Balonmano Benidorm<\/span><\/a><\/li><\/ul><\/p>   <p>Como si necesitaran tiempo para conjurarse a los dioses del balonmano, Carballeira y los suyos apuraron hasta el ultim\u00edsimo segundo para volver a saltar a la cancha. Si ofrecieron alg\u00fan sacrificio o realizaron alguna danza tribal a esas deidades del balonmano permanecer\u00e1 siempre en el sacrosanto secreto del vestuario, pero tras la reanudaci\u00f3n los visitantes volvieron a mostrar su mejor cara.<\/p>   <p>El Balonmano Cuenca, espoleado por su afici\u00f3n, mantuvo el tipo apoy\u00e1ndose, una vez m\u00e1s en un David Mach a cuya buena actuaci\u00f3n no le acompa\u00f1\u00f3 el ataque local, que se estrellaba una y otra vez en el muro defensivo dibujado por Carballeira o en un Domenech que se est\u00e1 ganando a pulso (m\u00e1s all\u00e1 de la lesi\u00f3n de Witkowski) la condici\u00f3n de portero titular.<\/p>  <p><figure><img loading=\"lazy\" decoding=\"async\" src=\"https:\/\/cadenaser.com\/resizer\/v2\/RNZPO2CGPFD67DT63CPAES6DRA.jpg?auth=bdaa11f5e86f9cd5a5bfb5a07109b479fa39c117f599207c19b9090cc4a26351&amp;quality=70&amp;width=650&amp;height=487&amp;smart=true\" alt=\"Roberto Domenech fue un seguro para el Servigroup Benidorm en El Sargal\" width=\"4\" height=\"3\" \/><figcaption class=\"fc\"><p><span>Roberto Domenech fue un seguro para el Servigroup Benidorm en El Sargal<\/span><\/p><\/figcaption><\/figure><button class=\"bt-am\">Ampliar<\/button><\/p>   <p>En un ambiente cada vez m\u00e1s caldeado, el partido se enmara\u00f1\u00f3 en su tramo final, con un Cuenca buscando cualquier manera no s\u00f3lo de desarbolar el buen trabajo de su oponente, sino tambi\u00e9n de encender a un p\u00fablico que presion\u00f3 lo indecible a una dupla arbitral a la que, por momentos, lleg\u00f3 a parecer que se le iba a ir el choque de las manos.<\/p>   <p>No fue as\u00ed y la dureza defensiva de Cuenca fue repetidamente castigada, ya en los minutos finales, con varios lanzamientos de siete metros que Nacho Valles (100% de aciertos desde la pena m\u00e1xima) convirti\u00f3 para construir ese colch\u00f3n de tres goles con los que se lleg\u00f3 al final asegurando los dos puntos para el Servigroup Balonmano Benidorm.<\/p>   <p>Un triunfo que lleg\u00f3 exactamente diez a\u00f1os despu\u00e9s de aquel 24-27 con el que se cerr\u00f3 la primera visita que jam\u00e1s hizo el conjunto de Benidorm a El Sargal en <a href=\"https:\/\/cadenaser.com\/tag\/liga_asobal\/a\/\">Liga Asobal<\/a>. Aquello sucedi\u00f3 un 27 de septiembre de 2014. Ahora, otro 27 de septiembre, pero de 2024, el Balonmano Benidorm pone fin a su larga racha sin conocer el triunfo en Cuenca. Ahora, al fin, el Servigroup Balonmano Benidorm ha reconquistado El Sargal y confirma lo que las sensaciones mostraron y <a href=\"https:\/\/cadenaser.com\/comunitat-valenciana\/2024\/09\/22\/al-balonmano-benidorm-se-le-hizo-largo-el-partido-ante-granollers-radio-benidorm\/\">el resultado neg\u00f3 en Granollers<\/a>: que este equipo, a poco que le respeten las lesiones, puede aspirar a todo.<\/p>   <p>La pr\u00f3xima parada de este viaje espera ya <a href=\"https:\/\/cadenaser.com\/comunitat-valenciana\/2024\/08\/08\/todos-los-partidos-horarios-y-resultados-del-balonmano-servigroup-benidorm-radio-benidorm\/\">el pr\u00f3ximo s\u00e1bado, 5 de octubre, en el Palau d\u2019Esports (20:00 horas) ante Anaitasuna<\/a>.<\/p> ","protected":false},"excerpt":{"rendered":"<p>En un partido sublime, los de Sergio Carballeira se impusieron al Cuenca por segunda vez en su historia<\/p>\n","protected":false},"author":0,"featured_media":8857,"comment_status":"open","ping_status":"open","sticky":false,"template":"","format":"standard","meta":{"_acf_changed":false,"footnotes":""},"categories":[16],"tags":[],"class_list":["post-8856","post","type-post","status-publish","format-standard","has-post-thumbnail","hentry","category-deportes"],"acf":{"ser_id":"SYCJRNRMCVHX7OXXXULJIXY76A","ser_url":"https:\/\/cadenaser.com\/comunitat-valenciana\/2024\/09\/27\/el-servigroup-balonmano-benidorm-reconquista-el-sargal-diez-anos-despues-radio-benidorm\/"},"_links":{"self":[{"href":"https:\/\/serbenidorm.daliisolutions.com\/index.php\/wp-json\/wp\/v2\/posts\/8856","targetHints":{"allow":["GET"]}}],"collection":[{"href":"https:\/\/serbenidorm.daliisolutions.com\/index.php\/wp-json\/wp\/v2\/posts"}],"about":[{"href":"https:\/\/serbenidorm.daliisolutions.com\/index.php\/wp-json\/wp\/v2\/types\/post"}],"replies":[{"embeddable":true,"href":"https:\/\/serbenidorm.daliisolutions.com\/index.php\/wp-json\/wp\/v2\/comments?post=8856"}],"version-history":[{"count":0,"href":"https:\/\/serbenidorm.daliisolutions.com\/index.php\/wp-json\/wp\/v2\/posts\/8856\/revisions"}],"wp:featuredmedia":[{"embeddable":true,"href":"https:\/\/serbenidorm.daliisolutions.com\/index.php\/wp-json\/wp\/v2\/media\/8857"}],"wp:attachment":[{"href":"https:\/\/serbenidorm.daliisolutions.com\/index.php\/wp-json\/wp\/v2\/media?parent=8856"}],"wp:term":[{"taxonomy":"category","embeddable":true,"href":"https:\/\/serbenidorm.daliisolutions.com\/index.php\/wp-json\/wp\/v2\/categories?post=8856"},{"taxonomy":"post_tag","embeddable":true,"href":"https:\/\/serbenidorm.daliisolutions.com\/index.php\/wp-json\/wp\/v2\/tags?post=8856"}],"curies":[{"name":"wp","href":"https:\/\/api.w.org\/{rel}","templated":true}]}}