{"id":8887,"date":"2024-09-30T10:19:59","date_gmt":"2024-09-30T08:19:59","guid":{"rendered":"https:\/\/serbenidorm.daliisolutions.com\/index.php\/2024\/09\/30\/frenazo-en-seco-para-el-c-f-benidorm-y-el-c-f-la-nucia-ante-los-lideres\/"},"modified":"2024-09-30T10:19:59","modified_gmt":"2024-09-30T08:19:59","slug":"frenazo-en-seco-para-el-c-f-benidorm-y-el-c-f-la-nucia-ante-los-lideres","status":"publish","type":"post","link":"https:\/\/serbenidorm.daliisolutions.com\/index.php\/2024\/09\/30\/frenazo-en-seco-para-el-c-f-benidorm-y-el-c-f-la-nucia-ante-los-lideres\/","title":{"rendered":"Frenazo en seco para el C.F. Benidorm y el C.F. La Nuc\u00eda ante los l\u00edderes"},"content":{"rendered":"  <p>Benidorm<\/p>   <p>El que el domingo disputaron el <a href=\"https:\/\/cadenaser.com\/tag\/club_futbol_benidorm\/a\/\" target=\"_blank\" rel=\"noopener\">C.F. Benidorm<\/a> y el Jove Espa\u00f1ol en el Nou Pla de La Vila Joiosa pasaba por ser el partido m\u00e1s importante de la cuarta jornada en el grupo seis de la Tercera RFEF. En \u00e9l, los de San Vicente del Raspeig aspiraban a mantenerse invictos ante un rival, el conjunto benidormense, al que una victoria pod\u00eda colocar de nuevo en la zona de ascenso.<\/p>   <p>El choque arranc\u00f3 bien para los intereses del equipo local, que se adelantaba en el marcador gracias a un gol de Jos\u00e9 Carlos tras apenas tres minutos de juego; pero no pas\u00f3 mucho tiempo antes de que quedara claro que si el Benidorm quer\u00eda sumar algo positivo de este partido, iban a tener que cambiar muchas cosas y de manera muy urgente.<\/p>   <p>El Jove Espa\u00f1ol, pese a ir por detr\u00e1s, se hizo con el control de la situaci\u00f3n y su dominio se vio recompensando en el 26 de la primera mitad, cuando \u00c1lvaro Montejo pon\u00eda el 1-1 iniciando as\u00ed el camino de una remontada que s\u00f3lo la mala fortuna impidi\u00f3 que se confirmara antes del descanso.<\/p>   <p>Tras el paso por el vestuario, el partido sigui\u00f3 con la misma t\u00f3nica. Mario Izquiero vio su segunda amarilla y dejaba al C.F. Benidorm con uno menos y Javi Salero coloc\u00f3, en el minuto 62, el 1-2 para que, ya en el 71, fuera \u00c1lvaro Montejo el que, con su segundo tanto, confirmara la remontada haciendo subir el 1-3 definitivo al marcador.<\/p>   <p>En un fin de semana negro para sus intereses, los de Miguel \u00c1ngel Mart\u00ednez vieron, adem\u00e1s, como se lesionaban Ayoze y Juanjo Gracia. Ambos tendr\u00e1n que esperar ahora a que se les practiquen pruebas m\u00e9dicas para determinar el alcance real de sus lesiones.<\/p>   <p>     .c-w{         max-width:444px;         width:100%;         margin:32px auto;      background:#00755E;         border-radius:4px;         display:flex;         align-items:center;         justify-content:center;     }     .c-w a{         display:flex;         align-items:center;         justify-content:center;         padding:4px 24px;     }     .c-w img{         width:24px;         margin-right:12px;     }     .c-w p{         font:18px\/25px Poppins;         text-align:center;         color:#fff;         margin:0;     }     @media (max-width:444px){         .c-w a{             padding:4px 12px;         }         .c-w img{             width:24px;             margin-right:8px;         }         .c-w p{             font:14px\/25px Poppins;         }     }     @media (max-width:335px){         .c-w p{             font:13px\/25px Poppins;         }     }  <div class=\"c-w\">     <a href=\"https:\/\/www.whatsapp.com\/channel\/0029Va633PF9WtC4l7XUzh1e\" target=\"_blank\" rel=\"noopener\">         <img decoding=\"async\" src=\"https:\/\/cadenaser.com\/estaticos\/recursosgraficos\/responsive\/img\/ico-whatsapp.svg\" alt=\"Whatsapp\">         <p>\u00danete al <b>canal de WhatsApp<\/b> de la SER<\/p>     <\/a> <\/div><\/p>   <p><b>La Nuc\u00eda roza la gesta en Sagunto<\/b><\/p>  <p><p>M\u00e1s informaci\u00f3n<\/p><figure><img loading=\"lazy\" decoding=\"async\" src=\"https:\/\/cadenaser.com\/resizer\/v2\/GWIJC5ZYTFBE7EEBREXEX4YQNU.JPG?auth=a6d2d5b9b264e6220ff8b86c9ead3c18b6f6a8b873db5ff8f785ab8fdb0b8e01&amp;quality=70&amp;width=360&amp;height=202&amp;smart=true\" width=\"820\" height=\"621\" \/><\/figure><ul><li><a href=\"https:\/\/cadenaser.com\/comunitat-valenciana\/2024\/09\/02\/todos-los-partidos-horarios-y-resultados-del-cf-benidorm-y-cf-la-nucia-radio-benidorm\/\"><span>Todos los partidos, horarios y resultados del C.F. Benidorm y C.F. La Nuc\u00eda<\/span><\/a><\/li><\/ul><\/p>   <p>Mucho m\u00e1s igualado fue el juego visto en El Forn\u00e0s entre el Atl\u00e9tico Saguntino y el <a href=\"https:\/\/cadenaser.com\/tag\/club_futbol_la_nucia\/a\/\" target=\"_blank\" rel=\"noopener\">C.F. La Nuc\u00eda<\/a> en un partido en el que ambos conjuntos contaron con muchas opciones de llevarse los dos puntos y en el que, al igual que sucedi\u00f3 en el Nou Pla, el rival de los de la Marina Baixa fue capaz de reponerse al tanto inicial de los nucieros.<\/p>   <p>El gol del equipo de Berna Ballester lleg\u00f3 en el minuto 43 de juego, cuando \u00c1lex Garc\u00eda hac\u00eda subir uno de esos \u2018tantos psicol\u00f3gicos\u2019 que tantas veces es capaz de decantar de forma definitiva un encuentro que, hasta ese momento, hab\u00eda sido muy igualado.<\/p>   <p>Los nucieros, todav\u00eda en pleno proceso de consolidaci\u00f3n del grupo, se acercaban a sumar su segunda victoria del curso, pero nada m\u00e1s comenzar la primera mitad el Atl\u00e9tico Saguntino pudo perforar la porter\u00eda de Rodri colocando el 1-1 en el marcador por medio de Iv\u00e1n Bueno (minuto 48).<\/p>   <p>La segunda parte volvi\u00f3 a ser un continuo toma y daca entre ambos equipos, pero fueron los locales los que, ya en la parte final del partido (minuto 82), y por medio de Aitor S\u00e1ez rubricaron la remontada que los mantiene en el coliderato de la clasificaci\u00f3n.<\/p> ","protected":false},"excerpt":{"rendered":"<p>Los dos equipos de la Marina Baixa cayeron en sus choques ante los invictos Jove Espa\u00f1ol y Atl\u00e9tico Saguntino<\/p>\n","protected":false},"author":0,"featured_media":8888,"comment_status":"open","ping_status":"open","sticky":false,"template":"","format":"standard","meta":{"_acf_changed":false,"footnotes":""},"categories":[16],"tags":[],"class_list":["post-8887","post","type-post","status-publish","format-standard","has-post-thumbnail","hentry","category-deportes"],"acf":{"ser_id":"T6WR2V45RFE3ZAFW5OLWWAZ3MM","ser_url":"https:\/\/cadenaser.com\/comunitat-valenciana\/2024\/09\/30\/frenazo-en-seco-para-el-cf-benidorm-y-el-cf-la-nucia-ante-los-lideres-radio-benidorm\/"},"_links":{"self":[{"href":"https:\/\/serbenidorm.daliisolutions.com\/index.php\/wp-json\/wp\/v2\/posts\/8887","targetHints":{"allow":["GET"]}}],"collection":[{"href":"https:\/\/serbenidorm.daliisolutions.com\/index.php\/wp-json\/wp\/v2\/posts"}],"about":[{"href":"https:\/\/serbenidorm.daliisolutions.com\/index.php\/wp-json\/wp\/v2\/types\/post"}],"replies":[{"embeddable":true,"href":"https:\/\/serbenidorm.daliisolutions.com\/index.php\/wp-json\/wp\/v2\/comments?post=8887"}],"version-history":[{"count":0,"href":"https:\/\/serbenidorm.daliisolutions.com\/index.php\/wp-json\/wp\/v2\/posts\/8887\/revisions"}],"wp:featuredmedia":[{"embeddable":true,"href":"https:\/\/serbenidorm.daliisolutions.com\/index.php\/wp-json\/wp\/v2\/media\/8888"}],"wp:attachment":[{"href":"https:\/\/serbenidorm.daliisolutions.com\/index.php\/wp-json\/wp\/v2\/media?parent=8887"}],"wp:term":[{"taxonomy":"category","embeddable":true,"href":"https:\/\/serbenidorm.daliisolutions.com\/index.php\/wp-json\/wp\/v2\/categories?post=8887"},{"taxonomy":"post_tag","embeddable":true,"href":"https:\/\/serbenidorm.daliisolutions.com\/index.php\/wp-json\/wp\/v2\/tags?post=8887"}],"curies":[{"name":"wp","href":"https:\/\/api.w.org\/{rel}","templated":true}]}}