{"id":8891,"date":"2024-09-30T11:14:04","date_gmt":"2024-09-30T09:14:04","guid":{"rendered":"https:\/\/serbenidorm.daliisolutions.com\/index.php\/2024\/09\/30\/el-voleibol-playas-de-benidorm-ilusiona-pese-a-su-derrota-ante-un-superliga\/"},"modified":"2024-09-30T11:14:04","modified_gmt":"2024-09-30T09:14:04","slug":"el-voleibol-playas-de-benidorm-ilusiona-pese-a-su-derrota-ante-un-superliga","status":"publish","type":"post","link":"https:\/\/serbenidorm.daliisolutions.com\/index.php\/2024\/09\/30\/el-voleibol-playas-de-benidorm-ilusiona-pese-a-su-derrota-ante-un-superliga\/","title":{"rendered":"El Voleibol Playas de Benidorm ilusiona pese a su derrota ante un Superliga"},"content":{"rendered":"  <p>Benidorm<\/p>   <p>Hay derrotas que dejan un buen sabor de boca y eso es lo que le sucedi\u00f3 el pasado domingo al equipo masculino del <a href=\"https:\/\/cadenaser.com\/tag\/club_voleibol_playas_benidorm\/a\/\">Club Voleibol Playas de Benidorm<\/a> en la final de la Copa Comunitat ante el Val\u00e8ncia-Conqueridor.<\/p>   <p>Que la empresa de doblegar al que ha sido la bestia negra del equipo de Adriano Lamb en la competici\u00f3n auton\u00f3mica durante las \u00faltimas temporadas iba a ser muy complicada se sab\u00eda desde antes de que arrancara el choque, pero el propio preparador brasile\u00f1o ya hab\u00eda anticipado en <a href=\"https:\/\/cadenaser.com\/radio-benidorm\/ser-deportivos-benidorm\/\">SER Deportivos Marina Baixa<\/a> que sus hombres llegaban en un gran momento a esta final disputada en Petrer y eso qued\u00f3 claro en un partido en el que los valencianos, equipo de Superliga, tuvieron que desplegar su mejor versi\u00f3n para acabar ganando por 0-3 y parciales de 16-25, 25-27 y 35-37; lo que deja muy claro lo cerca que estuvieron los benidormenses de poder dar la campanada.<\/p>  <p><p>M\u00e1s informaci\u00f3n<\/p><figure><img loading=\"lazy\" decoding=\"async\" src=\"https:\/\/cadenaser.com\/resizer\/v2\/OKT5SKQJCRGJRGZFDILTTFUPL4.JPG?auth=d9657f4a00139b4c0046c13675b634252a6604ed9893f82d2b06800ef7197607&amp;quality=70&amp;width=360&amp;height=202&amp;smart=true\" width=\"820\" height=\"621\" \/><\/figure><ul><li><a href=\"https:\/\/cadenaser.com\/comunitat-valenciana\/2024\/09\/02\/todos-los-partidos-horarios-y-resultados-del-voleibol-radio-benidorm\/\"><span>Todos los partidos, horarios y resultados del voleibol<\/span><\/a><\/li><\/ul><\/p>   <p>S\u00f3lo en el primer set se mostr\u00f3 una superioridad clara del Val\u00e8ncia-Conqueridor, que domin\u00f3 en el marcador y control\u00f3 cada fase del juego para llevarse ese parcial por un clar\u00edsimo 16-25 que parec\u00eda anticipar una final muy pl\u00e1cida para el conjunto de la capital del Turia.<\/p>   <p>Sin embargo, las cosas cambiaron en el segundo set, cuando el Servigroup Benidorm ajust\u00f3 su juego y con un magn\u00edfico rendimiento colectivo pudo plantar cara al equipo de superior categor\u00eda. Los de Adriano Lamb, de hecho, llegaron a marchar por delante en el tramo final de esa manga disponiendo incluso de bola de set en las manos de Rafa Gonz\u00e1lez, pero el Val\u00e8ncia-Conqueridor logr\u00f3 remontar en los \u00faltimos compases, cerrando el parcial 25-27.<\/p>   <p>El tercer set fue un verdadero espect\u00e1culo de voleibol. Ambos equipos lucharon punto a punto en un emocionante intercambio que requiri\u00f3 de 72 puntos para decidir al campe\u00f3n. El Servigroup Benidorm, con una notable actuaci\u00f3n y motivaci\u00f3n, estuvo nuevamente por delante en varias fases del set y tuvo opciones de anotarse el parcial, pero finalmente los de Val\u00e8ncia se impusieron 35-37.<\/p>   <p>     .c-w{         max-width:444px;         width:100%;         margin:32px auto;      background:#00755E;         border-radius:4px;         display:flex;         align-items:center;         justify-content:center;     }     .c-w a{         display:flex;         align-items:center;         justify-content:center;         padding:4px 24px;     }     .c-w img{         width:24px;         margin-right:12px;     }     .c-w p{         font:18px\/25px Poppins;         text-align:center;         color:#fff;         margin:0;     }     @media (max-width:444px){         .c-w a{             padding:4px 12px;         }         .c-w img{             width:24px;             margin-right:8px;         }         .c-w p{             font:14px\/25px Poppins;         }     }     @media (max-width:335px){         .c-w p{             font:13px\/25px Poppins;         }     }  <div class=\"c-w\">     <a href=\"https:\/\/www.whatsapp.com\/channel\/0029Va633PF9WtC4l7XUzh1e\" target=\"_blank\" rel=\"noopener\">         <img decoding=\"async\" src=\"https:\/\/cadenaser.com\/estaticos\/recursosgraficos\/responsive\/img\/ico-whatsapp.svg\" alt=\"Whatsapp\">         <p>\u00danete al <b>canal de WhatsApp<\/b> de la SER<\/p>     <\/a> <\/div><\/p>   <p>Con la Copa Comunitat ya concluida, <a href=\"https:\/\/cadenaser.com\/comunitat-valenciana\/2024\/09\/02\/todos-los-partidos-horarios-y-resultados-del-voleibol-radio-benidorm\/\">el Club Voleibol Playas de Benidorm pone su mirada en el debut liguero en la Superliga 2<\/a>, donde el equipo masculino visitar\u00e1 el pr\u00f3ximo domingo (12:00 horas) al CV Utrera en el Pabell\u00f3n Municipal Vistalegre mientras que las chicas har\u00e1n lo propio el s\u00e1bado (19:00 horas) con el Hidramar Gran Canaria.<\/p> ","protected":false},"excerpt":{"rendered":"<p>Los de Adriano Lamb obligaron al Val\u00e8ncia-Conqueridor a desplegar su mejor juego en la final de la Copa Comunitat<\/p>\n","protected":false},"author":0,"featured_media":8892,"comment_status":"open","ping_status":"open","sticky":false,"template":"","format":"standard","meta":{"_acf_changed":false,"footnotes":""},"categories":[16],"tags":[],"class_list":["post-8891","post","type-post","status-publish","format-standard","has-post-thumbnail","hentry","category-deportes"],"acf":{"ser_id":"EJES6NMHB5BX3P5JUFIHNMMN5M","ser_url":"https:\/\/cadenaser.com\/comunitat-valenciana\/2024\/09\/30\/el-voleibol-playas-de-benidorm-ilusiona-pese-a-su-derrota-ante-un-superliga-radio-benidorm\/"},"_links":{"self":[{"href":"https:\/\/serbenidorm.daliisolutions.com\/index.php\/wp-json\/wp\/v2\/posts\/8891","targetHints":{"allow":["GET"]}}],"collection":[{"href":"https:\/\/serbenidorm.daliisolutions.com\/index.php\/wp-json\/wp\/v2\/posts"}],"about":[{"href":"https:\/\/serbenidorm.daliisolutions.com\/index.php\/wp-json\/wp\/v2\/types\/post"}],"replies":[{"embeddable":true,"href":"https:\/\/serbenidorm.daliisolutions.com\/index.php\/wp-json\/wp\/v2\/comments?post=8891"}],"version-history":[{"count":0,"href":"https:\/\/serbenidorm.daliisolutions.com\/index.php\/wp-json\/wp\/v2\/posts\/8891\/revisions"}],"wp:featuredmedia":[{"embeddable":true,"href":"https:\/\/serbenidorm.daliisolutions.com\/index.php\/wp-json\/wp\/v2\/media\/8892"}],"wp:attachment":[{"href":"https:\/\/serbenidorm.daliisolutions.com\/index.php\/wp-json\/wp\/v2\/media?parent=8891"}],"wp:term":[{"taxonomy":"category","embeddable":true,"href":"https:\/\/serbenidorm.daliisolutions.com\/index.php\/wp-json\/wp\/v2\/categories?post=8891"},{"taxonomy":"post_tag","embeddable":true,"href":"https:\/\/serbenidorm.daliisolutions.com\/index.php\/wp-json\/wp\/v2\/tags?post=8891"}],"curies":[{"name":"wp","href":"https:\/\/api.w.org\/{rel}","templated":true}]}}