{"id":8893,"date":"2024-09-30T11:45:02","date_gmt":"2024-09-30T09:45:02","guid":{"rendered":"https:\/\/serbenidorm.daliisolutions.com\/index.php\/2024\/09\/30\/el-sporting-la-nucia-recibe-un-tremendo-correctivo-en-su-visita-a-alzira\/"},"modified":"2024-09-30T11:45:02","modified_gmt":"2024-09-30T09:45:02","slug":"el-sporting-la-nucia-recibe-un-tremendo-correctivo-en-su-visita-a-alzira","status":"publish","type":"post","link":"https:\/\/serbenidorm.daliisolutions.com\/index.php\/2024\/09\/30\/el-sporting-la-nucia-recibe-un-tremendo-correctivo-en-su-visita-a-alzira\/","title":{"rendered":"El Sporting La Nuc\u00eda recibe un tremendo correctivo en su visita a Alzira"},"content":{"rendered":"  <p>Benidorm<\/p>   <p>Por activa y por pasiva lo ven\u00eda avisando David \u2018Dada\u2019 Valverde, entrenador del Sporting La Nuc\u00eda, en los \u00faltimos d\u00edas. Primero, <a href=\"https:\/\/cadenaser.com\/comunitat-valenciana\/2024\/09\/22\/escaso-premio-para-el-sporting-la-nucia-en-su-debut-radio-benidorm\/\">tras el empate con el que el equipo rojillo hab\u00eda iniciado su andadura en la Segunda Divisi\u00f3n del f\u00fatbol sala nacional<\/a>, cuando alert\u00f3 de las facilidades dadas para que el rival encontrara el camino hasta su porter\u00eda. Luego, en las horas previas a visitar la cancha del Alzira, afirmando que iba a hacer falta \u2018remar\u2019 mucho para tener opciones ante uno de los equipos se\u00f1alados como favoritos para estar peleando por el ascenso a Primera al final de la temporada.<\/p>  <p><p>M\u00e1s informaci\u00f3n<\/p><figure><img loading=\"lazy\" decoding=\"async\" src=\"https:\/\/cadenaser.com\/resizer\/v2\/SQHVI6AUM5DHFMAEVHISTOPJT4.jpg?auth=f9a665c964fe343ec1bcf49d7bf8ce220636f64d123a0ba7850ea5e928002795&amp;quality=70&amp;width=360&amp;height=202&amp;smart=true\" width=\"820\" height=\"621\" \/><\/figure><ul><li><a href=\"https:\/\/cadenaser.com\/comunitat-valenciana\/2024\/09\/04\/todos-los-partidos-horarios-y-resultados-del-sporting-futbol-sala-la-nucia-radio-benidorm\/\"><span>Todos los partidos, horarios y resultados del Sporting F\u00fatbol Sala La Nuc\u00eda<\/span><\/a><\/li><\/ul><\/p>   <p>El choque correspondiente a la segunda jornada liguera acab\u00f3 d\u00e1ndole la raz\u00f3n a Dada y el <a href=\"https:\/\/cadenaser.com\/tag\/sporting_futbol_sala_la_nucia\/a\/\">Sporting La Nuc\u00eda<\/a> recibi\u00f3 un gran correctivo en la cancha del Alzira y un muy serio aviso para un equipo que, tras dos ascensos consecutivos, se hab\u00eda acostumbrado a ganar. El 8-0 endosado por los valencianos deja bien claro que la categor\u00eda de plata es una cosa muy distinta a lo vivido hasta ahora.<\/p>   <p>A tenor del resultado, el partido no tuvo m\u00e1s historia que la de conocer la ventaja final que iban a ser capaces de acumular los locales, que dejaron la mitad del trabajo echo (4-0) en la primera mitad con los goles de Peir\u00f3, Ivi, Gustavao y Rubi en un muy corto periodo de tiempo (apenas pasaron 8 minutos entre el primero y el cuarto gol) y que ya en la segunda mitad redonde\u00f3 la jornada con otros cuatro tantos de Peir\u00f3, Gustavao, Naranjo y Pablo Ibarra.<\/p>   <p><a href=\"https:\/\/cadenaser.com\/comunitat-valenciana\/2024\/09\/04\/todos-los-partidos-horarios-y-resultados-del-sporting-futbol-sala-la-nucia-radio-benidorm\/\">Los nucieros volver\u00e1n la pr\u00f3xima semana a su cancha del Camilo Cano para medirse al M\u00e1laga<\/a>, que tras caer derrotado en la primera jornada, ha enderezado su rumbo imponi\u00e9ndose este s\u00e1bado al Lugo por 6-3.<\/p> ","protected":false},"excerpt":{"rendered":"<p>Los de David Valverde no pudieron plantar cara a uno de los favoritos al ascenso <\/p>\n","protected":false},"author":0,"featured_media":8894,"comment_status":"open","ping_status":"open","sticky":false,"template":"","format":"standard","meta":{"_acf_changed":false,"footnotes":""},"categories":[16],"tags":[],"class_list":["post-8893","post","type-post","status-publish","format-standard","has-post-thumbnail","hentry","category-deportes"],"acf":{"ser_id":"CYVJINXCARAOHFKRRRQPREPDTM","ser_url":"https:\/\/cadenaser.com\/comunitat-valenciana\/2024\/09\/30\/el-sporting-la-nucia-recibe-un-tremendo-correctivo-en-su-visita-a-alzira-radio-benidorm\/"},"_links":{"self":[{"href":"https:\/\/serbenidorm.daliisolutions.com\/index.php\/wp-json\/wp\/v2\/posts\/8893","targetHints":{"allow":["GET"]}}],"collection":[{"href":"https:\/\/serbenidorm.daliisolutions.com\/index.php\/wp-json\/wp\/v2\/posts"}],"about":[{"href":"https:\/\/serbenidorm.daliisolutions.com\/index.php\/wp-json\/wp\/v2\/types\/post"}],"replies":[{"embeddable":true,"href":"https:\/\/serbenidorm.daliisolutions.com\/index.php\/wp-json\/wp\/v2\/comments?post=8893"}],"version-history":[{"count":0,"href":"https:\/\/serbenidorm.daliisolutions.com\/index.php\/wp-json\/wp\/v2\/posts\/8893\/revisions"}],"wp:featuredmedia":[{"embeddable":true,"href":"https:\/\/serbenidorm.daliisolutions.com\/index.php\/wp-json\/wp\/v2\/media\/8894"}],"wp:attachment":[{"href":"https:\/\/serbenidorm.daliisolutions.com\/index.php\/wp-json\/wp\/v2\/media?parent=8893"}],"wp:term":[{"taxonomy":"category","embeddable":true,"href":"https:\/\/serbenidorm.daliisolutions.com\/index.php\/wp-json\/wp\/v2\/categories?post=8893"},{"taxonomy":"post_tag","embeddable":true,"href":"https:\/\/serbenidorm.daliisolutions.com\/index.php\/wp-json\/wp\/v2\/tags?post=8893"}],"curies":[{"name":"wp","href":"https:\/\/api.w.org\/{rel}","templated":true}]}}