{"id":8899,"date":"2024-09-30T13:41:19","date_gmt":"2024-09-30T11:41:19","guid":{"rendered":"https:\/\/serbenidorm.daliisolutions.com\/index.php\/2024\/09\/30\/la-tasa-de-basura-de-benidorm-ira-por-barrios-desde-189-euros-en-la-zona-del-moralet-hasta-217-en-almafra\/"},"modified":"2024-09-30T13:41:19","modified_gmt":"2024-09-30T11:41:19","slug":"la-tasa-de-basura-de-benidorm-ira-por-barrios-desde-189-euros-en-la-zona-del-moralet-hasta-217-en-almafra","status":"publish","type":"post","link":"https:\/\/serbenidorm.daliisolutions.com\/index.php\/2024\/09\/30\/la-tasa-de-basura-de-benidorm-ira-por-barrios-desde-189-euros-en-la-zona-del-moralet-hasta-217-en-almafra\/","title":{"rendered":"La tasa de basura de Benidorm ir\u00e1 por barrios: desde 189 euros en la zona del Moralet hasta 217 en Almafr\u00e0"},"content":{"rendered":"  <p>Benidorm<\/p>   <p>El Ayuntamiento de Benidorm ha aprobado este lunes en pleno con el \u00fanico apoyo de los concejales del gobierno local del PP la modificaci\u00f3n de la ordenanza fiscal n\u00famero 17, la de la tasa de la basura,<a href=\"https:\/\/cadenaser.com\/tag\/benidorm\/a\/\" target=\"_blank\" rel=\"noopener\"> para que el precio de este impuesto dependa de la zona de la ciudad donde est\u00e9 la vivienda<\/a> a partir del a\u00f1o que viene.<\/p>   <p>Un cambio que la concejala de Hacienda, Aida Garc\u00eda Mayor, ha defendido en la necesidad de adaptar estas tarifas a la ley estatal y ha explicado que, ante la imposibilidad de calcular por el momento la cantidad de residuos que genera cada vecino, se ha seguido un criterio de poblaci\u00f3n y recursos econ\u00f3micos para la zonificaci\u00f3n.<\/p>  <p><p>M\u00e1s informaci\u00f3n<\/p><figure><img loading=\"lazy\" decoding=\"async\" src=\"https:\/\/cadenaser.com\/resizer\/v2\/ERUKK6R3EREVPPLTPPLDGFFZ2M.jpeg?auth=b1a80bd32829242b3eb3ea703a0759988003f4ba458def3598ea53cc5312fc85&amp;quality=70&amp;width=360&amp;height=202&amp;smart=true\" width=\"820\" height=\"621\" \/><\/figure><ul><li><a href=\"https:\/\/cadenaser.com\/comunitat-valenciana\/2024\/09\/27\/el-prado-de-visita-en-benidorm-se-ven-los-cuadros-mucho-mejor-que-en-el-museo-radio-benidorm\/\"><span>El Prado, de visita en Benidorm: \u00abSe ven los cuadros mejor que en el museo\u00bb<\/span><\/a><\/li><\/ul><\/p>   <p>El alcalde, Toni P\u00e9rez, ha a\u00f1adido durante la votaci\u00f3n que se estaba votando \u00abla ley de Pedro S\u00e1nchez\u00bb y que su voto a favor de deb\u00eda a una cuesti\u00f3n de \u00abresponsabilidad\u00bb<\/p>   <p>La oposici\u00f3n del PSOE, sin embargo, no comparte los criterios y considera que la nueva divisi\u00f3n no es proporcional, calificando el cambio como \u00abun parip\u00e9\u00bb para poder cumplir con la ley y acusando la falta de sistemas de medici\u00f3n de la basura que genera cada habitante como demanda la Uni\u00f3n Europea: \u00abEn eso Benidorm est\u00e1 en la prehistoria\u00bb, ha subrayado el edil socialista Antonio Charco.<\/p>   <p>Los precios por zonas, de menor a mayor<\/p>   <p><li>La zona m\u00e1s barata se encuentra en la zona del Moralet donde se pagar\u00e1n 189,8 euros anuales.<\/li><li>En todo el centro urbano, Levante y la avenida Mediterr\u00e1neo la tarifa ser\u00e1 de 191,50 euros.<\/li><li>En la playa de Poniente y avenida Europa 193,55 y en la zona de diseminado 193,72 euros.<\/li><li>En la zona de las Marinas, tambi\u00e9n en Poniente, el precio asciende a 195,58 euros.<\/li><li>En las urbanizaciones Barrina Norte y Barrina Sur la cuant\u00eda llega a los 205,17 euros.<\/li><li>En la zona de Otto de Habsburgo 206,97 euros.<\/li><li>En Planet 210,56 y en Coblanca 212,36 euros.<\/li><li>En Sierra Cortina 215,17 euros.<\/li><li>La cuant\u00eda m\u00e1s alta, 217,50 euros, en Sierra Helada y Almafr\u00e0.<\/li><\/p>   <p>Reorganizaci\u00f3n de la Polic\u00eda Local<\/p>   <p>En otro punto de la sesi\u00f3n plenaria de septiembre el PP y Vox han aprobado la modificaci\u00f3n de la Relaci\u00f3n de Puestos de Trabajo (RPT) de la Polic\u00eda Local de Benidorm. Una reestructuraci\u00f3n demandada por las secciones sindicales que actualizar\u00e1 las n\u00f3minas de su personal.<\/p>   <p>     .c-w{         max-width:444px;         width:100%;         margin:32px auto;      background:#00755E;         border-radius:4px;         display:flex;         align-items:center;         justify-content:center;     }     .c-w a{         display:flex;         align-items:center;         justify-content:center;         padding:4px 24px;     }     .c-w img{         width:24px;         margin-right:12px;     }     .c-w p{         font:18px\/25px Poppins;         text-align:center;         color:#fff;         margin:0;     }     @media (max-width:444px){         .c-w a{             padding:4px 12px;         }         .c-w img{             width:24px;             margin-right:8px;         }         .c-w p{             font:14px\/25px Poppins;         }     }     @media (max-width:335px){         .c-w p{             font:13px\/25px Poppins;         }     }  <div class=\"c-w\">     <a href=\"https:\/\/www.whatsapp.com\/channel\/0029Va633PF9WtC4l7XUzh1e\" target=\"_blank\" rel=\"noopener\">         <img decoding=\"async\" src=\"https:\/\/cadenaser.com\/estaticos\/recursosgraficos\/responsive\/img\/ico-whatsapp.svg\" alt=\"Whatsapp\">         <p>\u00danete al <b>canal de WhatsApp<\/b> de la SER<\/p>     <\/a> <\/div><\/p>   <p>Contribuir\u00e1 adem\u00e1s, en palabras del edil de Seguridad Ciudadana Jes\u00fas Carrobles, en una mejora del servicio y la atenci\u00f3n al ciudadano: \u00abSe dispondr\u00e1 de m\u00e1s efectivos policiales en la calle, sobre todo en turno de tarde noche y de noche\u00bb, ha asegurado.<\/p>   <p>El grupo socialista se ha opuesto por la forma en que se han presentado el expediente, que tildan de \u00abincompleto\u00bb, a pesar de \u00abestar de acuerdo en el fondo\u00bb por la rigidez de la RPT en vigor hasta este momento  y las incidencias que provocaba.<\/p> ","protected":false},"excerpt":{"rendered":"<p>El PP aprueba en solitario la modificaci\u00f3n de la ordenanza que entrar\u00e1 en vigor en 2025<\/p>\n","protected":false},"author":0,"featured_media":8900,"comment_status":"open","ping_status":"open","sticky":false,"template":"","format":"standard","meta":{"_acf_changed":false,"footnotes":""},"categories":[1],"tags":[],"class_list":["post-8899","post","type-post","status-publish","format-standard","has-post-thumbnail","hentry","category-sin-categoria"],"acf":{"ser_id":"UTL4D2QQMVHAJNXPPSMXTBIOHE","ser_url":"https:\/\/cadenaser.com\/comunitat-valenciana\/2024\/09\/30\/la-tasa-de-basura-de-benidorm-ira-por-barrios-de-189-a-217-euros-segun-la-zona-radio-benidorm\/"},"_links":{"self":[{"href":"https:\/\/serbenidorm.daliisolutions.com\/index.php\/wp-json\/wp\/v2\/posts\/8899","targetHints":{"allow":["GET"]}}],"collection":[{"href":"https:\/\/serbenidorm.daliisolutions.com\/index.php\/wp-json\/wp\/v2\/posts"}],"about":[{"href":"https:\/\/serbenidorm.daliisolutions.com\/index.php\/wp-json\/wp\/v2\/types\/post"}],"replies":[{"embeddable":true,"href":"https:\/\/serbenidorm.daliisolutions.com\/index.php\/wp-json\/wp\/v2\/comments?post=8899"}],"version-history":[{"count":0,"href":"https:\/\/serbenidorm.daliisolutions.com\/index.php\/wp-json\/wp\/v2\/posts\/8899\/revisions"}],"wp:featuredmedia":[{"embeddable":true,"href":"https:\/\/serbenidorm.daliisolutions.com\/index.php\/wp-json\/wp\/v2\/media\/8900"}],"wp:attachment":[{"href":"https:\/\/serbenidorm.daliisolutions.com\/index.php\/wp-json\/wp\/v2\/media?parent=8899"}],"wp:term":[{"taxonomy":"category","embeddable":true,"href":"https:\/\/serbenidorm.daliisolutions.com\/index.php\/wp-json\/wp\/v2\/categories?post=8899"},{"taxonomy":"post_tag","embeddable":true,"href":"https:\/\/serbenidorm.daliisolutions.com\/index.php\/wp-json\/wp\/v2\/tags?post=8899"}],"curies":[{"name":"wp","href":"https:\/\/api.w.org\/{rel}","templated":true}]}}