{"id":8901,"date":"2024-09-30T14:08:03","date_gmt":"2024-09-30T12:08:03","guid":{"rendered":"https:\/\/serbenidorm.daliisolutions.com\/index.php\/2024\/09\/30\/benidorm-sede-de-la-xxix-gala-de-premios-aefa\/"},"modified":"2024-09-30T14:08:03","modified_gmt":"2024-09-30T12:08:03","slug":"benidorm-sede-de-la-xxix-gala-de-premios-aefa","status":"publish","type":"post","link":"https:\/\/serbenidorm.daliisolutions.com\/index.php\/2024\/09\/30\/benidorm-sede-de-la-xxix-gala-de-premios-aefa\/","title":{"rendered":"Benidorm, sede de la XXIX Gala de Premios AEFA"},"content":{"rendered":"  <p>Benidorm<\/p>   <p>El Centro Cultural de Benidorm acoge este 1 de octubre a las 12:00horas la XXIX Gala de Premios de la Asociaci\u00f3n de la Empresa Familiar de la provincia de Alicante (AEFA). Una gala que, como ha explicado su presidenta Maite Ant\u00f3n en <a href=\"\/\/radiobenidorm.es\" rel=\"nofollow noopener\" target=\"_blank\">Hoy por Hoy Benidorm,<\/a> se celebra de forma itinerante cada a\u00f1o en una de las 9 comarcas de la provincia. \u00abEste a\u00f1o hemos elegido la Marina Baixa y, dentro de ella, Benidorm que es una ciudad maravillosa\u00bb, ha manifestado.<\/p>   <p>Adem\u00e1s uno de los premios, el premio Caixabank, ir\u00e1 a parar a una empresa con sede en la comarca como es el Grupo Magic Costa Blanca. El premio Diputaci\u00f3n Provincial de Alicante ir\u00e1 a parar a Quinton y el premio Generalitat Valenciana distingue la trayectoria de Hispanitas. <\/p>   <p>El palmar\u00e9s culminar\u00e1 con la concesi\u00f3n del Premio de Honor Manuel Pel\u00e1ez Castillo al empresario Francisco G\u00f3mez Andreu, fundador y actual presidente de Grupo Marjal, como \u00abreconocimiento a su extensa carrera como empresario familiar y su estrecha vinculaci\u00f3n con el mundo del asociacionismo empresarial de la provincia de Alicante\u00bb. Francisco G\u00f3mez fue presidente de AEFA entre 2011 y 2019.<\/p>   <p>Tal y como ha explicado en <a href=\"\/\/radiobenidorm.es\" rel=\"nofollow noopener\" target=\"_blank\">Radio Benidorm SER<\/a> Maite Ant\u00f3n, los Premios AEFA fueron constituidos \u00abcon el fin de reconocer y poner de relieve la actividad que desempe\u00f1an las empresas familiares de la provincia de Alicante como agentes que contribuyen a la creaci\u00f3n de riqueza y empleo en el territorio, as\u00ed como por su compromiso con la innovaci\u00f3n, internacionalizaci\u00f3n, emprendimiento, competitividad e implicaci\u00f3n con la sociedad\u00bb.<\/p>   <p>La presidenta de AEFA se ha referido a los premiados como \u201ctodo un ejemplo a seguir y motivo de inspiraci\u00f3n para el resto de empresas familiares de nuestra provincia\u00bb. Ant\u00f3n ha incidido en que a trav\u00e9s de estos reconocimientos \u201cdamos visibilidad a empresas que nos sorprenden por su capacidad de resiliencia, innovaci\u00f3n, cuidado de su entorno y de generar econom\u00eda a su alrededor y tambi\u00e9n por su funci\u00f3n social, estando siempre cerca de la tierra que las ha visto crecer como organizaci\u00f3n y de las personas que viven en ella.<\/p>   <p>     .c-w{         max-width:444px;         width:100%;         margin:32px auto;      background:#00755E;         border-radius:4px;         display:flex;         align-items:center;         justify-content:center;     }     .c-w a{         display:flex;         align-items:center;         justify-content:center;         padding:4px 24px;     }     .c-w img{         width:24px;         margin-right:12px;     }     .c-w p{         font:18px\/25px Poppins;         text-align:center;         color:#fff;         margin:0;     }     @media (max-width:444px){         .c-w a{             padding:4px 12px;         }         .c-w img{             width:24px;             margin-right:8px;         }         .c-w p{             font:14px\/25px Poppins;         }     }     @media (max-width:335px){         .c-w p{             font:13px\/25px Poppins;         }     }  <div class=\"c-w\">     <a href=\"https:\/\/www.whatsapp.com\/channel\/0029Va633PF9WtC4l7XUzh1e\" target=\"_blank\" rel=\"noopener\">         <img decoding=\"async\" src=\"https:\/\/cadenaser.com\/estaticos\/recursosgraficos\/responsive\/img\/ico-whatsapp.svg\" alt=\"Whatsapp\">         <p>\u00danete al <b>canal de WhatsApp<\/b> de la SER<\/p>     <\/a> <\/div><\/p> ","protected":false},"excerpt":{"rendered":"<p>El grupo benidormense Magic Costa Blanca galardonado con el premio Caixabank<\/p>\n","protected":false},"author":0,"featured_media":8902,"comment_status":"open","ping_status":"open","sticky":false,"template":"","format":"standard","meta":{"_acf_changed":false,"footnotes":""},"categories":[1],"tags":[],"class_list":["post-8901","post","type-post","status-publish","format-standard","has-post-thumbnail","hentry","category-sin-categoria"],"acf":{"ser_id":"3KI77BX6SFGQXGSCDFREAAOVVM","ser_url":"https:\/\/cadenaser.com\/comunitat-valenciana\/2024\/09\/30\/benidorm-sede-de-la-xxix-gala-de-premios-aefa-radio-benidorm\/"},"_links":{"self":[{"href":"https:\/\/serbenidorm.daliisolutions.com\/index.php\/wp-json\/wp\/v2\/posts\/8901","targetHints":{"allow":["GET"]}}],"collection":[{"href":"https:\/\/serbenidorm.daliisolutions.com\/index.php\/wp-json\/wp\/v2\/posts"}],"about":[{"href":"https:\/\/serbenidorm.daliisolutions.com\/index.php\/wp-json\/wp\/v2\/types\/post"}],"replies":[{"embeddable":true,"href":"https:\/\/serbenidorm.daliisolutions.com\/index.php\/wp-json\/wp\/v2\/comments?post=8901"}],"version-history":[{"count":0,"href":"https:\/\/serbenidorm.daliisolutions.com\/index.php\/wp-json\/wp\/v2\/posts\/8901\/revisions"}],"wp:featuredmedia":[{"embeddable":true,"href":"https:\/\/serbenidorm.daliisolutions.com\/index.php\/wp-json\/wp\/v2\/media\/8902"}],"wp:attachment":[{"href":"https:\/\/serbenidorm.daliisolutions.com\/index.php\/wp-json\/wp\/v2\/media?parent=8901"}],"wp:term":[{"taxonomy":"category","embeddable":true,"href":"https:\/\/serbenidorm.daliisolutions.com\/index.php\/wp-json\/wp\/v2\/categories?post=8901"},{"taxonomy":"post_tag","embeddable":true,"href":"https:\/\/serbenidorm.daliisolutions.com\/index.php\/wp-json\/wp\/v2\/tags?post=8901"}],"curies":[{"name":"wp","href":"https:\/\/api.w.org\/{rel}","templated":true}]}}