{"id":8939,"date":"2024-10-01T13:40:49","date_gmt":"2024-10-01T11:40:49","guid":{"rendered":"https:\/\/serbenidorm.daliisolutions.com\/index.php\/2024\/10\/01\/el-i-congreso-anemona-analizara-en-benidorm-los-avances-y-retos-en-el-tratamiento-del-cancer-de-mama\/"},"modified":"2024-10-01T13:40:49","modified_gmt":"2024-10-01T11:40:49","slug":"el-i-congreso-anemona-analizara-en-benidorm-los-avances-y-retos-en-el-tratamiento-del-cancer-de-mama","status":"publish","type":"post","link":"https:\/\/serbenidorm.daliisolutions.com\/index.php\/2024\/10\/01\/el-i-congreso-anemona-analizara-en-benidorm-los-avances-y-retos-en-el-tratamiento-del-cancer-de-mama\/","title":{"rendered":"El I Congreso An\u00e9mona analizar\u00e1 en Benidorm los avances y retos en el tratamiento del c\u00e1ncer de mama"},"content":{"rendered":"  <p>Benidorm<\/p>   <p>El Sal\u00f3n de Actos del Ayuntamiento de Benidorm albergar\u00e1 este s\u00e1bado, 5 de octubre, la primera edici\u00f3n del Congreso An\u00e9mona, un encuentro organizado por el grupo de autoayuda para mujeres con c\u00e1ncer de mama y ginecol\u00f3gico, An\u00e9mona-Marina Baixa, y que reunir\u00e1 a expertos, profesionales y afectadas para debatir sobre los avances y retos en el tratamiento de esta enfermedad.<\/p>   <p>As\u00ed lo han explicado en Hoy por Hoy Benidorm la presidenta de An\u00e9mona Marina Baixa Mar\u00eda Botella, la vicepresidenta Francisca Benaloy y la edil de Igualdad de Benidorm \u00c1ngela Zaragoz\u00ed. \u00abSon temas que nos van a aportar conocimiento m\u00e1s all\u00e1 de los tratamientos oncol\u00f3gicos o psicol\u00f3gicos y que no se suelen abordar en otros congresos\u201d, han afirmado<\/p>   <p>El I Congreso An\u00e9mona comenzar\u00e1 a las 9 de la ma\u00f1ana y se prolongar\u00e1 durante toda la jornada bajo el t\u00edtulo \u2018Gesti\u00f3n de los procesos asistenciales de los pacientes de c\u00e1ncer de mama en todas sus fases\u2019. El programa arrancar\u00e1 a las 10 horas, con la conferencia \u2018Protocolos sanitarios de actuaci\u00f3n en la Marina Baixa\u2019, a cargo de Pascual Pastor, gerente del Departamento de Salud comarcal. A las 10.45, el cirujano general y digestivo del IVO Fernando Carbonell Castell\u00f3 ofrecer\u00e1 la conferencia magistral \u2018Protocolos sanitarios de actuaci\u00f3n en la Marina Baixa\u2019, a la que seguir\u00e1 a las 11.45 horas la primera de las mesas redondas programadas: \u201cAsociacionismo en la lucha contra el c\u00e1ncer\u201d, en la que participar\u00e1n afectadas y voluntarias de distintas asociaciones locales y provinciales para poner en valor la importancia del movimiento asociativo.<\/p>   <p>A las 12.45, el programa continuar\u00e1 con otra mesa redonda \u2018Abordaje integral del c\u00e1ncer: desde el diagn\u00f3stico hasta la recuperaci\u00f3n\u2019, donde se debatir\u00e1 sobre las estrategias colaborativas entre diferentes especialidades m\u00e9dicas para mejorar la calidad de vida de los pacientes y optimizar los resultados cl\u00ednicos.<\/p>   <p>Tras la pausa del mediod\u00eda, a las 16.30 horas se retomar\u00e1 el programa del congreso con la conferencia magistral \u2018Investigaci\u00f3n en deporte y c\u00e1ncer de mama: experiencias y perspectivas\u2019, que pronunciar\u00e1 Mar\u00eda Alonso Due\u00f1as (coordinadora de proyectos de investigaci\u00f3n relacionados con el deporte en c\u00e1ncer de mama de GEICAM). Por \u00faltimo, para ahondar en este asunto, a las 17.30 horas habr\u00e1 una \u00faltima mesa redonda bajo la tem\u00e1tica \u2018Ejercicio f\u00edsico en la pr\u00e1ctica oncol\u00f3gica: experiencias y recomendaciones\u2019, moderada por la edil de Sanidad y teniente alcalde del Ayuntamiento de Benidorm, Ana Pellicer, y en la que participar\u00e1n distintos profesionales del \u00e1mbito deportivo.<\/p>   <p>     .c-w{         max-width:444px;         width:100%;         margin:32px auto;      background:#00755E;         border-radius:4px;         display:flex;         align-items:center;         justify-content:center;     }     .c-w a{         display:flex;         align-items:center;         justify-content:center;         padding:4px 24px;     }     .c-w img{         width:24px;         margin-right:12px;     }     .c-w p{         font:18px\/25px Poppins;         text-align:center;         color:#fff;         margin:0;     }     @media (max-width:444px){         .c-w a{             padding:4px 12px;         }         .c-w img{             width:24px;             margin-right:8px;         }         .c-w p{             font:14px\/25px Poppins;         }     }     @media (max-width:335px){         .c-w p{             font:13px\/25px Poppins;         }     }  <div class=\"c-w\">     <a href=\"https:\/\/www.whatsapp.com\/channel\/0029Va633PF9WtC4l7XUzh1e\" target=\"_blank\" rel=\"noopener\">         <img decoding=\"async\" src=\"https:\/\/cadenaser.com\/estaticos\/recursosgraficos\/responsive\/img\/ico-whatsapp.svg\" alt=\"Whatsapp\">         <p>\u00danete al <b>canal de WhatsApp<\/b> de la SER<\/p>     <\/a> <\/div><\/p>   <p>Mar\u00eda Botella ha avanzado que la inscripci\u00f3n para asistir como p\u00fablico al congreso supone una aportaci\u00f3n de 5 euros y puede realizarse a trav\u00e9s de la p\u00e1gina <a href=\"http:\/\/www.anemonamarinabaixa.org\/\" rel=\"nofollow noopener\" target=\"_blank\">www.anemonamarinabaixa.org<\/a> y tambi\u00e9n de forma presencial, bien en la sede de la asociaci\u00f3n en Benidorm bien el mismo d\u00eda del congreso. Todo el dinero recaudado en este evento se destinar\u00e1 a GEICAM, el grupo l\u00edder en investigaci\u00f3n en c\u00e1ncer de mama en Espa\u00f1a y con el que An\u00e9mona colabora en muchas de sus acciones.<\/p>   <p>Trofeo de Remo<\/p>   <p>Adem\u00e1s del I Congreso An\u00e9mona, este fin de semana habr\u00e1 otra de las actividades de la programaci\u00f3n con motivo de este D\u00eda Internacional. Se trata de la cuarta edici\u00f3n del \u2018Trofeo de Remo An\u00e9mona\u2019, organizado por esta organizaci\u00f3n y por el Club N\u00e1utico de Benidorm y en el que est\u00e1 previsto que participen trece embarcaciones, entre ellas remeras que se desplazar\u00e1n desde M\u00e1laga para participar, seg\u00fan ha explicado Encarna Zafra, de An\u00e9mona.<\/p>   <p>El trofeo arrancar\u00e1 a las 9 de la ma\u00f1ana y se disputar\u00e1 por la bah\u00eda, con lla\u00fcts y faluchos y contando con tres pruebas diferentes: slalom, gincana y ergo.<\/p>   <p>Adem\u00e1s, la pr\u00f3xima semana, An\u00e9mona instalar\u00e1 mesas informativas el mi\u00e9rcoles, 8 de octubre, en el Mercadillo Municipal de Foietes, y el viernes, d\u00eda 11, en la Rosa de los Vientos de la calle Mart\u00ednez Alejos, donde adem\u00e1s se podr\u00e1n adquirir las camisetas para la Marcha Solidaria del d\u00eda 20.<\/p>   <p>Asimismo, el domingo, 13 de octubre, se celebrar\u00e1 una Traves\u00eda de An\u00e9mona y el windsurfer benidormense Dar\u00edo Quesada, entre Benidorm y Calp, como \u201caperitivo\u201d del reto de recorrer las 83 millas n\u00e1uticas de distancia entre Benidorm e Ibiza en windsurf previsto por el propio Quesada para 2025.<\/p> ","protected":false},"excerpt":{"rendered":"<p>Se celebra el s\u00e1bado 5 de octubre en el Ayuntamiento dentro de los actos conmemorativos del D\u00eda Mundial contra el C\u00e1ncer de Mama<\/p>\n","protected":false},"author":0,"featured_media":8940,"comment_status":"open","ping_status":"open","sticky":false,"template":"","format":"standard","meta":{"_acf_changed":false,"footnotes":""},"categories":[1],"tags":[],"class_list":["post-8939","post","type-post","status-publish","format-standard","has-post-thumbnail","hentry","category-sin-categoria"],"acf":{"ser_id":"KRANDNESDFHZVMZIVFVJLOHNVE","ser_url":"https:\/\/cadenaser.com\/comunitat-valenciana\/2024\/10\/01\/el-i-congreso-anemona-analizara-en-benidorm-los-avances-y-retos-en-el-tratamiento-del-cancer-de-mama-radio-benidorm\/"},"_links":{"self":[{"href":"https:\/\/serbenidorm.daliisolutions.com\/index.php\/wp-json\/wp\/v2\/posts\/8939","targetHints":{"allow":["GET"]}}],"collection":[{"href":"https:\/\/serbenidorm.daliisolutions.com\/index.php\/wp-json\/wp\/v2\/posts"}],"about":[{"href":"https:\/\/serbenidorm.daliisolutions.com\/index.php\/wp-json\/wp\/v2\/types\/post"}],"replies":[{"embeddable":true,"href":"https:\/\/serbenidorm.daliisolutions.com\/index.php\/wp-json\/wp\/v2\/comments?post=8939"}],"version-history":[{"count":0,"href":"https:\/\/serbenidorm.daliisolutions.com\/index.php\/wp-json\/wp\/v2\/posts\/8939\/revisions"}],"wp:featuredmedia":[{"embeddable":true,"href":"https:\/\/serbenidorm.daliisolutions.com\/index.php\/wp-json\/wp\/v2\/media\/8940"}],"wp:attachment":[{"href":"https:\/\/serbenidorm.daliisolutions.com\/index.php\/wp-json\/wp\/v2\/media?parent=8939"}],"wp:term":[{"taxonomy":"category","embeddable":true,"href":"https:\/\/serbenidorm.daliisolutions.com\/index.php\/wp-json\/wp\/v2\/categories?post=8939"},{"taxonomy":"post_tag","embeddable":true,"href":"https:\/\/serbenidorm.daliisolutions.com\/index.php\/wp-json\/wp\/v2\/tags?post=8939"}],"curies":[{"name":"wp","href":"https:\/\/api.w.org\/{rel}","templated":true}]}}