{"id":8941,"date":"2024-10-01T13:40:52","date_gmt":"2024-10-01T11:40:52","guid":{"rendered":"https:\/\/serbenidorm.daliisolutions.com\/index.php\/2024\/10\/01\/la-guardia-civil-detiene-a-un-vecino-de-la-vila-joiosa-por-robar-cableado-del-alumbrado-publico\/"},"modified":"2024-10-01T13:40:52","modified_gmt":"2024-10-01T11:40:52","slug":"la-guardia-civil-detiene-a-un-vecino-de-la-vila-joiosa-por-robar-cableado-del-alumbrado-publico","status":"publish","type":"post","link":"https:\/\/serbenidorm.daliisolutions.com\/index.php\/2024\/10\/01\/la-guardia-civil-detiene-a-un-vecino-de-la-vila-joiosa-por-robar-cableado-del-alumbrado-publico\/","title":{"rendered":"La Guardia Civil detiene a un vecino de La Vila Joiosa por robar cableado del alumbrado p\u00fablico"},"content":{"rendered":"  <p>Villajoyosa<\/p>   <p>La Guardia Civil ha detenido en el marco de la operaci\u00f3n \u201cAlumbrilla\u201d a un hombre de 46 a\u00f1os, residente en La Vila Joiosa, acusado de diversos delitos de robo de cableado del alumbrado p\u00fablico en el municipio. Los hechos investigados por el Equipo Roca de la compa\u00f1\u00eda de Calpe comenzaron en febrero de este a\u00f1o, cuando se detect\u00f3 un ligero incremento en la sustracci\u00f3n de cableado del alumbrado p\u00fablico en diferentes puntos de la localidad. <\/p>   <p>En una primera fase de la investigaci\u00f3n, <a href=\"https:\/\/cadenaser.com\/tag\/vila_joiosa\/a\/\" target=\"_blank\" rel=\"noopener\">los agentes intensificaron las inspecciones en establecimientos dedicados al reciclaje de metales y reforzaron las vigilancias en las zonas m\u00e1s susceptibles de sufrir este tipo de delitos<\/a>. Asimismo, analizaron im\u00e1genes de c\u00e1maras de seguridad cercanas a los lugares donde se produjeron los robos, con el objetivo de identificar a los posibles autores.<\/p>  <p><p>M\u00e1s informaci\u00f3n<\/p><figure><img loading=\"lazy\" decoding=\"async\" src=\"https:\/\/cadenaser.com\/resizer\/v2\/ZXPDTBB4IBAEVFOPAPZZZW7S6U.jpeg?auth=d9cdb7ee00cc9600430aa056d8b9585f2344c8c36df85c46183eea5acf43fe9a&amp;quality=70&amp;width=360&amp;height=202&amp;smart=true\" width=\"820\" height=\"621\" \/><\/figure><ul><li><a href=\"https:\/\/cadenaser.com\/comunitat-valenciana\/2024\/09\/27\/fallece-por-paro-cardiaco-un-joven-de-20-anos-en-la-vila-joiosa-cuando-se-dirigia-a-trabajar-radio-benidorm\/\"><span>Fallece por paro card\u00edaco un joven de 20 a\u00f1os en La Vila Joiosa cuando se dirig\u00eda a trabajar<\/span><\/a><\/li><\/ul><\/p>   <p>Durante una inspecci\u00f3n ocular en uno de los puntos afectados, los agentes observaron que a\u00fan quedaba parte del cableado robado, lo que los llev\u00f3 a deducir que el delincuente probablemente volver\u00eda para completar el hurto. Como resultado, se implementaron operativos de vigilancia nocturna en las \u00e1reas afectadas.<\/p>   <p>En una de estas vigilancias, los agentes identificaron a un vecino del municipio que, al percatarse de su presencia, abandon\u00f3 r\u00e1pidamente el lugar, despertando las sospechas de los investigadores. A medida que avanzaban las pesquisas, se pudo vincular al sospechoso con varios delitos: un delito de da\u00f1os, dos robos con fuerza y tres hurtos, todos relacionados con el robo de cableado en el alumbrado municipal.<\/p>   <p>El valor total de los da\u00f1os causados y del material sustra\u00eddo se estima en m\u00e1s de 4.000 euros. Los hechos han sido puestos en conocimiento del Juzgado de Guardia de Instrucci\u00f3n de Villajoyosa, que se encargar\u00e1 de la instrucci\u00f3n del caso.<\/p>   <p>     .c-w{         max-width:444px;         width:100%;         margin:32px auto;      background:#00755E;         border-radius:4px;         display:flex;         align-items:center;         justify-content:center;     }     .c-w a{         display:flex;         align-items:center;         justify-content:center;         padding:4px 24px;     }     .c-w img{         width:24px;         margin-right:12px;     }     .c-w p{         font:18px\/25px Poppins;         text-align:center;         color:#fff;         margin:0;     }     @media (max-width:444px){         .c-w a{             padding:4px 12px;         }         .c-w img{             width:24px;             margin-right:8px;         }         .c-w p{             font:14px\/25px Poppins;         }     }     @media (max-width:335px){         .c-w p{             font:13px\/25px Poppins;         }     }  <div class=\"c-w\">     <a href=\"https:\/\/www.whatsapp.com\/channel\/0029Va633PF9WtC4l7XUzh1e\" target=\"_blank\" rel=\"noopener\">         <img decoding=\"async\" src=\"https:\/\/cadenaser.com\/estaticos\/recursosgraficos\/responsive\/img\/ico-whatsapp.svg\" alt=\"Whatsapp\">         <p>\u00danete al <b>canal de WhatsApp<\/b> de la SER<\/p>     <\/a> <\/div><\/p> ","protected":false},"excerpt":{"rendered":"<p>Identificado cuando regresaba a un punto donde ya hab\u00eda robado<\/p>\n","protected":false},"author":0,"featured_media":8942,"comment_status":"open","ping_status":"open","sticky":false,"template":"","format":"standard","meta":{"_acf_changed":false,"footnotes":""},"categories":[1],"tags":[],"class_list":["post-8941","post","type-post","status-publish","format-standard","has-post-thumbnail","hentry","category-sin-categoria"],"acf":{"ser_id":"PTAESJDUHJCOVCSDF3HNWUPWJA","ser_url":"https:\/\/cadenaser.com\/comunitat-valenciana\/2024\/10\/01\/la-guardia-civil-detiene-a-un-vecino-de-la-vila-joiosa-por-robar-cableado-del-alumbrado-publico-radio-benidorm\/"},"_links":{"self":[{"href":"https:\/\/serbenidorm.daliisolutions.com\/index.php\/wp-json\/wp\/v2\/posts\/8941","targetHints":{"allow":["GET"]}}],"collection":[{"href":"https:\/\/serbenidorm.daliisolutions.com\/index.php\/wp-json\/wp\/v2\/posts"}],"about":[{"href":"https:\/\/serbenidorm.daliisolutions.com\/index.php\/wp-json\/wp\/v2\/types\/post"}],"replies":[{"embeddable":true,"href":"https:\/\/serbenidorm.daliisolutions.com\/index.php\/wp-json\/wp\/v2\/comments?post=8941"}],"version-history":[{"count":0,"href":"https:\/\/serbenidorm.daliisolutions.com\/index.php\/wp-json\/wp\/v2\/posts\/8941\/revisions"}],"wp:featuredmedia":[{"embeddable":true,"href":"https:\/\/serbenidorm.daliisolutions.com\/index.php\/wp-json\/wp\/v2\/media\/8942"}],"wp:attachment":[{"href":"https:\/\/serbenidorm.daliisolutions.com\/index.php\/wp-json\/wp\/v2\/media?parent=8941"}],"wp:term":[{"taxonomy":"category","embeddable":true,"href":"https:\/\/serbenidorm.daliisolutions.com\/index.php\/wp-json\/wp\/v2\/categories?post=8941"},{"taxonomy":"post_tag","embeddable":true,"href":"https:\/\/serbenidorm.daliisolutions.com\/index.php\/wp-json\/wp\/v2\/tags?post=8941"}],"curies":[{"name":"wp","href":"https:\/\/api.w.org\/{rel}","templated":true}]}}