{"id":8944,"date":"2024-10-01T14:40:06","date_gmt":"2024-10-01T12:40:06","guid":{"rendered":"https:\/\/serbenidorm.daliisolutions.com\/index.php\/2024\/10\/01\/felipe-orts-comienza-una-nueva-aventura-con-el-ridley-racing-team\/"},"modified":"2024-10-01T14:40:06","modified_gmt":"2024-10-01T12:40:06","slug":"felipe-orts-comienza-una-nueva-aventura-con-el-ridley-racing-team","status":"publish","type":"post","link":"https:\/\/serbenidorm.daliisolutions.com\/index.php\/2024\/10\/01\/felipe-orts-comienza-una-nueva-aventura-con-el-ridley-racing-team\/","title":{"rendered":"Felipe Orts comienza una nueva aventura con el Ridley Racing Team"},"content":{"rendered":"  <p>Benidorm<\/p>   <p>Apenas 24 horas despu\u00e9s de anunciar por sorpresa su salida de Forts Team, el equipo que \u00e9l mismo puso en marcha el pasado d\u00eda 1 de enero, el ciclista vilero Felipe Orts ya ha dado a conocer cu\u00e1l ser\u00e1 su nuevo destino y, como sucedi\u00f3 tras su salida de Burgos-BH, ser\u00e1 enrol\u00e1ndose en un nuevo proyecto: el Ridley Racing Team.<\/p>   <p>Este fichaje supone para el corredor de La Vila Joiosa el salto definitivo a B\u00e9lgica, Meca de la especialidad invernal del ciclismo, despu\u00e9s de siete temporadas en la \u00e9lite del ciclocross mundial y varias ocasiones en las que se rumore\u00f3 su salto a un equipo de aquel pa\u00eds.<\/p>   <p>En esta primera temporada, el Ridley Racing Team contar\u00e1, adem\u00e1s de con Felipe Orts, con el hombre que le super\u00f3 en aquel Campeonato del Mundo de Bieles (Luxemburgo) Sub-23, el neerland\u00e9s Joris Nieuwenhuis; as\u00ed como con el belga Daan  Soete y la jovenc\u00edsima f\u00e9mina belga Lore Sas, de s\u00f3lo 18 a\u00f1os.<\/p>   <p>Antes de arrancar su campa\u00f1a de ciclocross, Felipe Orts todav\u00eda deber\u00e1 afrontar el mundial de gravel que se disputar\u00e1 el pr\u00f3ximo fin de semana en las localidades belgas de Halle y Leuven y en la que encabezar\u00e1 una selecci\u00f3n espa\u00f1ola en la que tambi\u00e9n formar\u00e1n Juan Ignacio P\u00e9rez (ganador de la primera edici\u00f3n de la Copa de Espa\u00f1a), Axel Abad\u00eda, Andr\u00e9s Taboada y Enrique Morcillo.<\/p>   <p>Si se cumplen todos los plazos, Orts comenzar\u00e1 su primera temporada con los colores del nuevo Ridley Racing Team el pr\u00f3xmo d\u00eda 12 de octubre con la disputa del ciclocross de Beringen (B\u00e9lgica).<\/p>   <p>     .c-w{         max-width:444px;         width:100%;         margin:32px auto;      background:#00755E;         border-radius:4px;         display:flex;         align-items:center;         justify-content:center;     }     .c-w a{         display:flex;         align-items:center;         justify-content:center;         padding:4px 24px;     }     .c-w img{         width:24px;         margin-right:12px;     }     .c-w p{         font:18px\/25px Poppins;         text-align:center;         color:#fff;         margin:0;     }     @media (max-width:444px){         .c-w a{             padding:4px 12px;         }         .c-w img{             width:24px;             margin-right:8px;         }         .c-w p{             font:14px\/25px Poppins;         }     }     @media (max-width:335px){         .c-w p{             font:13px\/25px Poppins;         }     }  <div class=\"c-w\">     <a href=\"https:\/\/www.whatsapp.com\/channel\/0029Va633PF9WtC4l7XUzh1e\" target=\"_blank\" rel=\"noopener\">         <img decoding=\"async\" src=\"https:\/\/cadenaser.com\/estaticos\/recursosgraficos\/responsive\/img\/ico-whatsapp.svg\" alt=\"Whatsapp\">         <p>\u00danete al <b>canal de WhatsApp<\/b> de la SER<\/p>     <\/a> <\/div><\/p> ","protected":false},"excerpt":{"rendered":"<p>Compartir\u00e1 estructura con Joris Nieuwenhuis y Daan Soete as\u00ed como la f\u00e9mina Lore Sas<\/p>\n","protected":false},"author":0,"featured_media":8945,"comment_status":"open","ping_status":"open","sticky":false,"template":"","format":"standard","meta":{"_acf_changed":false,"footnotes":""},"categories":[16],"tags":[],"class_list":["post-8944","post","type-post","status-publish","format-standard","has-post-thumbnail","hentry","category-deportes"],"acf":{"ser_id":"3BX4V4LJGRBJ5A4SCHLWXX2H2U","ser_url":"https:\/\/cadenaser.com\/comunitat-valenciana\/2024\/10\/01\/felipe-orts-comienza-una-nueva-aventura-con-el-ridley-racing-team-radio-benidorm\/"},"_links":{"self":[{"href":"https:\/\/serbenidorm.daliisolutions.com\/index.php\/wp-json\/wp\/v2\/posts\/8944","targetHints":{"allow":["GET"]}}],"collection":[{"href":"https:\/\/serbenidorm.daliisolutions.com\/index.php\/wp-json\/wp\/v2\/posts"}],"about":[{"href":"https:\/\/serbenidorm.daliisolutions.com\/index.php\/wp-json\/wp\/v2\/types\/post"}],"replies":[{"embeddable":true,"href":"https:\/\/serbenidorm.daliisolutions.com\/index.php\/wp-json\/wp\/v2\/comments?post=8944"}],"version-history":[{"count":0,"href":"https:\/\/serbenidorm.daliisolutions.com\/index.php\/wp-json\/wp\/v2\/posts\/8944\/revisions"}],"wp:featuredmedia":[{"embeddable":true,"href":"https:\/\/serbenidorm.daliisolutions.com\/index.php\/wp-json\/wp\/v2\/media\/8945"}],"wp:attachment":[{"href":"https:\/\/serbenidorm.daliisolutions.com\/index.php\/wp-json\/wp\/v2\/media?parent=8944"}],"wp:term":[{"taxonomy":"category","embeddable":true,"href":"https:\/\/serbenidorm.daliisolutions.com\/index.php\/wp-json\/wp\/v2\/categories?post=8944"},{"taxonomy":"post_tag","embeddable":true,"href":"https:\/\/serbenidorm.daliisolutions.com\/index.php\/wp-json\/wp\/v2\/tags?post=8944"}],"curies":[{"name":"wp","href":"https:\/\/api.w.org\/{rel}","templated":true}]}}