{"id":8946,"date":"2024-10-01T14:50:49","date_gmt":"2024-10-01T12:50:49","guid":{"rendered":"https:\/\/serbenidorm.daliisolutions.com\/index.php\/2024\/10\/01\/sigue-el-corte-del-tram-entre-altea-y-teulada-se-amplia-durante-octubre-el-servicio-alternativo-de-bus\/"},"modified":"2024-10-01T14:50:49","modified_gmt":"2024-10-01T12:50:49","slug":"sigue-el-corte-del-tram-entre-altea-y-teulada-se-amplia-durante-octubre-el-servicio-alternativo-de-bus","status":"publish","type":"post","link":"https:\/\/serbenidorm.daliisolutions.com\/index.php\/2024\/10\/01\/sigue-el-corte-del-tram-entre-altea-y-teulada-se-amplia-durante-octubre-el-servicio-alternativo-de-bus\/","title":{"rendered":"Sigue el corte del TRAM entre Altea y Teulada: se ampl\u00eda durante octubre el servicio alternativo de bus"},"content":{"rendered":"  <p>Altea<\/p>   <p>Ferrocarrils de la Generalitat Valenciana (FGV) ampl\u00eda, a partir del martes 1 de octubre, el servicio sustitutorio de autob\u00fas a las estaciones comprendidas en el tramo entre Altea y Teulada de la<a href=\"https:\/\/cadenaser.com\/tag\/altea\/a\/\" target=\"_blank\" rel=\"noopener\"> L\u00ednea 9 del TRAM d\u2019Alacant<\/a> (Benidorm-D\u00e9nia), como consecuencia de las obras en ejecuci\u00f3n de los nuevos viaductos de Algar y Mascarat.<\/p>   <p>El transporte alternativo de autob\u00fas funcionar\u00e1 a lo largo de este tramo con paradas cerca de las estaciones de Altea, Garganes, Cap Negret, Olla Altea, Calp, Benissa y Teulada.<\/p>  <p><p>M\u00e1s informaci\u00f3n<\/p><figure><img loading=\"lazy\" decoding=\"async\" src=\"https:\/\/cadenaser.com\/resizer\/v2\/BBKTMIFZJNPMHD3SQNEFN565FQ.jpg?auth=270c59cd7bc7296bb0ed3b3536147351b33c364f50680246fca934e484740319&amp;quality=70&amp;width=360&amp;height=202&amp;smart=true\" width=\"820\" height=\"621\" \/><\/figure><ul><li><a href=\"https:\/\/cadenaser.com\/comunitat-valenciana\/2024\/10\/01\/la-guardia-civil-detiene-a-un-vecino-de-la-vila-joiosa-por-robar-cableado-del-alumbrado-publico-radio-benidorm\/\"><span>La Guardia Civil detiene a un vecino de La Vila Joiosa por robar cableado del alumbrado p\u00fablico<\/span><\/a><\/li><\/ul><\/p>   <p>Esta interrupci\u00f3n del servicio ferroviario es continuaci\u00f3n de la que se ha llevado a cabo en el tramo Altea-Calpe, y que se estableci\u00f3 primeramente como consecuencia de las obras de emergencia que se han realizado para hacer frente a los efectos del incendio ocurrido el pasado mes de enero en la zona del Mascarat, por la que discurre esta l\u00ednea.<\/p>   <p>En una \u00faltima fase, ya en noviembre y antes de la finalizaci\u00f3n de las obras prevista para diciembre, la modificaci\u00f3n del servicio afectar\u00e1 de nuevo al tramo Garganes-Calpe.<\/p>   <p>Obras en los viaductos<\/p>   <p>Una vez finalizadas las obras de renovaci\u00f3n de los viaductos de Algar y Mascarat, antes de final de a\u00f1o, las modernas unidades de propulsi\u00f3n di\u00e9sel-el\u00e9ctrica Serie 5000 podr\u00e1n circular por toda la L\u00ednea 9 del TRAM d\u2019Alacant (Benidorm-D\u00e9nia) evitando a los viajeros el transbordo que actualmente se realiza en Calpe.<\/p>   <p>     .c-w{         max-width:444px;         width:100%;         margin:32px auto;      background:#00755E;         border-radius:4px;         display:flex;         align-items:center;         justify-content:center;     }     .c-w a{         display:flex;         align-items:center;         justify-content:center;         padding:4px 24px;     }     .c-w img{         width:24px;         margin-right:12px;     }     .c-w p{         font:18px\/25px Poppins;         text-align:center;         color:#fff;         margin:0;     }     @media (max-width:444px){         .c-w a{             padding:4px 12px;         }         .c-w img{             width:24px;             margin-right:8px;         }         .c-w p{             font:14px\/25px Poppins;         }     }     @media (max-width:335px){         .c-w p{             font:13px\/25px Poppins;         }     }  <div class=\"c-w\">     <a href=\"https:\/\/www.whatsapp.com\/channel\/0029Va633PF9WtC4l7XUzh1e\" target=\"_blank\" rel=\"noopener\">         <img decoding=\"async\" src=\"https:\/\/cadenaser.com\/estaticos\/recursosgraficos\/responsive\/img\/ico-whatsapp.svg\" alt=\"Whatsapp\">         <p>\u00danete al <b>canal de WhatsApp<\/b> de la SER<\/p>     <\/a> <\/div><\/p> ","protected":false},"excerpt":{"rendered":"<p>Por las obras de los viaductos de Algar y Mascarat<\/p>\n","protected":false},"author":0,"featured_media":8947,"comment_status":"open","ping_status":"open","sticky":false,"template":"","format":"standard","meta":{"_acf_changed":false,"footnotes":""},"categories":[1],"tags":[],"class_list":["post-8946","post","type-post","status-publish","format-standard","has-post-thumbnail","hentry","category-sin-categoria"],"acf":{"ser_id":"N6A4MHS64FHVRB2NLAABZZU5R4","ser_url":"https:\/\/cadenaser.com\/comunitat-valenciana\/2024\/10\/01\/sigue-el-corte-del-tram-entre-altea-y-teulada-se-amplia-durante-octubre-el-servicio-alternativo-de-bus-radio-benidorm\/"},"_links":{"self":[{"href":"https:\/\/serbenidorm.daliisolutions.com\/index.php\/wp-json\/wp\/v2\/posts\/8946","targetHints":{"allow":["GET"]}}],"collection":[{"href":"https:\/\/serbenidorm.daliisolutions.com\/index.php\/wp-json\/wp\/v2\/posts"}],"about":[{"href":"https:\/\/serbenidorm.daliisolutions.com\/index.php\/wp-json\/wp\/v2\/types\/post"}],"replies":[{"embeddable":true,"href":"https:\/\/serbenidorm.daliisolutions.com\/index.php\/wp-json\/wp\/v2\/comments?post=8946"}],"version-history":[{"count":0,"href":"https:\/\/serbenidorm.daliisolutions.com\/index.php\/wp-json\/wp\/v2\/posts\/8946\/revisions"}],"wp:featuredmedia":[{"embeddable":true,"href":"https:\/\/serbenidorm.daliisolutions.com\/index.php\/wp-json\/wp\/v2\/media\/8947"}],"wp:attachment":[{"href":"https:\/\/serbenidorm.daliisolutions.com\/index.php\/wp-json\/wp\/v2\/media?parent=8946"}],"wp:term":[{"taxonomy":"category","embeddable":true,"href":"https:\/\/serbenidorm.daliisolutions.com\/index.php\/wp-json\/wp\/v2\/categories?post=8946"},{"taxonomy":"post_tag","embeddable":true,"href":"https:\/\/serbenidorm.daliisolutions.com\/index.php\/wp-json\/wp\/v2\/tags?post=8946"}],"curies":[{"name":"wp","href":"https:\/\/api.w.org\/{rel}","templated":true}]}}