{"id":8968,"date":"2024-10-02T13:10:44","date_gmt":"2024-10-02T11:10:44","guid":{"rendered":"https:\/\/serbenidorm.daliisolutions.com\/index.php\/2024\/10\/02\/la-barra-libre-el-buen-papel-del-servigroup-benidorm-en-cuenca-permite-sonar\/"},"modified":"2024-10-02T13:10:44","modified_gmt":"2024-10-02T11:10:44","slug":"la-barra-libre-el-buen-papel-del-servigroup-benidorm-en-cuenca-permite-sonar","status":"publish","type":"post","link":"https:\/\/serbenidorm.daliisolutions.com\/index.php\/2024\/10\/02\/la-barra-libre-el-buen-papel-del-servigroup-benidorm-en-cuenca-permite-sonar\/","title":{"rendered":"La barra libre: El buen papel del Servigroup Benidorm en Cuenca permite so\u00f1ar"},"content":{"rendered":"  <p>Benidorm<\/p>   <p>Tras <a href=\"https:\/\/cadenaser.com\/comunitat-valenciana\/2024\/09\/27\/el-servigroup-balonmano-benidorm-reconquista-el-sargal-diez-anos-despues-radio-benidorm\/\">la victoria conseguida por el Servigroup Balonmano Benidorm el pasado viernes en su visita a El Sargal de Cuenca<\/a> y, sobre todo, por el buen juego que ha venido desplegando el equipo de Sergio Carballeira desde el arranque de su und\u00e9cima temporada consecutiva en la <a href=\"https:\/\/cadenaser.com\/tag\/liga_asobal\/a\/\">Liga Asobal<\/a>, el optimismo se ha instalado entre los componentes de \u2018La Barra Libre\u2019 de <a href=\"https:\/\/cadenaser.com\/radio-benidorm\/ser-deportivos-benidorm\/\">SER Deportivos Marina Baixa<\/a>.<\/p>   <p>En la tertulia que cada martes dedica el espacio deportivo de Radio Benidorm-SER a analizar la marcha del principal equipo de la ciudad, los expertos han coincidido en aplaudir el gran rendimiento colectivo del <a href=\"https:\/\/cadenaser.com\/tag\/club_balonmano_benidorm\/a\/\">Servigroup Balonmano Benidorm<\/a> y la aportaci\u00f3n individual de hombres como Nacho Valles, gran director de orquesta; Roberto Domenech, revelaci\u00f3n de estas primeras jornadas de Asobal o Daniil Zhukov, fundamental en la labor defensiva.<\/p>  <p><p>M\u00e1s informaci\u00f3n<\/p><figure><img loading=\"lazy\" decoding=\"async\" src=\"https:\/\/cadenaser.com\/resizer\/v2\/ARH4BRR4BFCSNOYJOYB77W327Q.JPG?auth=6e4f9fa78bc5c50f4689f485192578b4a8d0ccff159987a81c592f11b3c59c73&amp;quality=70&amp;width=360&amp;height=202&amp;smart=true\" width=\"820\" height=\"621\" \/><\/figure><ul><li><a href=\"https:\/\/cadenaser.com\/comunitat-valenciana\/2024\/08\/08\/todos-los-partidos-horarios-y-resultados-del-balonmano-servigroup-benidorm-radio-benidorm\/\"><span>Todos los partidos, horarios y resultados del Balonmano Servigroup Benidorm<\/span><\/a><\/li><\/ul><\/p>   <p>En cuanto a ese partido en El Sargal, los miembros de \u2018La Barra Libre\u2019 han resaltado la capacidad del equipo de imponer el ritmo que m\u00e1s interesaba a sus intereses ante un conjunto conquense que en ning\u00fan momento se sinti\u00f3 c\u00f3modo ni pudo desplegar ese juego r\u00e1pido que les caracteriz\u00f3 en las dos primeras jornadas.<\/p>   <p>De la misma manera, y pensando ya en esa <a href=\"https:\/\/cadenaser.com\/comunitat-valenciana\/2024\/08\/08\/todos-los-partidos-horarios-y-resultados-del-balonmano-servigroup-benidorm-radio-benidorm\/\">visita que realizar\u00e1 el pr\u00f3ximo s\u00e1bado (20:00 horas) Anaitasuna al Palau d\u2019Esports<\/a>, la tertulia del balonmano de <a href=\"https:\/\/cadenaser.com\/radio-benidorm\/\">Radio Benidorm-SER<\/a> concluy\u00f3 que, de nuevo, ser\u00e1 fundamental que sea el conjunto local el que consiga dirigir en todo momento el ritmo y los tiempos del choque.<\/p> ","protected":false},"excerpt":{"rendered":"<p>La tertulia del balonmano de Radio Benidorm-SER elogia el buen juego del equipo de Sergio Carballeira<\/p>\n","protected":false},"author":0,"featured_media":8969,"comment_status":"open","ping_status":"open","sticky":false,"template":"","format":"standard","meta":{"_acf_changed":false,"footnotes":""},"categories":[16],"tags":[],"class_list":["post-8968","post","type-post","status-publish","format-standard","has-post-thumbnail","hentry","category-deportes"],"acf":{"ser_id":"BV7CTBX7UBCYVMRVVSRWHTYMSI","ser_url":"https:\/\/cadenaser.com\/comunitat-valenciana\/2024\/10\/02\/la-barra-libre-el-buen-papel-del-servigroup-benidorm-en-cuenca-permite-sonar-radio-benidorm\/"},"_links":{"self":[{"href":"https:\/\/serbenidorm.daliisolutions.com\/index.php\/wp-json\/wp\/v2\/posts\/8968","targetHints":{"allow":["GET"]}}],"collection":[{"href":"https:\/\/serbenidorm.daliisolutions.com\/index.php\/wp-json\/wp\/v2\/posts"}],"about":[{"href":"https:\/\/serbenidorm.daliisolutions.com\/index.php\/wp-json\/wp\/v2\/types\/post"}],"replies":[{"embeddable":true,"href":"https:\/\/serbenidorm.daliisolutions.com\/index.php\/wp-json\/wp\/v2\/comments?post=8968"}],"version-history":[{"count":0,"href":"https:\/\/serbenidorm.daliisolutions.com\/index.php\/wp-json\/wp\/v2\/posts\/8968\/revisions"}],"wp:featuredmedia":[{"embeddable":true,"href":"https:\/\/serbenidorm.daliisolutions.com\/index.php\/wp-json\/wp\/v2\/media\/8969"}],"wp:attachment":[{"href":"https:\/\/serbenidorm.daliisolutions.com\/index.php\/wp-json\/wp\/v2\/media?parent=8968"}],"wp:term":[{"taxonomy":"category","embeddable":true,"href":"https:\/\/serbenidorm.daliisolutions.com\/index.php\/wp-json\/wp\/v2\/categories?post=8968"},{"taxonomy":"post_tag","embeddable":true,"href":"https:\/\/serbenidorm.daliisolutions.com\/index.php\/wp-json\/wp\/v2\/tags?post=8968"}],"curies":[{"name":"wp","href":"https:\/\/api.w.org\/{rel}","templated":true}]}}