{"id":8986,"date":"2024-10-02T19:48:27","date_gmt":"2024-10-02T17:48:27","guid":{"rendered":"https:\/\/serbenidorm.daliisolutions.com\/index.php\/2024\/10\/02\/crisis-en-el-transporte-escolar-a-dos-colegios-de-altea\/"},"modified":"2024-10-02T19:48:27","modified_gmt":"2024-10-02T17:48:27","slug":"crisis-en-el-transporte-escolar-a-dos-colegios-de-altea","status":"publish","type":"post","link":"https:\/\/serbenidorm.daliisolutions.com\/index.php\/2024\/10\/02\/crisis-en-el-transporte-escolar-a-dos-colegios-de-altea\/","title":{"rendered":"Crisis en el transporte escolar a dos colegios de Altea"},"content":{"rendered":"  <p>Altea<\/p>   <p>Crisis en la gesti\u00f3n del transporte escolar a los colegios Blanquinal y Les Rotes de Altea. <a href=\"https:\/\/cadenaser.com\/tag\/altea\/a\/\" target=\"_blank\" rel=\"noopener\">El martes no hubo servicio y este mi\u00e9rcoles se ha recuperado<\/a> tras la intervenci\u00f3n de urgencia del Ayuntamiento de la Villa Blanca. El motivo, la deuda contra\u00edda por la asociaci\u00f3n encargada de gestionar ese autob\u00fas con la empresa.<\/p>   <p>Ante la preocupaci\u00f3n manifestada por la comunidad educativa de ambos centros la concejal\u00eda de Educaci\u00f3n ha salido al paso con un comunicado en el que asegura estar haciendo todo lo posible por evitar que sus usuarios no vean interrumpido un servicio que, seg\u00fan la edil Xelo Gonz\u00e1lez, se ha visto comprometido por la situaci\u00f3n financiera de la asociaci\u00f3n que contrata el transporte.<\/p>  <p><p>M\u00e1s informaci\u00f3n<\/p><figure><img loading=\"lazy\" decoding=\"async\" src=\"https:\/\/cadenaser.com\/resizer\/v2\/73RR4BIJSFHJFGBVALM5CDDBPQ.jpg?auth=2f169f6d1cd9fb906bb3ac1997440f7812c2447bac175f2e3ed5b427e4329844&amp;quality=70&amp;width=360&amp;height=202&amp;smart=true\" width=\"820\" height=\"621\" \/><\/figure><ul><li><a href=\"https:\/\/cadenaser.com\/comunitat-valenciana\/2024\/10\/01\/sigue-el-corte-del-tram-entre-altea-y-teulada-se-amplia-durante-octubre-el-servicio-alternativo-de-bus-radio-benidorm\/\"><span>Sigue el corte del TRAM entre Altea y Teulada: se ampl\u00eda durante octubre el servicio alternativo de bus<\/span><\/a><\/li><\/ul><\/p>   <p>Gonz\u00e1lez explica que \u201crecientemente se ha evidenciado que la asociaci\u00f3n tiene una deuda pendiente con la empresa de autobuses que presta el servicio, acumulada desde el a\u00f1o 2022\u201d. Una deuda que se habr\u00eda generado \u201ca pesar de haber recibido anualmente del Ayuntamiento 15.000 euros para cubrir los costes de transporte\u201d.<\/p>   <p>La concejala tambi\u00e9n ha afirmado que la empresa \u201cadvirti\u00f3 el pasado junio a la asociaci\u00f3n que el servicio no iba a continuar por acumulaci\u00f3n de deuda\u201d y que fueron los responsables de esta \u00faltima los que \u201cno informaron a las madres y padres de los alumnos\u201d que, por lo tanto, \u201cdesconoc\u00edan esta situaci\u00f3n\u201d en el inicio del presente curso escolar.<\/p>   <p>Con el fin de resolver esta crisis el consistorio se ha comprometido con la Asociaci\u00f3n de Transporte Escolar para aumentar la subvenci\u00f3n para 2025 y que, de esta manera, el organismo pueda hacer frente a esa deuda adquirida hace ya m\u00e1s de dos a\u00f1os.<\/p>   <p>     .c-w{         max-width:444px;         width:100%;         margin:32px auto;      background:#00755E;         border-radius:4px;         display:flex;         align-items:center;         justify-content:center;     }     .c-w a{         display:flex;         align-items:center;         justify-content:center;         padding:4px 24px;     }     .c-w img{         width:24px;         margin-right:12px;     }     .c-w p{         font:18px\/25px Poppins;         text-align:center;         color:#fff;         margin:0;     }     @media (max-width:444px){         .c-w a{             padding:4px 12px;         }         .c-w img{             width:24px;             margin-right:8px;         }         .c-w p{             font:14px\/25px Poppins;         }     }     @media (max-width:335px){         .c-w p{             font:13px\/25px Poppins;         }     }  <div class=\"c-w\">     <a href=\"https:\/\/www.whatsapp.com\/channel\/0029Va633PF9WtC4l7XUzh1e\" target=\"_blank\" rel=\"noopener\">         <img decoding=\"async\" src=\"https:\/\/cadenaser.com\/estaticos\/recursosgraficos\/responsive\/img\/ico-whatsapp.svg\" alt=\"Whatsapp\">         <p>\u00danete al <b>canal de WhatsApp<\/b> de la SER<\/p>     <\/a> <\/div><\/p> ","protected":false},"excerpt":{"rendered":"<p>Afecta a El Blanquinal y Les Rotes<\/p>\n","protected":false},"author":0,"featured_media":8987,"comment_status":"open","ping_status":"open","sticky":false,"template":"","format":"standard","meta":{"_acf_changed":false,"footnotes":""},"categories":[1],"tags":[],"class_list":["post-8986","post","type-post","status-publish","format-standard","has-post-thumbnail","hentry","category-sin-categoria"],"acf":{"ser_id":"FUFIHHQOAVBKBP2N7GN5ABK3J4","ser_url":"https:\/\/cadenaser.com\/comunitat-valenciana\/2024\/10\/02\/crisis-en-el-transporte-escolar-a-dos-colegios-de-altea-radio-benidorm\/"},"_links":{"self":[{"href":"https:\/\/serbenidorm.daliisolutions.com\/index.php\/wp-json\/wp\/v2\/posts\/8986","targetHints":{"allow":["GET"]}}],"collection":[{"href":"https:\/\/serbenidorm.daliisolutions.com\/index.php\/wp-json\/wp\/v2\/posts"}],"about":[{"href":"https:\/\/serbenidorm.daliisolutions.com\/index.php\/wp-json\/wp\/v2\/types\/post"}],"replies":[{"embeddable":true,"href":"https:\/\/serbenidorm.daliisolutions.com\/index.php\/wp-json\/wp\/v2\/comments?post=8986"}],"version-history":[{"count":0,"href":"https:\/\/serbenidorm.daliisolutions.com\/index.php\/wp-json\/wp\/v2\/posts\/8986\/revisions"}],"wp:featuredmedia":[{"embeddable":true,"href":"https:\/\/serbenidorm.daliisolutions.com\/index.php\/wp-json\/wp\/v2\/media\/8987"}],"wp:attachment":[{"href":"https:\/\/serbenidorm.daliisolutions.com\/index.php\/wp-json\/wp\/v2\/media?parent=8986"}],"wp:term":[{"taxonomy":"category","embeddable":true,"href":"https:\/\/serbenidorm.daliisolutions.com\/index.php\/wp-json\/wp\/v2\/categories?post=8986"},{"taxonomy":"post_tag","embeddable":true,"href":"https:\/\/serbenidorm.daliisolutions.com\/index.php\/wp-json\/wp\/v2\/tags?post=8986"}],"curies":[{"name":"wp","href":"https:\/\/api.w.org\/{rel}","templated":true}]}}