{"id":8988,"date":"2024-10-02T19:48:28","date_gmt":"2024-10-02T17:48:28","guid":{"rendered":"https:\/\/serbenidorm.daliisolutions.com\/index.php\/2024\/10\/02\/vuelve-el-iberia-festival-a-benidorm-el-11-y-12-de-octubre-con-suzi-quatro-medina-azahara-o-baron-rojo\/"},"modified":"2024-10-02T19:48:28","modified_gmt":"2024-10-02T17:48:28","slug":"vuelve-el-iberia-festival-a-benidorm-el-11-y-12-de-octubre-con-suzi-quatro-medina-azahara-o-baron-rojo","status":"publish","type":"post","link":"https:\/\/serbenidorm.daliisolutions.com\/index.php\/2024\/10\/02\/vuelve-el-iberia-festival-a-benidorm-el-11-y-12-de-octubre-con-suzi-quatro-medina-azahara-o-baron-rojo\/","title":{"rendered":"Vuelve el Iberia Festival a Benidorm el 11 y 12 de octubre con Suzi Quatro, Medina Azahara o Bar\u00f3n Rojo"},"content":{"rendered":"  <p>Benidorm<\/p>   <p>El Iberia Festival celebrar\u00e1 su duod\u00e9cima edici\u00f3n en Benidorm en pleno puente de octubre. Bandas m\u00edticas del panorama rockero nacional e internacional se dar\u00e1n cita en el auditorio Julio Iglesias del Parque de L\u2019Aig\u00fcera el viernes 11 y el s\u00e1bado 12 de octubre con la veterana Suzi Quatro como cabeza de cartel.<\/p>   <p>Un festival \u201cpara toda la familia\u201d que ha crecido \u201ccomo su p\u00fablico\u201d, porque comenz\u00f3 con aficionados al rock espa\u00f1ol que acud\u00edan al festival con sus hijos peque\u00f1os y \u201cahora esos hijos han crecido y tambi\u00e9n vienen al festival por su cuenta\u201d como ha relatado en Hoy por Hoy Benidorm, Javier Ferr\u00e0ndiz, organizador del evento.<\/p>   <p>Un cartel que lidera la proclamada Reina del Rock Suzi Quatro pero que incluye bandas nacionales que son historia del rock espa\u00f1ol y que abarcan distintas \u00e9pocas. Medina Azahara, Tarque (Mclan), Los Zigarros, Bar\u00f3n Rojo, Miguel Costas, Lichis (La cabra mec\u00e1nica), Miguel Costas (Siniestro Total y Aerol\u00edneas Federales) son algunos de los nombres que pasar\u00e1n por el escenario del Iberia Festival durante los dos d\u00edas de conciertos.<\/p>   <p>Adem\u00e1s, tal y como ha destacado Ferr\u00e0ndiz, el <a href=\"https:\/\/cadenaser.com\/comunitat-valenciana\/2022\/10\/07\/el-iberia-festival-celebra-sus-diez-anos-con-loquillo-bonnie-tyler-o-m-clan-radio-benidorm\/\" target=\"_blank\" rel=\"noopener\">Iberia Festival<\/a> no solo traer\u00e1 lo mejor del panorama rock \u201csino que acercar\u00e1 un evento que pretender fomentar la econom\u00eda local atrayendo p\u00fablico de calidad, concienciar en el cuidado del medio ambiente a trav\u00e9s del fomento del reciclaje y trasladar un mensaje de igualdad apostando por la inclusi\u00f3n de g\u00e9nero dentro y fuera del escenario\u201d.<\/p> ","protected":false},"excerpt":{"rendered":"<p>El auditorio Julio Iglesias del parque de L&#8217;Aig\u00fcera acoger\u00e1 dos d\u00edas de conciertos con lo mejor del rock nacional e internacional<\/p>\n","protected":false},"author":0,"featured_media":8989,"comment_status":"open","ping_status":"open","sticky":false,"template":"","format":"standard","meta":{"_acf_changed":false,"footnotes":""},"categories":[1],"tags":[],"class_list":["post-8988","post","type-post","status-publish","format-standard","has-post-thumbnail","hentry","category-sin-categoria"],"acf":{"ser_id":"ARB5BZEXHNAUNBGXWD37YTVPIA","ser_url":"https:\/\/cadenaser.com\/comunitat-valenciana\/2024\/10\/02\/vuelve-el-iberia-festival-a-benidorm-el-11-y-12-de-octubre-con-suzi-quatro-medina-azahara-o-baron-rojo-radio-benidorm\/"},"_links":{"self":[{"href":"https:\/\/serbenidorm.daliisolutions.com\/index.php\/wp-json\/wp\/v2\/posts\/8988","targetHints":{"allow":["GET"]}}],"collection":[{"href":"https:\/\/serbenidorm.daliisolutions.com\/index.php\/wp-json\/wp\/v2\/posts"}],"about":[{"href":"https:\/\/serbenidorm.daliisolutions.com\/index.php\/wp-json\/wp\/v2\/types\/post"}],"replies":[{"embeddable":true,"href":"https:\/\/serbenidorm.daliisolutions.com\/index.php\/wp-json\/wp\/v2\/comments?post=8988"}],"version-history":[{"count":0,"href":"https:\/\/serbenidorm.daliisolutions.com\/index.php\/wp-json\/wp\/v2\/posts\/8988\/revisions"}],"wp:featuredmedia":[{"embeddable":true,"href":"https:\/\/serbenidorm.daliisolutions.com\/index.php\/wp-json\/wp\/v2\/media\/8989"}],"wp:attachment":[{"href":"https:\/\/serbenidorm.daliisolutions.com\/index.php\/wp-json\/wp\/v2\/media?parent=8988"}],"wp:term":[{"taxonomy":"category","embeddable":true,"href":"https:\/\/serbenidorm.daliisolutions.com\/index.php\/wp-json\/wp\/v2\/categories?post=8988"},{"taxonomy":"post_tag","embeddable":true,"href":"https:\/\/serbenidorm.daliisolutions.com\/index.php\/wp-json\/wp\/v2\/tags?post=8988"}],"curies":[{"name":"wp","href":"https:\/\/api.w.org\/{rel}","templated":true}]}}