{"id":8992,"date":"2024-10-02T19:48:35","date_gmt":"2024-10-02T17:48:35","guid":{"rendered":"https:\/\/serbenidorm.daliisolutions.com\/index.php\/2024\/10\/02\/alejandro-valverde-me-hace-especial-ilusion-correr-con-bugno-y-chiappucci-en-la-nucia\/"},"modified":"2024-10-02T19:48:35","modified_gmt":"2024-10-02T17:48:35","slug":"alejandro-valverde-me-hace-especial-ilusion-correr-con-bugno-y-chiappucci-en-la-nucia","status":"publish","type":"post","link":"https:\/\/serbenidorm.daliisolutions.com\/index.php\/2024\/10\/02\/alejandro-valverde-me-hace-especial-ilusion-correr-con-bugno-y-chiappucci-en-la-nucia\/","title":{"rendered":"Alejandro Valverde: \u201cMe hace especial ilusi\u00f3n correr con Bugno y Chiappucci en La Nuc\u00eda\u201d"},"content":{"rendered":"  <p>Benidorm<\/p>   <p>Los pr\u00f3ximos d\u00edas 26 y 27 de octubre La Nuc\u00eda reunir\u00e1 a los mejores ciclistas de ayer, de hoy y de siempre gracias a la celebraci\u00f3n de una doble cita que ser\u00e1, sobre todo, una gran fiesta para los aficionados y amantes del deporte del pedal.<\/p>   <p>Para confirmar esta afirmaci\u00f3n, basta con echar un vistazo a la n\u00f3mina de nombres ilustres que se citar\u00e1n en el municipio de la Marina Baixa para tomar parte en la primera edici\u00f3n del Crit\u00e9rium La Nuc\u00eda y que recupera una cita hist\u00f3rica que hasta el a\u00f1o 2014 ya organiz\u00f3, con enorme \u00e9xito, su actual impulsor, Javier Castellar.<\/p>   <p>Los corredores y excorredores que se reunir\u00e1n este mes de octubre en La Nuc\u00eda suponen ya de por s\u00ed una buena representaci\u00f3n de lo que podr\u00eda ser la Gotha del ciclismo de los a\u00f1os finales del siglo XX y estas ya dos d\u00e9cadas y media del XXI. Con Mathieu Van der Poel y Alejandro Valverde a la cabeza, Castellar ya ha confirmado que tambi\u00e9n estar\u00e1n presentes <a href=\"https:\/\/cadenaser.com\/comunitat-valenciana\/2022\/09\/06\/gianni-bugno-recuerdo-el-calor-de-benidorm-cuando-gane-el-mundial-radio-benidorm\/\">Gianni Bugno (ganador en 1992 del Mundial de Benidorm y \u2018padrino\u2019 de esta etapa de SER Deportivos Marina Baixa al ser el primer invitado de la misma el d\u00eda en el que se cumpli\u00f3 el 30\u00ba anversario de aquella victoria)<\/a>, Claudio Chiappucci, \u00d3scar Sevilla, Samuel S\u00e1nchez (campe\u00f3n ol\u00edmpico en Pek\u00edn) o Pablo Castrillo, una de las grandes revelaciones de la pasada Vuelta a Espa\u00f1a en la que el de Jaca, con s\u00f3lo 23 a\u00f1os, se impuso en dos etapas.<\/p>   <p>Preguntado al respecto en <a href=\"https:\/\/cadenaser.com\/radio-benidorm\/ser-deportivos-benidorm\/\">SER Deportivos Marina Baixa<\/a>, Javier Castellar avanz\u00f3, aunque sin querer desvelar nombres concretos, que en los pr\u00f3ximos d\u00edas todav\u00eda se producir\u00e1n nuevas sorpresas en forma de grandes nombres que se unir\u00e1n a esta ya espectacular lista de leyendas.<\/p>   <p><b>\u2018El Bala\u2019 se medir\u00e1 a las leyendas italianas<\/b><\/p>  <p><p>M\u00e1s informaci\u00f3n<\/p><figure><img loading=\"lazy\" decoding=\"async\" src=\"https:\/\/cadenaser.com\/resizer\/v2\/6EIEP6JUBNEAVFTLNXNEXX3MGU.jpeg?auth=4c77f6f0394ed250eb9048cb0a3cc5ba00b7837ff51a142575bea026a05cf138&amp;quality=70&amp;width=360&amp;height=202&amp;smart=true\" width=\"820\" height=\"621\" \/><\/figure><ul><li><a href=\"https:\/\/cadenaser.com\/comunitat-valenciana\/2022\/09\/06\/gianni-bugno-recuerdo-el-calor-de-benidorm-cuando-gane-el-mundial-radio-benidorm\/\"><span>Gianni Bugno: \u201cRecuerdo el calor de Benidorm cuando gan\u00e9 el Mundial\u201d<\/span><\/a><\/li><\/ul><\/p>   <p>El gran \u00eddolo del ciclismo espa\u00f1ol en los \u00faltimos a\u00f1os, Alejandro Valverde, reconoc\u00eda en SER Deportivos Marina Baixa que le hace especial ilusi\u00f3n enfrentarse en esta primera edici\u00f3n del Crit\u00e9rium La Nuc\u00eda con los italianos Gianni Bugno y Claudio Chiappucci ya que \u201chan sido mis \u00eddolos junto a Miguel Indur\u00e1in o Perico Delgado. Ellos fueron grandes rivales y cuando los ve\u00eda, disfrutaba de esos grandes duelos. Para m\u00ed va a ser un honor compartir con ellos\u201d esta competici\u00f3n.<\/p>   <p>     .c-w{         max-width:444px;         width:100%;         margin:32px auto;      background:#00755E;         border-radius:4px;         display:flex;         align-items:center;         justify-content:center;     }     .c-w a{         display:flex;         align-items:center;         justify-content:center;         padding:4px 24px;     }     .c-w img{         width:24px;         margin-right:12px;     }     .c-w p{         font:18px\/25px Poppins;         text-align:center;         color:#fff;         margin:0;     }     @media (max-width:444px){         .c-w a{             padding:4px 12px;         }         .c-w img{             width:24px;             margin-right:8px;         }         .c-w p{             font:14px\/25px Poppins;         }     }     @media (max-width:335px){         .c-w p{             font:13px\/25px Poppins;         }     }  <div class=\"c-w\">     <a href=\"https:\/\/www.whatsapp.com\/channel\/0029Va633PF9WtC4l7XUzh1e\" target=\"_blank\" rel=\"noopener\">         <img decoding=\"async\" src=\"https:\/\/cadenaser.com\/estaticos\/recursosgraficos\/responsive\/img\/ico-whatsapp.svg\" alt=\"Whatsapp\">         <p>\u00danete al <b>canal de WhatsApp<\/b> de la SER<\/p>     <\/a> <\/div><\/p>   <p>En el audio que acompa\u00f1a a esta cr\u00f3nica, adem\u00e1s, \u2018El Bala\u2019 habla del buen momento que atraviesa el ciclismo de la Marina Baixa al analizar las figuras de dos de los ciclistas locales m\u00e1s renombrados: <a href=\"https:\/\/cadenaser.com\/tag\/felipe_orts_lloret\/a\/\">Felipe Orts<\/a> y H\u00e9ctor \u00c1lvarez.<\/p>   <p>El primero de ellos <a href=\"https:\/\/cadenaser.com\/comunitat-valenciana\/2024\/10\/01\/felipe-orts-comienza-una-nueva-aventura-con-el-ridley-racing-team-radio-benidorm\/\">encabezar\u00e1, tras la renuncia de Valverde a un Campeonato del Mundo de gravel que no se adapta a sus condiciones, a la selecci\u00f3n espa\u00f1ola en esa cita<\/a> y de \u00e9l \u2018El Bala\u2019 valora que \u201cen su disciplina es el mejor a nivel espa\u00f1ol y uno de los mejores del mundo. He coincidido mucho con \u00e9l y es una maravilla\u201d.<\/p>  <p><p>M\u00e1s informaci\u00f3n<\/p><figure><img loading=\"lazy\" decoding=\"async\" src=\"https:\/\/cadenaser.com\/resizer\/v2\/IHGD7NGXLNHLLK5W54LNKKGA3M.jpg?auth=92ffe1f80b1bc2297a0ef62428975f63c13fc9229acf9f973046fe95f3bcc22d&amp;quality=70&amp;width=360&amp;height=202&amp;smart=true\" width=\"820\" height=\"621\" \/><\/figure><ul><li><a href=\"https:\/\/cadenaser.com\/comunitat-valenciana\/2024\/09\/26\/el-diluvio-de-zurich-acaba-con-el-sueno-arcoioris-de-hector-alvarez-radio-benidorm\/\"><span>El diluvio de Z\u00farich acaba con el sue\u00f1o arco\u00edoris de H\u00e9ctor \u00c1lvarez<\/span><\/a><\/li><\/ul><\/p>   <p>Del m\u00e1s joven de ellos, <a href=\"https:\/\/cadenaser.com\/tag\/hector_alvarez_martinez\/a\/\">H\u00e9ctor \u00c1lvarez<\/a>, el corredor murciano destaca \u201c<a href=\"https:\/\/cadenaser.com\/comunitat-valenciana\/2024\/09\/26\/el-diluvio-de-zurich-acaba-con-el-sueno-arcoioris-de-hector-alvarez-radio-benidorm\/\">el gran Mundial que ha hecho. Tuvo la mala suerte del desfallecimiento, pero ten\u00eda la medalla casi ganada<\/a>\u201d.<\/p>   <p><b>\u00daltimas plazas para el Gran Fondo<\/b><\/p>   <p>Adem\u00e1s, y s\u00f3lo un d\u00eda despu\u00e9s de la celebraci\u00f3n del Crit\u00e9rium La Nuc\u00eda, la localidad redondear\u00e1 el fin de semana con la celebraci\u00f3n del I Gran Fondo La Nuc\u00eda, una marcha cicloturista en la que El Bala ya ha confirmado su presencia y que ofrecer\u00e1 dos recorridos. El m\u00e1s exigente, consistir\u00e1 en una salida de 166 kil\u00f3metros con el paso por los altos de Tudons, Confrides, Guadalest, T\u00e1rbena o Sa Creueta para acumular hasta 3.556 metros de desnivel positivo.<\/p>   <p>Para aquellos a los que esta primera opci\u00f3n se les haga demasiado exigente, tambi\u00e9n se ha dispuesto un segundo trazado, de 76 kil\u00f3metros, que incluye el paso por Tudons, Confrides y Guadalest para totalizar 1.653 metros de desnivel positivo.<\/p>   <p>Javier Castellar, eso s\u00ed, ha avisado de que el ritmo de inscripciones est\u00e1 siendo muy alto y que ya se han superado las 1.200 plazas sobre las 2.000 previstas, por lo que anima a los amantes de las marchas cicloturistas a formalizar cuanto antes su inscripci\u00f3n.<\/p> ","protected":false},"excerpt":{"rendered":"<p>\u2018El Bala\u2019 ser\u00e1 una de las leyendas que formar\u00e1n en el I Crit\u00e9rium La Nuc\u00eda | Javier Castellar promete dar nuevas sorpresas<\/p>\n","protected":false},"author":0,"featured_media":8993,"comment_status":"open","ping_status":"open","sticky":false,"template":"","format":"standard","meta":{"_acf_changed":false,"footnotes":""},"categories":[16],"tags":[],"class_list":["post-8992","post","type-post","status-publish","format-standard","has-post-thumbnail","hentry","category-deportes"],"acf":{"ser_id":"PCI2W6DPPRADFPFJX5L5MUQU5Q","ser_url":"https:\/\/cadenaser.com\/comunitat-valenciana\/2024\/10\/02\/alejandro-valverde-me-hace-especial-ilusion-correr-con-bugno-y-chiappucci-en-la-nucia-radio-benidorm\/"},"_links":{"self":[{"href":"https:\/\/serbenidorm.daliisolutions.com\/index.php\/wp-json\/wp\/v2\/posts\/8992","targetHints":{"allow":["GET"]}}],"collection":[{"href":"https:\/\/serbenidorm.daliisolutions.com\/index.php\/wp-json\/wp\/v2\/posts"}],"about":[{"href":"https:\/\/serbenidorm.daliisolutions.com\/index.php\/wp-json\/wp\/v2\/types\/post"}],"replies":[{"embeddable":true,"href":"https:\/\/serbenidorm.daliisolutions.com\/index.php\/wp-json\/wp\/v2\/comments?post=8992"}],"version-history":[{"count":0,"href":"https:\/\/serbenidorm.daliisolutions.com\/index.php\/wp-json\/wp\/v2\/posts\/8992\/revisions"}],"wp:featuredmedia":[{"embeddable":true,"href":"https:\/\/serbenidorm.daliisolutions.com\/index.php\/wp-json\/wp\/v2\/media\/8993"}],"wp:attachment":[{"href":"https:\/\/serbenidorm.daliisolutions.com\/index.php\/wp-json\/wp\/v2\/media?parent=8992"}],"wp:term":[{"taxonomy":"category","embeddable":true,"href":"https:\/\/serbenidorm.daliisolutions.com\/index.php\/wp-json\/wp\/v2\/categories?post=8992"},{"taxonomy":"post_tag","embeddable":true,"href":"https:\/\/serbenidorm.daliisolutions.com\/index.php\/wp-json\/wp\/v2\/tags?post=8992"}],"curies":[{"name":"wp","href":"https:\/\/api.w.org\/{rel}","templated":true}]}}