{"id":8994,"date":"2024-10-02T19:48:35","date_gmt":"2024-10-02T17:48:35","guid":{"rendered":"https:\/\/serbenidorm.daliisolutions.com\/index.php\/2024\/10\/02\/el-balonmano-benidorm-iniciara-la-copa-del-rey-ante-agustinos\/"},"modified":"2024-10-02T19:48:35","modified_gmt":"2024-10-02T17:48:35","slug":"el-balonmano-benidorm-iniciara-la-copa-del-rey-ante-agustinos","status":"publish","type":"post","link":"https:\/\/serbenidorm.daliisolutions.com\/index.php\/2024\/10\/02\/el-balonmano-benidorm-iniciara-la-copa-del-rey-ante-agustinos\/","title":{"rendered":"El Balonmano Benidorm iniciar\u00e1 la Copa del Rey ante Agustinos"},"content":{"rendered":"  <p>Benidorm<\/p>   <p>Todav\u00eda con la resaca emocional del gran arranque de temporada que est\u00e1 completando el <a href=\"https:\/\/cadenaser.com\/tag\/club_balonmano_benidorm\/a\/\">Servigroup Balonmano Benidorm<\/a> y que ha permitido a los de Sergio Carballeira colocarse entre el grupo de seis equipos que comparten la segunda posici\u00f3n de la tabla (y con opciones de hacerse con el liderato el pr\u00f3ximo s\u00e1bado ante Anaitasuna), la escuadra del Palau d\u2019Esports sumar\u00e1 a finales de este mes de octubre un nuevo frente al iniciar su andadura en la Copa del Rey.<\/p>  <p><p>M\u00e1s informaci\u00f3n<\/p><figure><img loading=\"lazy\" decoding=\"async\" src=\"https:\/\/cadenaser.com\/resizer\/v2\/XSDTVQPZEFGGLCSHW3WWS5RNUM.jpeg?auth=b20e412075fa5da529c0be626c9b5b5c6d11f409b429de9f449a1777f2a3df78&amp;quality=70&amp;width=360&amp;height=202&amp;smart=true\" width=\"820\" height=\"621\" \/><\/figure><ul><li><a href=\"https:\/\/cadenaser.com\/comunitat-valenciana\/2024\/10\/02\/la-barra-libre-el-buen-papel-del-servigroup-benidorm-en-cuenca-permite-sonar-radio-benidorm\/\"><span>La barra libre: El buen papel del Servigroup Benidorm en Cuenca permite so\u00f1ar<\/span><\/a><\/li><\/ul><\/p>   <p>En el sorteo de emparejamientos correspondiente a la primera ronda de la competici\u00f3n del KO celebrado hoy en la sede de la Real Federaci\u00f3n Espa\u00f1ola de Balonmano, el Servigroup Benidorm ha quedado enfrentado a la Fundaci\u00f3n Agustinos de Alicante en lo que ser\u00e1 un primer apasionante duelo provincial en esa Copa del Rey.<\/p>   <p>La eliminatoria, que <a href=\"https:\/\/cadenaser.com\/comunitat-valenciana\/2024\/10\/02\/alejandro-valverde-me-hace-especial-ilusion-correr-con-bugno-y-chiappucci-en-la-nucia-radio-benidorm\/\">se disputar\u00e1 el d\u00eda 30 de octubre<\/a>, se celebrar\u00e1 a partido \u00fanico en la cancha del equipo de menor categor\u00eda, en este caso, la Fundaci\u00f3n Agustinos.<\/p> ","protected":false},"excerpt":{"rendered":"<p>La eliminatoria se disputar\u00e1 a partido \u00fanico en la cancha del conjunto alicantino<\/p>\n","protected":false},"author":0,"featured_media":8995,"comment_status":"open","ping_status":"open","sticky":false,"template":"","format":"standard","meta":{"_acf_changed":false,"footnotes":""},"categories":[16],"tags":[],"class_list":["post-8994","post","type-post","status-publish","format-standard","has-post-thumbnail","hentry","category-deportes"],"acf":{"ser_id":"O4XKBZK4GRCHZEQIFZCQOFUIBY","ser_url":"https:\/\/cadenaser.com\/comunitat-valenciana\/2024\/10\/02\/el-balonmano-benidorm-iniciara-la-copa-del-rey-ante-agustinos-radio-benidorm\/"},"_links":{"self":[{"href":"https:\/\/serbenidorm.daliisolutions.com\/index.php\/wp-json\/wp\/v2\/posts\/8994","targetHints":{"allow":["GET"]}}],"collection":[{"href":"https:\/\/serbenidorm.daliisolutions.com\/index.php\/wp-json\/wp\/v2\/posts"}],"about":[{"href":"https:\/\/serbenidorm.daliisolutions.com\/index.php\/wp-json\/wp\/v2\/types\/post"}],"replies":[{"embeddable":true,"href":"https:\/\/serbenidorm.daliisolutions.com\/index.php\/wp-json\/wp\/v2\/comments?post=8994"}],"version-history":[{"count":0,"href":"https:\/\/serbenidorm.daliisolutions.com\/index.php\/wp-json\/wp\/v2\/posts\/8994\/revisions"}],"wp:featuredmedia":[{"embeddable":true,"href":"https:\/\/serbenidorm.daliisolutions.com\/index.php\/wp-json\/wp\/v2\/media\/8995"}],"wp:attachment":[{"href":"https:\/\/serbenidorm.daliisolutions.com\/index.php\/wp-json\/wp\/v2\/media?parent=8994"}],"wp:term":[{"taxonomy":"category","embeddable":true,"href":"https:\/\/serbenidorm.daliisolutions.com\/index.php\/wp-json\/wp\/v2\/categories?post=8994"},{"taxonomy":"post_tag","embeddable":true,"href":"https:\/\/serbenidorm.daliisolutions.com\/index.php\/wp-json\/wp\/v2\/tags?post=8994"}],"curies":[{"name":"wp","href":"https:\/\/api.w.org\/{rel}","templated":true}]}}