{"id":9,"date":"2023-11-29T15:21:00","date_gmt":"2023-11-29T14:21:00","guid":{"rendered":"https:\/\/serbenidorm.daliisolutions.com\/index.php\/2023\/11\/29\/educacion-asegura-que-las-obras-del-ies-pere-maria-orts-i-bosch-de-benidorm-empezaran-en-2024\/"},"modified":"2023-11-29T15:21:00","modified_gmt":"2023-11-29T14:21:00","slug":"educacion-asegura-que-las-obras-del-ies-pere-maria-orts-i-bosch-de-benidorm-empezaran-en-2024","status":"publish","type":"post","link":"https:\/\/serbenidorm.daliisolutions.com\/index.php\/2023\/11\/29\/educacion-asegura-que-las-obras-del-ies-pere-maria-orts-i-bosch-de-benidorm-empezaran-en-2024\/","title":{"rendered":"Educaci\u00f3n asegura que las obras del IES Pere Mar\u00eda Orts i Bosch de Benidorm empezar\u00e1n en 2024"},"content":{"rendered":" Benidorm  M\u00e1s de una d\u00e9cada despu\u00e9s de que se iniciara el inacabable culebr\u00f3n de las obras de mejora el <a href=\"https:\/\/cadenaser.com\/tag\/benidorm\/a\/\">Instituto de Ense\u00f1anza Secundaria (IES) Pere Mar\u00eda Orts i Bosch de Benidorm<\/a> el conseller de Educaci\u00f3n, Jos\u00e9 Antonio Rovira, ha anunciado este mi\u00e9rcoles la inminente licitaci\u00f3n de esos trabajos que comenzar\u00edan a lo largo de 2024.  El responsable del \u00e1rea de Educaci\u00f3n en el Consell ha estado en la capital tur\u00edstica este mi\u00e9rcoles con motivo de la celebraci\u00f3n de las Jornadas de Formaci\u00f3n de la Inspecci\u00f3n General de Educaci\u00f3n. Visita que ha aprovechado para recorrer las instalaciones del centro y comprometerse a desbloquear la construcci\u00f3n del nuevo instituto tras a\u00f1os de par\u00e1lisis.  \u201cTras a\u00f1os de abandono vamos a licitar pronto el proyecto de la ampliaci\u00f3n del nuevo IES Pere Mar\u00eda Orts\u201d, ha asegurado Rovira, que ha reconocido que \u201cla situaci\u00f3n del centro es bastante deplorable\u201d.   En cuanto a ese proceso, el conceller ha dicho que \u201cest\u00e1 todo preparado\u201d y ha cargado contra el anterior Consell al subrayar que \u201cnosotros s\u00f3lo llevamos cuatro meses y lo \u00fanico que podemos hacer es agilizar al m\u00e1ximo este proyecto, pero el que lleve a\u00f1os de retraso no es achacable a este equipo de gobierno\u201d.  \u00abLo antes posible\u00bb  El conseller ha subrayado que \u201cEspero que la licitaci\u00f3n se produzca a finales de este a\u00f1o o principios del pr\u00f3ximo para que se saque a concurso y las obras puedan comenzar antes de finales del 2024\u201d  Por su parte, el alcalde de la ciudad, Toni P\u00e9rez, ha asegurado que \u201chay muchas ganas de poner fin a ocho a\u00f1os de promesas incumplidas con distintos plazos siempre con casu\u00edsticas nunca explicadas\u201d y ha aprovechado tambi\u00e9n para recordar que \u201c<a href=\"https:\/\/cadenaser.com\/comunitat-valenciana\/2023\/02\/08\/benidorm-y-generalitat-siguen-sin-ponerse-de-acuerdo-en-como-acabar-las-obras-del-ies-pere-maria-orts-i-bosch-radio-benidorm\/\" target=\"_blank\" rel=\"noopener\">tras ocho a\u00f1os remitiendo escritos al conseller Marz\u00e1 pidiendo una cita en Val\u00e8ncia para abordar el problema, no hemos necesitado ni cuatro meses para que venga el conseller Rovira a la ciudad. Para m\u00ed, eso es lo m\u00e1s significativo<\/a>\u201d.  El primer edil benidormense considera que \u201ces manifiesta la situaci\u00f3n de deterioro de ese instituto\u201d y tras declararse \u201csiempre cauteloso con los plazos administrativos\u201d ha considerado que \u201csi en el primer trimestre de 2024 esta es una obra que est\u00e1 en proceso de licitaci\u00f3n, ser\u00e1 una gran noticia para la ciudad de Benidorm\u201d.  <p><p class=\"tit\"><span>Hora 14 Benidorm (29\/11\/2023)<\/span><\/p> <p class=\"emb\"><\/p><\/p>  Personal sanitario para los centros educativos  Rovira tambi\u00e9n ha hablado sobre los planes que desde la Generalitat Valenciana se quieren implementar con el fin de que los centros educativos dispongan de personal sanitario dedicados en exclusiva al \u00e1mbito de la educaci\u00f3n.  As\u00ed, el conseller ha avanzado que \u201cvamos a hacerlo en base a los centros de salud. El proyecto que hemos trabajado con Sanidad se basa en que los centros que rodean cada centro de salud tengan una persona que act\u00fae como referente y que, por un lado, haga labor sanitaria y, por otro, de prevenci\u00f3n\u201d.  <p>M\u00e1s informaci\u00f3n<\/p><figure><img decoding=\"async\" src=\"https:\/\/cadenaser.com\/resizer\/clYsZV_vAFP9BzB-UvOx3WdhvjY=\/650x366\/filters:quality(70)\/cloudfront-eu-central-1.images.arcpublishing.com\/prisaradio\/QFVNUOB5HNFEBJU5XGHZP4LAMI.jpeg\" loading=\"lazy\" width=\"828\" height=\"621\" \/><\/figure><ul><li><a href=\"https:\/\/cadenaser.com\/comunitat-valenciana\/2023\/11\/21\/sanitat-destinara-cerca-de-300-enfermeras-escolares-en-centros-educativos-el-proximo-curso-2024-2025-radio-valencia\/\">Sanitat destinar\u00e1 cerca de 300 enfermeras escolares en centros educativos el pr\u00f3ximo curso 2024-2025<\/a><\/li><\/ul>  En ese mismo sentido, ha detallado que ese profesional \u201cser\u00e1 una persona dedicada en exclusiva a la actividad escolar\u201d evitando de esta manera que, \u201ccomo sucede ahora, cuando un colegio tiene un problema tiene que llamar al centro de salud como cualquier usuario\u201d.  Rovira tambi\u00e9n ha desvelado que \u201cestamos trabajando en el Plan de Salud Mental\u201d. En ese sentido, ha avanzado que \u201cel lunes tenemos una jornada sobre acoso escolar a la que va a asistir el comisionado que hemos nombrado para coordinar este plan. Se trata de un psiquiatra porque entendemos que es necesario involucrar a las consellerias de Sanidad y Servicios Sociales en este plan\u201d.  Y todo, porque \u201chasta ahora estos temas se trataban con recursos de la propia conselleria, pero el problema est\u00e1 siendo m\u00e1s grave en los \u00faltimos a\u00f1os, especialmente tras la pandemia, y pensamos que es mejor una actuaci\u00f3n conjunta de las tres consellerias\u201d. ","protected":false},"excerpt":{"rendered":"<p>Tras m\u00e1s de una d\u00e9cada con los alumnos en barracones y una sucesi\u00f3n de promesas pol\u00edticas de anteriores gobiernos<\/p>\n","protected":false},"author":0,"featured_media":10,"comment_status":"open","ping_status":"open","sticky":false,"template":"","format":"standard","meta":{"_acf_changed":false,"footnotes":""},"categories":[1],"tags":[],"class_list":["post-9","post","type-post","status-publish","format-standard","has-post-thumbnail","hentry","category-sin-categoria"],"acf":{"ser_id":"UIACCFTTDVC7ZMFJIAX3R3UIDI","ser_url":""},"_links":{"self":[{"href":"https:\/\/serbenidorm.daliisolutions.com\/index.php\/wp-json\/wp\/v2\/posts\/9","targetHints":{"allow":["GET"]}}],"collection":[{"href":"https:\/\/serbenidorm.daliisolutions.com\/index.php\/wp-json\/wp\/v2\/posts"}],"about":[{"href":"https:\/\/serbenidorm.daliisolutions.com\/index.php\/wp-json\/wp\/v2\/types\/post"}],"replies":[{"embeddable":true,"href":"https:\/\/serbenidorm.daliisolutions.com\/index.php\/wp-json\/wp\/v2\/comments?post=9"}],"version-history":[{"count":0,"href":"https:\/\/serbenidorm.daliisolutions.com\/index.php\/wp-json\/wp\/v2\/posts\/9\/revisions"}],"wp:featuredmedia":[{"embeddable":true,"href":"https:\/\/serbenidorm.daliisolutions.com\/index.php\/wp-json\/wp\/v2\/media\/10"}],"wp:attachment":[{"href":"https:\/\/serbenidorm.daliisolutions.com\/index.php\/wp-json\/wp\/v2\/media?parent=9"}],"wp:term":[{"taxonomy":"category","embeddable":true,"href":"https:\/\/serbenidorm.daliisolutions.com\/index.php\/wp-json\/wp\/v2\/categories?post=9"},{"taxonomy":"post_tag","embeddable":true,"href":"https:\/\/serbenidorm.daliisolutions.com\/index.php\/wp-json\/wp\/v2\/tags?post=9"}],"curies":[{"name":"wp","href":"https:\/\/api.w.org\/{rel}","templated":true}]}}