{"id":9005,"date":"2024-10-03T10:29:16","date_gmt":"2024-10-03T08:29:16","guid":{"rendered":"https:\/\/serbenidorm.daliisolutions.com\/index.php\/2024\/10\/03\/los-hoteles-de-benidorm-superan-con-nota-la-cuesta-de-septiembre\/"},"modified":"2024-10-03T10:29:16","modified_gmt":"2024-10-03T08:29:16","slug":"los-hoteles-de-benidorm-superan-con-nota-la-cuesta-de-septiembre","status":"publish","type":"post","link":"https:\/\/serbenidorm.daliisolutions.com\/index.php\/2024\/10\/03\/los-hoteles-de-benidorm-superan-con-nota-la-cuesta-de-septiembre\/","title":{"rendered":"Los hoteles de Benidorm superan con nota la cuesta de septiembre"},"content":{"rendered":"  <p>Benidorm<\/p>   <p>Los turistas internacionales ya fueron un 64,6 % del total de personas que se alojaron en los hoteles de Benidorm durante  septiembre. Seg\u00fan los \u00faltimos datos de la patronal Hosbec el impulso del mercado brit\u00e1nico result\u00f3 clave para que sus alojamientos hayan superado con nota el \u00faltimo mes consiguiendo un 90,3 % de ocupaci\u00f3n media.<\/p>   <p><a href=\"https:\/\/cadenaser.com\/tag\/benidorm\/a\/\" target=\"_blank\" rel=\"noopener\">Un resultado que supone un incremento del 1,2 % respecto a septiembre de 2023 <\/a>y en el que, por nacionalidades, el ranking es liderado claramente por los ingleses, m\u00e1s de un 46 %, seguido de espa\u00f1oles (36 %), portugueses (6,1 %) y belgas, irlandeses o neerlandeses (2,8 %).<\/p>   <p>Blance final de la temporada de verano<\/p>   <p>La temporada de verano (julio-septiembre) se ha cerrado con cifras destacadas de ocupaci\u00f3n hotelera en los principales destinos tur\u00edsticos de la Comunitat Valenciana. Destinos como Calpe y Altea y\u00a0la provincia de Valencia rompen la barrera del 90%, mientras Benidorm acaricia dicho dato con un 89,5%\u00a0mostrando, en palabras de la secretaria general de Hosbec, Maite Garc\u00eda, \u00abuna recuperaci\u00f3n tur\u00edstica consolidada\u00bb. <\/p>  <p><p>M\u00e1s informaci\u00f3n<\/p><figure><img loading=\"lazy\" decoding=\"async\" src=\"https:\/\/cadenaser.com\/resizer\/v2\/RE22BVU67VCLNA336K4JONUGNI.jpg?auth=ab5670d6fbc8859f40e9472ea4ccfa2ded4b3e78c2650fe57c31344af40784b6&amp;quality=70&amp;width=360&amp;height=202&amp;smart=true\" width=\"820\" height=\"621\" \/><\/figure><ul><li><a href=\"https:\/\/cadenaser.com\/comunitat-valenciana\/2024\/10\/02\/el-paro-sube-en-benidorm-y-la-marina-baixa-tras-el-verano-radio-benidorm\/\"><span>El paro sube en Benidorm y la Marina Baixa tras el verano<\/span><\/a><\/li><\/ul><\/p>   <p>La Costa Blanca (excluyendo Benidorm) y Val\u00e8ncia ciudad registran cifras similares, con un 86,7 % y 87,6 %, respectivamente. Por \u00faltimo, la Provincia de Castell\u00f3n ha alcanzado un 81% \u00abconsolid\u00e1ndose como un destino en crecimiento, especialmente entre el turismo nacional\u00bb.<\/p>   <p>En definitiva, el cierre de la segunda quincena de septiembre \u00abpone fin a una temporada estival dorada para el sector  hotelero de la Comunitat Valenciana\u00bb, ha asegurado la patronal, que recuerda tambi\u00e9n los \u00faltimos datos publicados por el Instituto Nacional de Estad\u00edstica: 1,1 millones de viajeros con los que se superan la barrera de los 4 millones de pernoctaciones hoteleras, cifras con las que se mejoran los datos del a\u00f1o pasado.<\/p>   <p>     .c-w{         max-width:444px;         width:100%;         margin:32px auto;      background:#00755E;         border-radius:4px;         display:flex;         align-items:center;         justify-content:center;     }     .c-w a{         display:flex;         align-items:center;         justify-content:center;         padding:4px 24px;     }     .c-w img{         width:24px;         margin-right:12px;     }     .c-w p{         font:18px\/25px Poppins;         text-align:center;         color:#fff;         margin:0;     }     @media (max-width:444px){         .c-w a{             padding:4px 12px;         }         .c-w img{             width:24px;             margin-right:8px;         }         .c-w p{             font:14px\/25px Poppins;         }     }     @media (max-width:335px){         .c-w p{             font:13px\/25px Poppins;         }     }  <div class=\"c-w\">     <a href=\"https:\/\/www.whatsapp.com\/channel\/0029Va633PF9WtC4l7XUzh1e\" target=\"_blank\" rel=\"noopener\">         <img decoding=\"async\" src=\"https:\/\/cadenaser.com\/estaticos\/recursosgraficos\/responsive\/img\/ico-whatsapp.svg\" alt=\"Whatsapp\">         <p>\u00danete al <b>canal de WhatsApp<\/b> de la SER<\/p>     <\/a> <\/div><\/p> ","protected":false},"excerpt":{"rendered":"<p>La capital de la Costa Blanca cierra la temporada de verano rozando la barrera del 90 % que superan la provincia de Valencia, Calpe y Altea<\/p>\n","protected":false},"author":0,"featured_media":9006,"comment_status":"open","ping_status":"open","sticky":false,"template":"","format":"standard","meta":{"_acf_changed":false,"footnotes":""},"categories":[1],"tags":[],"class_list":["post-9005","post","type-post","status-publish","format-standard","has-post-thumbnail","hentry","category-sin-categoria"],"acf":{"ser_id":"SUTPNI5PNNAAVMTACGAPOW6H2Y","ser_url":"https:\/\/cadenaser.com\/comunitat-valenciana\/2024\/10\/03\/los-hoteles-de-benidorm-superan-con-nota-la-cuesta-de-septiembre-radio-benidorm\/"},"_links":{"self":[{"href":"https:\/\/serbenidorm.daliisolutions.com\/index.php\/wp-json\/wp\/v2\/posts\/9005","targetHints":{"allow":["GET"]}}],"collection":[{"href":"https:\/\/serbenidorm.daliisolutions.com\/index.php\/wp-json\/wp\/v2\/posts"}],"about":[{"href":"https:\/\/serbenidorm.daliisolutions.com\/index.php\/wp-json\/wp\/v2\/types\/post"}],"replies":[{"embeddable":true,"href":"https:\/\/serbenidorm.daliisolutions.com\/index.php\/wp-json\/wp\/v2\/comments?post=9005"}],"version-history":[{"count":0,"href":"https:\/\/serbenidorm.daliisolutions.com\/index.php\/wp-json\/wp\/v2\/posts\/9005\/revisions"}],"wp:featuredmedia":[{"embeddable":true,"href":"https:\/\/serbenidorm.daliisolutions.com\/index.php\/wp-json\/wp\/v2\/media\/9006"}],"wp:attachment":[{"href":"https:\/\/serbenidorm.daliisolutions.com\/index.php\/wp-json\/wp\/v2\/media?parent=9005"}],"wp:term":[{"taxonomy":"category","embeddable":true,"href":"https:\/\/serbenidorm.daliisolutions.com\/index.php\/wp-json\/wp\/v2\/categories?post=9005"},{"taxonomy":"post_tag","embeddable":true,"href":"https:\/\/serbenidorm.daliisolutions.com\/index.php\/wp-json\/wp\/v2\/tags?post=9005"}],"curies":[{"name":"wp","href":"https:\/\/api.w.org\/{rel}","templated":true}]}}